{"id":27464,"date":"2015-09-17T12:52:23","date_gmt":"2015-09-17T11:52:23","guid":{"rendered":"\/parlonsen\/?p=27464"},"modified":"2015-09-18T17:02:31","modified_gmt":"2015-09-18T16:02:31","slug":"le-referencement-naturel-a-montauban-82-2","status":"publish","type":"post","link":"https:\/\/www.o-p-i.fr\/parlonsen\/localisation\/a-cote-de-chez-nous\/le-referencement-naturel-a-montauban-82-2\/","title":{"rendered":"Le r\u00e9f\u00e9rencement naturel &#8230;  \u00e0 Montauban (82)"},"content":{"rendered":"<p>Atelier le <strong>Lundi 21 Septembre 2015<\/strong>, de 9h \u00e0 11h30 \u00e0 la CCI de Montauban. <span style=\"color: #ff0000;\">ATTENTION ! CET ATELIER EST REPORTE. IL AURA LIEU AU COURS DU 4\u00b0 TRIMESTRE, DATES NON ENCORE PR\u00c9CIS\u00c9ES.<\/span><!--more--><\/p>\n<figure id=\"attachment_21132\" aria-describedby=\"caption-attachment-21132\" style=\"width: 227px\" class=\"wp-caption alignright\"><a href=\"https:\/\/i0.wp.com\/www.o-p-i.fr\/parlonsen\/wp-content\/uploads\/cci-logo.jpg?ssl=1\"><img data-recalc-dims=\"1\" loading=\"lazy\" decoding=\"async\" class=\"size-full wp-image-21132\" src=\"https:\/\/i0.wp.com\/www.o-p-i.fr\/parlonsen\/wp-content\/uploads\/cci-logo.jpg?resize=227%2C175&#038;ssl=1\" alt=\"CCI Montauban et T&amp;G\" width=\"227\" height=\"175\" \/><\/a><figcaption id=\"caption-attachment-21132\" class=\"wp-caption-text\">CCI Montauban et Tarn &amp; Garonne<\/figcaption><\/figure>\n<p>Venez d\u00e9couvrir les techniques d&rsquo;optimisation de votre site internet afin de d\u00e9finir une v\u00e9ritable strat\u00e9gie de contenu, en coh\u00e9rence avec vos objectifs de visibilit\u00e9.<\/p>\n<p>Un des crit\u00e8res du r\u00e9f\u00e9rencement naturel, selon Google, c&rsquo;est le contenu du site web.<\/p>\n<p>Le r\u00e9dacteur web devient un vrai m\u00e9tier.<br \/>\nQue faire pour r\u00e9pondre \u00e0 ce crit\u00e8re ?<br \/>\nComment bien \u00e9crire ?<\/p>\n<p>Atelier anim\u00e9 par Aur\u00e9lie COSTES, Agence QUATRYS<\/p>\n<p><a href=\"http:\/\/dynamicnet.dpmail.fr\/tk\/f8m-7HHT-iN9.php\">Inscription en ligne ici !<\/a><\/p>\n<p><strong>Pour y aller \u2026<\/strong><br \/>\n<a href=\"https:\/\/www.google.fr\/maps\/place\/22+All%C3%A9e+Mortarieu,+82000+Montauban\/data=%214m2%213m1%211s0x12ac0de31c2ad2b1:0xd00798d9c38ed49c?sa=X&amp;ved=0CCAQ8gEwAGoVChMInqaSn4PbxwIVy8AUCh0HEwl1\">22 all\u00e9es Mortarieu <\/a><br \/>\n<a href=\"https:\/\/www.google.fr\/maps\/place\/22+All%C3%A9e+Mortarieu,+82000+Montauban\/data=%214m2%213m1%211s0x12ac0de31c2ad2b1:0xd00798d9c38ed49c?sa=X&amp;ved=0CCAQ8gEwAGoVChMInqaSn4PbxwIVy8AUCh0HEwl1\">82000\u00a0 Montauban.<\/a><\/p>\n<p><strong>Contact :<\/strong> CCI de Montauban<br \/>\nT\u00e9l. : 05 63 22 26 08 (Christine Lepetit-Kyriakos)<br \/>\nSite : <a href=\"http:\/\/www.montauban.cci.fr\">www.montauban.cci.fr<\/a><\/p>\n<p><em>Communiqu\u00e9 de la CCI<\/em><\/p>\n","protected":false},"excerpt":{"rendered":"<div class=\"mh-excerpt\">Atelier le Lundi 21 Septembre 2015, de 9h \u00e0 11h30 \u00e0 la CCI de Montauban. ATTENTION ! CET ATELIER EST REPORTE. IL AURA LIEU AU COURS DU 4\u00b0 TRIMESTRE, DATES NON ENCORE PR\u00c9CIS\u00c9ES.<\/div>\n","protected":false},"author":2,"featured_media":0,"comment_status":"open","ping_status":"open","sticky":false,"template":"","format":"standard","meta":{"om_disable_all_campaigns":false,"advanced_seo_description":"","jetpack_seo_html_title":"","jetpack_seo_noindex":false,"_jetpack_memberships_contains_paid_content":false,"footnotes":"","_links_to":"","_links_to_target":""},"categories":[42,1276,2275,725],"tags":[330,1557,1663,2152,99,180,300],"class_list":{"0":"post-27464","1":"post","2":"type-post","3":"status-publish","4":"format-standard","6":"category-a-cote-de-chez-nous","7":"category-economie-parlons-en","8":"category-n-114-septembre-2015","9":"category-formation-parlons-en","10":"tag-rencontre","11":"tag-referencement-internet","12":"tag-cci-montauban","13":"tag-referencement-naturel","14":"tag-montauban","15":"tag-atelier","16":"tag-internet"},"jetpack_featured_media_url":"","views":{"total":0,"cached_at":"","cached_date":1738473869},"jetpack_likes_enabled":true,"jetpack_sharing_enabled":true,"jetpack_shortlink":"https:\/\/wp.me\/pg7Wxj-78Y","jetpack-related-posts":[],"_links":{"self":[{"href":"https:\/\/www.o-p-i.fr\/parlonsen\/wp-json\/wp\/v2\/posts\/27464","targetHints":{"allow":["GET"]}}],"collection":[{"href":"https:\/\/www.o-p-i.fr\/parlonsen\/wp-json\/wp\/v2\/posts"}],"about":[{"href":"https:\/\/www.o-p-i.fr\/parlonsen\/wp-json\/wp\/v2\/types\/post"}],"author":[{"embeddable":true,"href":"https:\/\/www.o-p-i.fr\/parlonsen\/wp-json\/wp\/v2\/users\/2"}],"replies":[{"embeddable":true,"href":"https:\/\/www.o-p-i.fr\/parlonsen\/wp-json\/wp\/v2\/comments?post=27464"}],"version-history":[{"count":0,"href":"https:\/\/www.o-p-i.fr\/parlonsen\/wp-json\/wp\/v2\/posts\/27464\/revisions"}],"wp:attachment":[{"href":"https:\/\/www.o-p-i.fr\/parlonsen\/wp-json\/wp\/v2\/media?parent=27464"}],"wp:term":[{"taxonomy":"category","embeddable":true,"href":"https:\/\/www.o-p-i.fr\/parlonsen\/wp-json\/wp\/v2\/categories?post=27464"},{"taxonomy":"post_tag","embeddable":true,"href":"https:\/\/www.o-p-i.fr\/parlonsen\/wp-json\/wp\/v2\/tags?post=27464"}],"curies":[{"name":"wp","href":"https:\/\/api.w.org\/{rel}","templated":true}]}}