{"id":27554,"date":"2015-09-24T06:43:21","date_gmt":"2015-09-24T05:43:21","guid":{"rendered":"\/parlonsen\/?p=27554"},"modified":"2015-09-22T15:38:39","modified_gmt":"2015-09-22T14:38:39","slug":"reprise-des-cours-de-yoga-a-monclar-de-quercy-82","status":"publish","type":"post","link":"https:\/\/www.o-p-i.fr\/parlonsen\/localisation\/au-pays-des-tescous\/monclar\/reprise-des-cours-de-yoga-a-monclar-de-quercy-82\/","title":{"rendered":"Reprise des cours de Yoga &#8230; \u00e0 Monclar de Quercy (82)"},"content":{"rendered":"<p>Les cours anim\u00e9s par Patricia Belda reprendront la semaine du <strong>Lundi 28 Septembre 2015<\/strong>. Durant l&rsquo;ann\u00e9e, plusieurs stages sont pr\u00e9vus \u00e0 Bruniquel, d\u00e9couvrez le programme !<!--more--><\/p>\n<figure id=\"attachment_27555\" aria-describedby=\"caption-attachment-27555\" style=\"width: 300px\" class=\"wp-caption alignright\"><a href=\"https:\/\/i0.wp.com\/www.o-p-i.fr\/parlonsen\/wp-content\/uploads\/yogaitinerairebis-2015.jpg?ssl=1\"><img data-recalc-dims=\"1\" loading=\"lazy\" decoding=\"async\" class=\"size-medium wp-image-27555\" src=\"https:\/\/i0.wp.com\/www.o-p-i.fr\/parlonsen\/wp-content\/uploads\/yogaitinerairebis-2015.jpg?resize=300%2C225&#038;ssl=1\" alt=\"Yoga avec Patricia Belda - Rentr\u00e9e 2015\" width=\"300\" height=\"225\" srcset=\"https:\/\/i0.wp.com\/www.o-p-i.fr\/parlonsen\/wp-content\/uploads\/yogaitinerairebis-2015.jpg?resize=300%2C225&amp;ssl=1 300w, https:\/\/i0.wp.com\/www.o-p-i.fr\/parlonsen\/wp-content\/uploads\/yogaitinerairebis-2015.jpg?resize=150%2C113&amp;ssl=1 150w, https:\/\/i0.wp.com\/www.o-p-i.fr\/parlonsen\/wp-content\/uploads\/yogaitinerairebis-2015.jpg?resize=400%2C300&amp;ssl=1 400w, https:\/\/i0.wp.com\/www.o-p-i.fr\/parlonsen\/wp-content\/uploads\/yogaitinerairebis-2015.jpg?w=1000&amp;ssl=1 1000w\" sizes=\"auto, (max-width: 300px) 100vw, 300px\" \/><\/a><figcaption id=\"caption-attachment-27555\" class=\"wp-caption-text\">Yoga avec Patricia Belda &#8211; Rentr\u00e9e 2015<\/figcaption><\/figure>\n<p><strong>Reprise des cours :<\/strong><br \/>\nLundi 28 Septembre : Fronton et Orgueil<br \/>\nMardi 29 Septembre : Bruniquel<br \/>\nMercredi 30 Septembre : N\u00e8grepelisse<br \/>\nJeudi 1er Octobre : Monclar de Quercy<\/p>\n<p><strong>Stages\u00a0 \u00ab\u00a0Des fondamentaux vers la souplesse et le calme int\u00e9rieur \u00a0\u00bb : <\/strong>S\u00e9rie de trois stages progressifs, d\u2019une journ\u00e9e chacun,\u00a0 pour d\u00e9couvrir, pratiquer et exp\u00e9rimenter le Yoga.\u00a0<strong><br \/>\n<\/strong><em>\u00e0 Bruniquel, salle des G\u00eetes, 10h-17h30\u00a0 . Explications et Pratiques.\u00a0 Ouverts \u00e0 tous. Aussi bien pour\u00a0 n\u00e9ophytes que\u00a0 pour \u00ab\u00a0yoggis\u00a0\u00bb plus exp\u00e9riment\u00e9s.<\/em><\/p>\n<ul>\n<li>\u00a0<strong>Samedi 17 octobre 2015 : <\/strong><strong>\u00a0\u00bb <em>D\u00e9couvrir<\/em>\u00a0 \u00a0\u00bb <\/strong><em>Initiation aux fondamentaux du yoga<\/em><\/li>\n<li><strong>Mercredi 11 novembre 201<\/strong>5 :<strong> \u00a0\u00bb <\/strong><strong><em>Approfondir<\/em> \u00ab\u00a0:\u00a0<\/strong> <em>Approfondissement postural et introduction aux techniques du souffle (pranayama) et concentration<\/em><em>.<\/em><\/li>\n<li><strong>Dimanche 13 d\u00e9cembre 2015 :<\/strong>\u00a0 <strong>\u00a0\u00bb <\/strong><strong><em>La Pratique<\/em>\u00a0 \u00ab\u00a0<\/strong> <em>Installer une pratique\u00a0 (postures et alignements, souffle, m\u00e9ditation, relaxation profonde), englobe et approfondit les pratiques pr\u00e9c\u00e9dentes <\/em><\/li>\n<\/ul>\n<p>Une approche \u00e9volutive depuis les fondamentaux\u00a0 (respiration, postures, l\u2019 attention et l\u2019 intention ) \u2026 jusqu\u2019au seuil de la m\u00e9ditation .<\/p>\n<p>Sur trois journ\u00e9es, une occasion de bien rentrer en contact avec cette tradition mill\u00e9naire de l\u2019Inde, si g\u00e9n\u00e9reuse, d\u2019en ressentir l\u2019action et la transformation qu\u2019 op\u00e8re sa pratique chez\u00a0 ses adeptes.<\/p>\n<p>Ces stages peuvent \u00eatre un compl\u00e9ment pr\u00e9cieux aux Cours hebdomadaires d\u2019 ici ou d\u2019ailleurs, mais aussi une bonne alternative pour tout aspirant au yoga qui ne peut cependant pas suivre de cours r\u00e9guliers.<\/p>\n<p>La participation aux trois stages est recommand\u00e9e et b\u00e9n\u00e9ficie d\u2019une remise, mais non obligatoire.<\/p>\n<p><strong>Tarifs :<br \/>\n<\/strong>Stage : 45 \u20ac\u00a0 la journ\u00e9e \/ 115 \u20ac les trois.<br \/>\nCours :\u00a0 <a href=\"https:\/\/www.o-p-i.fr\/aupays\/annuaire\/loisirs\/yoga-en-quercy-vert\/\">Voir ici<\/a><\/p>\n<p>Repas tir\u00e9 du sac, venir avec son tapis de sol.<\/p>\n<p><strong>Contact\u00a0 :<\/strong> <a href=\"https:\/\/www.o-p-i.fr\/aupays\/annuaire\/loisirs\/yoga-en-quercy-vert\/\" rel=\"bookmark\">Yoga en Quercy Vert<\/a><\/p>\n<div class=\"entry-thumbnails\"><a href=\"https:\/\/www.o-p-i.fr\/aupays\/annuaire\/loisirs\/yoga-en-quercy-vert\/\"><img decoding=\"async\" title=\"Yoga en Quercy Vert\" src=\"https:\/\/www.o-p-i.fr\/aupays\/wp-content\/themes\/arras-theme\/library\/timthumb.php?src=https:\/\/www.o-p-i.fr\/aupays\/wp-content\/uploads\/logo_yogaquercyvert.jpg&amp;w=190&amp;h=100&amp;zc=1\" alt=\"Yoga en Quercy Vert\" \/><\/a><span class=\"entry-meta\"><abbr class=\"published\" title=\"2015-08-27T07:41:54+00:00\">&#8230;<\/abbr><\/span><\/div>\n<div class=\"entry-thumbnails\"><\/div>\n<div class=\"entry-thumbnails\"><em>Communiqu\u00e9 de Patricia Belda<\/em><\/div>\n<h3 class=\"entry-title\"><\/h3>\n","protected":false},"excerpt":{"rendered":"<div class=\"mh-excerpt\">Les cours anim\u00e9s par Patricia Belda reprendront la semaine du Lundi 28 Septembre 2015. Durant l&rsquo;ann\u00e9e, plusieurs stages sont pr\u00e9vus \u00e0 Bruniquel, d\u00e9couvrez le programme !<\/div>\n","protected":false},"author":2,"featured_media":0,"comment_status":"open","ping_status":"open","sticky":false,"template":"","format":"standard","meta":{"om_disable_all_campaigns":false,"advanced_seo_description":"","jetpack_seo_html_title":"","jetpack_seo_noindex":false,"_jetpack_memberships_contains_paid_content":false,"footnotes":"","_links_to":"","_links_to_target":""},"categories":[42,2275,16,54,648,53,2276],"tags":[2541,171,179,195,309],"class_list":{"0":"post-27554","1":"post","2":"type-post","3":"status-publish","4":"format-standard","6":"category-a-cote-de-chez-nous","7":"category-n-114-septembre-2015","8":"category-monclar","9":"category-loisirs","10":"category-cest-la-rentree","11":"category-sports","12":"category-n-115-octobre-2015","13":"tag-monclar","14":"tag-bruniquel","15":"tag-cours","16":"tag-stage","17":"tag-yoga"},"jetpack_featured_media_url":"","views":{"total":0,"cached_at":"","cached_date":1738466750},"jetpack_likes_enabled":true,"jetpack_sharing_enabled":true,"jetpack_shortlink":"https:\/\/wp.me\/pg7Wxj-7aq","jetpack-related-posts":[],"_links":{"self":[{"href":"https:\/\/www.o-p-i.fr\/parlonsen\/wp-json\/wp\/v2\/posts\/27554","targetHints":{"allow":["GET"]}}],"collection":[{"href":"https:\/\/www.o-p-i.fr\/parlonsen\/wp-json\/wp\/v2\/posts"}],"about":[{"href":"https:\/\/www.o-p-i.fr\/parlonsen\/wp-json\/wp\/v2\/types\/post"}],"author":[{"embeddable":true,"href":"https:\/\/www.o-p-i.fr\/parlonsen\/wp-json\/wp\/v2\/users\/2"}],"replies":[{"embeddable":true,"href":"https:\/\/www.o-p-i.fr\/parlonsen\/wp-json\/wp\/v2\/comments?post=27554"}],"version-history":[{"count":0,"href":"https:\/\/www.o-p-i.fr\/parlonsen\/wp-json\/wp\/v2\/posts\/27554\/revisions"}],"wp:attachment":[{"href":"https:\/\/www.o-p-i.fr\/parlonsen\/wp-json\/wp\/v2\/media?parent=27554"}],"wp:term":[{"taxonomy":"category","embeddable":true,"href":"https:\/\/www.o-p-i.fr\/parlonsen\/wp-json\/wp\/v2\/categories?post=27554"},{"taxonomy":"post_tag","embeddable":true,"href":"https:\/\/www.o-p-i.fr\/parlonsen\/wp-json\/wp\/v2\/tags?post=27554"}],"curies":[{"name":"wp","href":"https:\/\/api.w.org\/{rel}","templated":true}]}}