{"id":27562,"date":"2015-09-28T07:22:38","date_gmt":"2015-09-28T06:22:38","guid":{"rendered":"\/parlonsen\/?p=27562"},"modified":"2015-09-22T17:58:25","modified_gmt":"2015-09-22T16:58:25","slug":"nouveau-spectacle-des-amis-de-la-chanson-a-lisle-sur-tarn-81","status":"publish","type":"post","link":"https:\/\/www.o-p-i.fr\/parlonsen\/parlons-en\/culture\/nouveau-spectacle-des-amis-de-la-chanson-a-lisle-sur-tarn-81\/","title":{"rendered":"Nouveau spectacle des Amis de la Chanson &#8230; \u00e0 Lisle sur Tarn (81)"},"content":{"rendered":"<p>Les Amis de la Chanson pr\u00e9sentent leur tout nouveau spectacle le <strong>Dimanche 11 Octobre 2015<\/strong> \u00e0 14h30 \u00e0 la salle Pierre Salvet.<!--more--><\/p>\n<figure id=\"attachment_27564\" aria-describedby=\"caption-attachment-27564\" style=\"width: 216px\" class=\"wp-caption alignright\"><a href=\"https:\/\/www.o-p-i.fr\/parlonsen\/wp-content\/uploads\/LesAmisdelaChanson2015.pdf\"><img data-recalc-dims=\"1\" loading=\"lazy\" decoding=\"async\" class=\"size-medium wp-image-27564\" src=\"https:\/\/i0.wp.com\/www.o-p-i.fr\/parlonsen\/wp-content\/uploads\/lesamisdelachanson2015.jpg?resize=216%2C300&#038;ssl=1\" alt=\"Les amis de la chanson 2015 - Lisle sur Tarn (81)\" width=\"216\" height=\"300\" srcset=\"https:\/\/i0.wp.com\/www.o-p-i.fr\/parlonsen\/wp-content\/uploads\/lesamisdelachanson2015.jpg?resize=216%2C300&amp;ssl=1 216w, https:\/\/i0.wp.com\/www.o-p-i.fr\/parlonsen\/wp-content\/uploads\/lesamisdelachanson2015.jpg?resize=108%2C150&amp;ssl=1 108w, https:\/\/i0.wp.com\/www.o-p-i.fr\/parlonsen\/wp-content\/uploads\/lesamisdelachanson2015.jpg?resize=400%2C555&amp;ssl=1 400w, https:\/\/i0.wp.com\/www.o-p-i.fr\/parlonsen\/wp-content\/uploads\/lesamisdelachanson2015.jpg?w=500&amp;ssl=1 500w\" sizes=\"auto, (max-width: 216px) 100vw, 216px\" \/><\/a><figcaption id=\"caption-attachment-27564\" class=\"wp-caption-text\">Les amis de la chanson 2015 &#8211; Lisle sur Tarn (81)<\/figcaption><\/figure>\n<p>Avec\u00a0 2h30 de chansons fran\u00e7aises, un bouquet de couleurs et de danses.<\/p>\n<p><a href=\"https:\/\/www.o-p-i.fr\/parlonsen\/wp-content\/uploads\/LesAmisdelaChanson2015.pdf\"> D\u00e9couvrez le programme complet en cliquant ici !<\/a><\/p>\n<p>Les Amis de la Chanson offrent, pour ce spectacle, par tirage au sort d&rsquo;un ticket d&rsquo;entr\u00e9e un voyage au Puy du Fou pour deux personnes (valeur 760 euros).<\/p>\n<p>Plus d&rsquo;h\u00e9sitations, faites d\u00e8s aujourd&rsquo;hui une pr\u00e9-r\u00e9servation !<\/p>\n<p><strong>Tarifs :<\/strong><br \/>\nEntr\u00e9e : 10 euros<\/p>\n<p><strong>Contact : <\/strong>Les Amis de la Chanson<br \/>\n94 Rue des Rives<br \/>\n81310 LISLE sur TARN<br \/>\nT\u00e9l. : 06 04 48 96 70 (Marie Brillant)<br \/>\nSite : <a href=\"http:\/\/amischantons81.com\/\">amischanton81.com<\/a><\/p>\n<p><em>Communiqu\u00e9 de Marie BRILLANT<\/em><\/p>\n","protected":false},"excerpt":{"rendered":"<div class=\"mh-excerpt\">Les Amis de la Chanson pr\u00e9sentent leur tout nouveau spectacle le Dimanche 11 Octobre 2015 \u00e0 14h30 \u00e0 la salle Pierre Salvet.<\/div>\n","protected":false},"author":2,"featured_media":0,"comment_status":"open","ping_status":"open","sticky":false,"template":"","format":"standard","meta":{"om_disable_all_campaigns":false,"advanced_seo_description":"","jetpack_seo_html_title":"","jetpack_seo_noindex":false,"_jetpack_memberships_contains_paid_content":false,"footnotes":"","_links_to":"","_links_to_target":""},"categories":[42,1,54,2276],"tags":[43,77,1795,2312],"class_list":{"0":"post-27562","1":"post","2":"type-post","3":"status-publish","4":"format-standard","6":"category-a-cote-de-chez-nous","7":"category-culture","8":"category-loisirs","9":"category-n-115-octobre-2015","10":"tag-concert","11":"tag-lisle-sur-tarn","12":"tag-chanson-francaise","13":"tag-les-amis-de-la-chanson-de-lisle-sur-tarn"},"jetpack_featured_media_url":"","views":{"total":0,"cached_at":"","cached_date":1738515046},"jetpack_likes_enabled":true,"jetpack_sharing_enabled":true,"jetpack_shortlink":"https:\/\/wp.me\/pg7Wxj-7ay","jetpack-related-posts":[],"_links":{"self":[{"href":"https:\/\/www.o-p-i.fr\/parlonsen\/wp-json\/wp\/v2\/posts\/27562","targetHints":{"allow":["GET"]}}],"collection":[{"href":"https:\/\/www.o-p-i.fr\/parlonsen\/wp-json\/wp\/v2\/posts"}],"about":[{"href":"https:\/\/www.o-p-i.fr\/parlonsen\/wp-json\/wp\/v2\/types\/post"}],"author":[{"embeddable":true,"href":"https:\/\/www.o-p-i.fr\/parlonsen\/wp-json\/wp\/v2\/users\/2"}],"replies":[{"embeddable":true,"href":"https:\/\/www.o-p-i.fr\/parlonsen\/wp-json\/wp\/v2\/comments?post=27562"}],"version-history":[{"count":0,"href":"https:\/\/www.o-p-i.fr\/parlonsen\/wp-json\/wp\/v2\/posts\/27562\/revisions"}],"wp:attachment":[{"href":"https:\/\/www.o-p-i.fr\/parlonsen\/wp-json\/wp\/v2\/media?parent=27562"}],"wp:term":[{"taxonomy":"category","embeddable":true,"href":"https:\/\/www.o-p-i.fr\/parlonsen\/wp-json\/wp\/v2\/categories?post=27562"},{"taxonomy":"post_tag","embeddable":true,"href":"https:\/\/www.o-p-i.fr\/parlonsen\/wp-json\/wp\/v2\/tags?post=27562"}],"curies":[{"name":"wp","href":"https:\/\/api.w.org\/{rel}","templated":true}]}}