{"id":2757,"date":"2010-03-11T17:40:30","date_gmt":"2010-03-11T15:40:30","guid":{"rendered":"\/parlonsen\/?p=2757"},"modified":"2010-03-19T22:56:25","modified_gmt":"2010-03-19T20:56:25","slug":"fete-du-printemps-a-montgaillard","status":"publish","type":"post","link":"https:\/\/www.o-p-i.fr\/parlonsen\/localisation\/au-pays-des-tescous\/beauvais-sur-tescou\/fete-du-printemps-a-montgaillard\/","title":{"rendered":"F\u00eate du Printemps \u00e0 Montgaillard"},"content":{"rendered":"<p>Pour c\u00e9l\u00e9brer l\u2019arriv\u00e9e du printemps, les majorettes \u00ab\u00a0<a href=\"https:\/\/www.o-p-i.fr\/aupays\/annuaire\/loisirs\/les-emeraudes-du-pays-salvagnacois\/\">Les \u00c9meraudes du Pays Salvagnacois<\/a> \u00bb organisent une soir\u00e9e le <span style=\"color: #ff00ff;\"><strong>samedi 20 mars 2010 <\/strong><\/span><!--more--> \u00e0 20h30, salle des f\u00eates de Montgaillard, avec la participation de\u00a0:<\/p>\n<p>&#8211; Club de judo de Beauvais sur Tescou<br \/>\n&#8211; Taekwondo de Beauvais sur Tescou<br \/>\n&#8211; <a title=\"En savoir +\" href=\"https:\/\/www.o-p-i.fr\/aupays\/annuaire\/bien-etre\/association-danse-sport-et-culture-de-montdurausse\/\">Association danse de Montdurausse<\/a> et <a href=\"https:\/\/www.o-p-i.fr\/aupays\/annuaire\/loisirs\/association-sanke-danse\/\">Danse Africaine<\/a><br \/>\n&#8211; Danse de Tauriac<\/p>\n<p>Chaque groupe pr\u00e9sentera une d\u00e9monstration de son activit\u00e9.<\/p>\n<p>Tombola, vente de cr\u00eapes, g\u00e2teaux et boissons.<\/p>\n<p>Entr\u00e9e gratuite, venez nombreux.<\/p>\n<p style=\"text-align: justify;\"><span style=\"color: #ff00ff;\"><strong>Votre Contact :<\/strong><br \/>\nLes \u00c9meraudes du Pays Salvagnacois<br \/>\nT\u00e9l. : 06 07 84 96 24 et\/ou 06 33 17 73 10<br \/>\nCourriel : <a href=\"mailto:lesemeraudes81@free.fr\">lesemeraudes81@free.fr<\/a><\/span><\/p>\n<p style=\"text-align: justify;\"><span style=\"color: #ff00ff;\"><em><span style=\"color: #000000;\">Communiqu\u00e9 des Emeraudes du Pays Salvagnacois<\/span><\/em><\/span><\/p>\n<p><span style=\"color: #ff00ff;\"><a href=\"https:\/\/www.o-p-i.fr\/parlonsen\/agenda\/\"><strong>Retrouvez tous les \u00e9v\u00e8nements dans l&rsquo;agenda !<\/strong><\/a><\/span><\/p>\n","protected":false},"excerpt":{"rendered":"<div class=\"mh-excerpt\">Pour c\u00e9l\u00e9brer l\u2019arriv\u00e9e du printemps, les majorettes \u00ab\u00a0Les \u00c9meraudes du Pays Salvagnacois \u00bb organisent une soir\u00e9e le samedi 20 mars 2010<\/div>\n","protected":false},"author":8,"featured_media":0,"comment_status":"open","ping_status":"open","sticky":false,"template":"","format":"standard","meta":{"om_disable_all_campaigns":false,"advanced_seo_description":"","jetpack_seo_html_title":"","jetpack_seo_noindex":false,"_jetpack_memberships_contains_paid_content":false,"footnotes":"","_links_to":"","_links_to_target":""},"categories":[28,396,31,32,356],"tags":[84,121,224,330,395,397,398],"class_list":{"0":"post-2757","1":"post","2":"type-post","3":"status-publish","4":"format-standard","6":"category-beauvais-sur-tescou","7":"category-cest-le-printemps","8":"category-montgaillard","9":"category-montdurausse","10":"category-n-47-mars-2010","11":"tag-danse","12":"tag-association","13":"tag-majorette","14":"tag-rencontre","15":"tag-printemps","16":"tag-judo","17":"tag-taekwondo"},"jetpack_featured_media_url":"","views":{"total":0,"cached_at":"","cached_date":1738516034},"jetpack_likes_enabled":true,"jetpack_sharing_enabled":true,"jetpack_shortlink":"https:\/\/wp.me\/pg7Wxj-It","jetpack-related-posts":[],"_links":{"self":[{"href":"https:\/\/www.o-p-i.fr\/parlonsen\/wp-json\/wp\/v2\/posts\/2757","targetHints":{"allow":["GET"]}}],"collection":[{"href":"https:\/\/www.o-p-i.fr\/parlonsen\/wp-json\/wp\/v2\/posts"}],"about":[{"href":"https:\/\/www.o-p-i.fr\/parlonsen\/wp-json\/wp\/v2\/types\/post"}],"author":[{"embeddable":true,"href":"https:\/\/www.o-p-i.fr\/parlonsen\/wp-json\/wp\/v2\/users\/8"}],"replies":[{"embeddable":true,"href":"https:\/\/www.o-p-i.fr\/parlonsen\/wp-json\/wp\/v2\/comments?post=2757"}],"version-history":[{"count":0,"href":"https:\/\/www.o-p-i.fr\/parlonsen\/wp-json\/wp\/v2\/posts\/2757\/revisions"}],"wp:attachment":[{"href":"https:\/\/www.o-p-i.fr\/parlonsen\/wp-json\/wp\/v2\/media?parent=2757"}],"wp:term":[{"taxonomy":"category","embeddable":true,"href":"https:\/\/www.o-p-i.fr\/parlonsen\/wp-json\/wp\/v2\/categories?post=2757"},{"taxonomy":"post_tag","embeddable":true,"href":"https:\/\/www.o-p-i.fr\/parlonsen\/wp-json\/wp\/v2\/tags?post=2757"}],"curies":[{"name":"wp","href":"https:\/\/api.w.org\/{rel}","templated":true}]}}