{"id":27611,"date":"2015-09-28T16:03:27","date_gmt":"2015-09-28T15:03:27","guid":{"rendered":"\/parlonsen\/?p=27611"},"modified":"2015-09-28T16:03:27","modified_gmt":"2015-09-28T15:03:27","slug":"stage-de-comedies-musicales-a-rabastens-81-3","status":"publish","type":"post","link":"https:\/\/www.o-p-i.fr\/parlonsen\/localisation\/a-cote-de-chez-nous\/stage-de-comedies-musicales-a-rabastens-81-3\/","title":{"rendered":"Stage de Com\u00e9dies Musicales &#8230; \u00e0 Rabastens (81)"},"content":{"rendered":"<p>Stage de Com\u00e9dies Musicales le <strong>Dimanche 11 Octobre 2015<\/strong> de 9 h \u00e0 17 h.<!--more--><\/p>\n<figure id=\"attachment_27612\" aria-describedby=\"caption-attachment-27612\" style=\"width: 300px\" class=\"wp-caption alignright\"><a href=\"https:\/\/i0.wp.com\/www.o-p-i.fr\/parlonsen\/wp-content\/uploads\/sasasquithshow_comediesmusicales.jpg?ssl=1\"><img data-recalc-dims=\"1\" loading=\"lazy\" decoding=\"async\" class=\"size-medium wp-image-27612\" src=\"https:\/\/i0.wp.com\/www.o-p-i.fr\/parlonsen\/wp-content\/uploads\/sasasquithshow_comediesmusicales.jpg?resize=300%2C216&#038;ssl=1\" alt=\"Asquith Show - Stage de Com\u00e9dies Musicales \u00e0 Rabastens (81)\" width=\"300\" height=\"216\" srcset=\"https:\/\/i0.wp.com\/www.o-p-i.fr\/parlonsen\/wp-content\/uploads\/sasasquithshow_comediesmusicales.jpg?resize=300%2C216&amp;ssl=1 300w, https:\/\/i0.wp.com\/www.o-p-i.fr\/parlonsen\/wp-content\/uploads\/sasasquithshow_comediesmusicales.jpg?resize=150%2C108&amp;ssl=1 150w, https:\/\/i0.wp.com\/www.o-p-i.fr\/parlonsen\/wp-content\/uploads\/sasasquithshow_comediesmusicales.jpg?resize=400%2C288&amp;ssl=1 400w, https:\/\/i0.wp.com\/www.o-p-i.fr\/parlonsen\/wp-content\/uploads\/sasasquithshow_comediesmusicales.jpg?w=808&amp;ssl=1 808w\" sizes=\"auto, (max-width: 300px) 100vw, 300px\" \/><\/a><figcaption id=\"caption-attachment-27612\" class=\"wp-caption-text\">Asquith Show &#8211; Stage de Com\u00e9dies Musicales \u00e0 Rabastens (81)<\/figcaption><\/figure>\n<p><strong>Th\u00e8me : le mouvement dans la com\u00e9die musicale<\/strong><\/p>\n<p>Ce stage s&rsquo;adresse \u00e0 tous, il n&rsquo;est pas n\u00e9cessaire d&rsquo;\u00eatre un grand danseur, mais d&rsquo;avoir envie de bouger en rythme, d&rsquo;apprendre \u00e0 chanter et \u00e0 respirer tout en \u00e9tant \u00e0 fond dans une chor\u00e9graphie ou une mise en sc\u00e8ne.<\/p>\n<p><strong>Pour y aller &#8230;<\/strong><br \/>\n<a href=\"https:\/\/www.google.com\/maps\/place\/Les+Faures,+81800+Rabastens,+France\/data=!4m2!3m1!1s0x12ac2895920c8023:0xd3b048fa27ded533?sa=X&amp;ved=0CBwQ8gEwAGoVChMIiqmt2_-ZyAIVRjYaCh1beA7_\">les Asquiths, les Faures<\/a><br \/>\n<a href=\"https:\/\/www.google.com\/maps\/place\/Les+Faures,+81800+Rabastens,+France\/data=!4m2!3m1!1s0x12ac2895920c8023:0xd3b048fa27ded533?sa=X&amp;ved=0CBwQ8gEwAGoVChMIiqmt2_-ZyAIVRjYaCh1beA7_\"> Route de Grazac<\/a><br \/>\n<a href=\"https:\/\/www.google.com\/maps\/place\/Les+Faures,+81800+Rabastens,+France\/data=!4m2!3m1!1s0x12ac2895920c8023:0xd3b048fa27ded533?sa=X&amp;ved=0CBwQ8gEwAGoVChMIiqmt2_-ZyAIVRjYaCh1beA7_\"> 81800 Rabastens<\/a><\/p>\n<p><strong><br \/>\nTarif : <\/strong><br \/>\n40 euros<\/p>\n<p><strong>Contact : <\/strong><a href=\"https:\/\/www.o-p-i.fr\/aupays\/annuaire\/loisirs\/comedies-musicales\/\" rel=\"bookmark\">SAS Asquith Show Cie<\/a><\/p>\n<div class=\"entry-thumbnails\"><a href=\"https:\/\/www.o-p-i.fr\/aupays\/annuaire\/loisirs\/comedies-musicales\/\"><img decoding=\"async\" title=\"SAS Asquith Show Cie\" src=\"https:\/\/www.o-p-i.fr\/aupays\/wp-content\/themes\/arras-theme\/library\/timthumb.php?src=https:\/\/www.o-p-i.fr\/aupays\/wp-content\/uploads\/logo_asquithshowcie.jpg&amp;w=190&amp;h=100&amp;zc=1\" alt=\"SAS Asquith Show Cie\" \/><\/a><span class=\"entry-meta\"><abbr class=\"published\" title=\"2015-09-14T09:10:14+00:00\">&#8230;<\/abbr><\/span><\/div>\n<p><em>Communiqu\u00e9 de Maryk Choley<\/em><\/p>\n","protected":false},"excerpt":{"rendered":"<div class=\"mh-excerpt\">Stage de Com\u00e9dies Musicales le Dimanche 11 Octobre 2015 de 9 h \u00e0 17 h.<\/div>\n","protected":false},"author":2,"featured_media":0,"comment_status":"open","ping_status":"open","sticky":false,"template":"","format":"standard","meta":{"om_disable_all_campaigns":false,"advanced_seo_description":"","jetpack_seo_html_title":"","jetpack_seo_noindex":false,"_jetpack_memberships_contains_paid_content":false,"footnotes":"","_links_to":"","_links_to_target":""},"categories":[42,725,54,2276],"tags":[72,195,1756],"class_list":{"0":"post-27611","1":"post","2":"type-post","3":"status-publish","4":"format-standard","6":"category-a-cote-de-chez-nous","7":"category-formation-parlons-en","8":"category-loisirs","9":"category-n-115-octobre-2015","10":"tag-rabastens","11":"tag-stage","12":"tag-comedies-musicales"},"jetpack_featured_media_url":"","views":{"total":0,"cached_at":"","cached_date":1738270314},"jetpack_likes_enabled":true,"jetpack_sharing_enabled":true,"jetpack_shortlink":"https:\/\/wp.me\/pg7Wxj-7bl","jetpack-related-posts":[],"_links":{"self":[{"href":"https:\/\/www.o-p-i.fr\/parlonsen\/wp-json\/wp\/v2\/posts\/27611","targetHints":{"allow":["GET"]}}],"collection":[{"href":"https:\/\/www.o-p-i.fr\/parlonsen\/wp-json\/wp\/v2\/posts"}],"about":[{"href":"https:\/\/www.o-p-i.fr\/parlonsen\/wp-json\/wp\/v2\/types\/post"}],"author":[{"embeddable":true,"href":"https:\/\/www.o-p-i.fr\/parlonsen\/wp-json\/wp\/v2\/users\/2"}],"replies":[{"embeddable":true,"href":"https:\/\/www.o-p-i.fr\/parlonsen\/wp-json\/wp\/v2\/comments?post=27611"}],"version-history":[{"count":0,"href":"https:\/\/www.o-p-i.fr\/parlonsen\/wp-json\/wp\/v2\/posts\/27611\/revisions"}],"wp:attachment":[{"href":"https:\/\/www.o-p-i.fr\/parlonsen\/wp-json\/wp\/v2\/media?parent=27611"}],"wp:term":[{"taxonomy":"category","embeddable":true,"href":"https:\/\/www.o-p-i.fr\/parlonsen\/wp-json\/wp\/v2\/categories?post=27611"},{"taxonomy":"post_tag","embeddable":true,"href":"https:\/\/www.o-p-i.fr\/parlonsen\/wp-json\/wp\/v2\/tags?post=27611"}],"curies":[{"name":"wp","href":"https:\/\/api.w.org\/{rel}","templated":true}]}}