{"id":27624,"date":"2015-09-29T07:30:31","date_gmt":"2015-09-29T06:30:31","guid":{"rendered":"\/parlonsen\/?p=27624"},"modified":"2015-09-28T21:36:11","modified_gmt":"2015-09-28T20:36:11","slug":"the-dansant-a-genebrieres-82","status":"publish","type":"post","link":"https:\/\/www.o-p-i.fr\/parlonsen\/localisation\/au-pays-des-tescous\/genebrieres\/the-dansant-a-genebrieres-82\/","title":{"rendered":"Th\u00e9 dansant &#8230; \u00e0 Genebri\u00e8res (82)"},"content":{"rendered":"<p>Les A\u00een\u00e9s de Genebri\u00e8res organisent un th\u00e9 dansant le <strong>Dimanche 4 Octobre 2015<\/strong> \u00e0 partir de 14h30, \u00e0 la salle des f\u00eates.<!--more--><\/p>\n<figure id=\"attachment_27625\" aria-describedby=\"caption-attachment-27625\" style=\"width: 150px\" class=\"wp-caption alignright\"><a href=\"https:\/\/i0.wp.com\/www.o-p-i.fr\/parlonsen\/wp-content\/uploads\/thedansantgenebrieres.jpg?ssl=1\"><img data-recalc-dims=\"1\" loading=\"lazy\" decoding=\"async\" class=\"size-thumbnail wp-image-27625\" src=\"https:\/\/i0.wp.com\/www.o-p-i.fr\/parlonsen\/wp-content\/uploads\/thedansantgenebrieres.jpg?resize=150%2C150&#038;ssl=1\" alt=\"Th\u00e9 Dansant - Genebri\u00e8res (82)\" width=\"150\" height=\"150\" srcset=\"https:\/\/i0.wp.com\/www.o-p-i.fr\/parlonsen\/wp-content\/uploads\/thedansantgenebrieres.jpg?resize=150%2C150&amp;ssl=1 150w, https:\/\/i0.wp.com\/www.o-p-i.fr\/parlonsen\/wp-content\/uploads\/thedansantgenebrieres.jpg?zoom=2&amp;resize=150%2C150&amp;ssl=1 300w, https:\/\/i0.wp.com\/www.o-p-i.fr\/parlonsen\/wp-content\/uploads\/thedansantgenebrieres.jpg?zoom=3&amp;resize=150%2C150&amp;ssl=1 450w\" sizes=\"auto, (max-width: 150px) 100vw, 150px\" \/><\/a><figcaption id=\"caption-attachment-27625\" class=\"wp-caption-text\">Th\u00e9 Dansant &#8211; Genebri\u00e8res (82)<\/figcaption><\/figure>\n<p>Pour leur premier th\u00e9 dansant de la saison, l&rsquo;animation sera assur\u00e9e par Michel BONNEFOUS.<\/p>\n<p><strong>Contact :<\/strong>Les A\u00een\u00e9s de Genebri\u00e8res<br \/>\nT\u00e9l. : 05 63 30 40 66 ou 05 63 30 30 48<\/p>\n<p><em>Communiqu\u00e9 par Robert Linas<\/em><\/p>\n","protected":false},"excerpt":{"rendered":"<div class=\"mh-excerpt\">Les A\u00een\u00e9s de Genebri\u00e8res organisent un th\u00e9 dansant le Dimanche 4 Octobre 2015 \u00e0 partir de 14h30, \u00e0 la salle des f\u00eates.<\/div>\n","protected":false},"author":2,"featured_media":0,"comment_status":"open","ping_status":"open","sticky":false,"template":"","format":"standard","meta":{"om_disable_all_campaigns":false,"advanced_seo_description":"","jetpack_seo_html_title":"","jetpack_seo_noindex":false,"_jetpack_memberships_contains_paid_content":false,"footnotes":"","_links_to":"","_links_to_target":""},"categories":[29,54,2276],"tags":[80,82,2552],"class_list":{"0":"post-27624","1":"post","2":"type-post","3":"status-publish","4":"format-standard","6":"category-genebrieres","7":"category-loisirs","8":"category-n-115-octobre-2015","9":"tag-the-dansant","10":"tag-aines","11":"tag-genebrieres"},"jetpack_featured_media_url":"","views":{"total":2,"cached_at":"","cached_date":1738525000},"jetpack_likes_enabled":true,"jetpack_sharing_enabled":true,"jetpack_shortlink":"https:\/\/wp.me\/pg7Wxj-7by","jetpack-related-posts":[],"_links":{"self":[{"href":"https:\/\/www.o-p-i.fr\/parlonsen\/wp-json\/wp\/v2\/posts\/27624","targetHints":{"allow":["GET"]}}],"collection":[{"href":"https:\/\/www.o-p-i.fr\/parlonsen\/wp-json\/wp\/v2\/posts"}],"about":[{"href":"https:\/\/www.o-p-i.fr\/parlonsen\/wp-json\/wp\/v2\/types\/post"}],"author":[{"embeddable":true,"href":"https:\/\/www.o-p-i.fr\/parlonsen\/wp-json\/wp\/v2\/users\/2"}],"replies":[{"embeddable":true,"href":"https:\/\/www.o-p-i.fr\/parlonsen\/wp-json\/wp\/v2\/comments?post=27624"}],"version-history":[{"count":0,"href":"https:\/\/www.o-p-i.fr\/parlonsen\/wp-json\/wp\/v2\/posts\/27624\/revisions"}],"wp:attachment":[{"href":"https:\/\/www.o-p-i.fr\/parlonsen\/wp-json\/wp\/v2\/media?parent=27624"}],"wp:term":[{"taxonomy":"category","embeddable":true,"href":"https:\/\/www.o-p-i.fr\/parlonsen\/wp-json\/wp\/v2\/categories?post=27624"},{"taxonomy":"post_tag","embeddable":true,"href":"https:\/\/www.o-p-i.fr\/parlonsen\/wp-json\/wp\/v2\/tags?post=27624"}],"curies":[{"name":"wp","href":"https:\/\/api.w.org\/{rel}","templated":true}]}}