{"id":2763,"date":"2010-03-12T11:33:46","date_gmt":"2010-03-12T09:33:46","guid":{"rendered":"\/parlonsen\/?p=2763"},"modified":"2010-04-27T13:23:13","modified_gmt":"2010-04-27T11:23:13","slug":"jours-dailleurs-a-salvagnac","status":"publish","type":"post","link":"https:\/\/www.o-p-i.fr\/parlonsen\/parlons-en\/culture\/jours-dailleurs-a-salvagnac\/","title":{"rendered":"Jours d&rsquo;ailleurs \u00e0 Salvagnac"},"content":{"rendered":"<p>Rencontrez la photographe <span style=\"color: #808080;\"><strong>Marielle Duffet<\/strong><\/span> et d\u00e9couvrez son exposition\u00a0 autour d&rsquo;un forum-go\u00fbter-photo, le\u00a0 <strong><span style=\"color: #808080;\">samedi 20 mars<\/span><\/strong><!--more--> \u00e0 partir de 16 heures \u00e0 la galerie de \u00ab l&rsquo;espace Caraven-Cachin \u00bb.<\/p>\n<figure id=\"attachment_2764\" aria-describedby=\"caption-attachment-2764\" style=\"width: 424px\" class=\"wp-caption alignleft\"><img data-recalc-dims=\"1\" loading=\"lazy\" decoding=\"async\" class=\"size-full wp-image-2764\" title=\"Exposition Jours d'ailleurs. Marielle Duffet\" src=\"https:\/\/i0.wp.com\/www.o-p-i.fr\/parlonsen\/wp-content\/uploads\/expo_marielle_duffet.jpg?resize=424%2C600&#038;ssl=1\" alt=\"Exposition Jours d'ailleurs. Marielle Duffet\" width=\"424\" height=\"600\" srcset=\"https:\/\/i0.wp.com\/www.o-p-i.fr\/parlonsen\/wp-content\/uploads\/expo_marielle_duffet.jpg?w=424&amp;ssl=1 424w, https:\/\/i0.wp.com\/www.o-p-i.fr\/parlonsen\/wp-content\/uploads\/expo_marielle_duffet.jpg?resize=212%2C300&amp;ssl=1 212w\" sizes=\"auto, (max-width: 424px) 100vw, 424px\" \/><figcaption id=\"caption-attachment-2764\" class=\"wp-caption-text\">Exposition Jours d&#39;ailleurs. Marielle Duffet<\/figcaption><\/figure>\n<p><span style=\"color: #808080;\"><strong>Exposition du 20 au 28 Mars 2010<\/strong><\/span><\/p>\n<p>Mercredi, samedi et dimanche : 10h-12h et 15h-18h<\/p>\n<p>Vendredi : 10h-12h et 18h-20h<\/p>\n<p style=\"text-align: justify;\"><em>\u201dJours d\u2019ailleurs, c\u2019est un regard port\u00e9 sur les instants du monde, une cuisine de rue, une offrande, une minute de repos.<\/em><\/p>\n<p style=\"text-align: justify;\"><em> Depuis l\u2019enfance, je me d\u00e9lecte de noms \u00e9vocateurs de lointains inaccessibles, Pondich\u00e9ry, Zanzibar, Tripoli ou encore Saigon. Je r\u00eavais d\u2019aventures dans des terres \u00e9loign\u00e9es, de terres arides, de ports poissonneux, de festins d\u00e9licats et d\u2019alcools forts. Mais peut-\u00eatre cette mythologie est-elle n\u00e9e plus tard.<\/em><\/p>\n<p style=\"text-align: justify;\"><em> Il en reste quelques photos de jours d\u2019ailleurs, d\u2019instants ayant rempli mes yeux \u00e9merveill\u00e9s.<\/em><\/p>\n<p style=\"text-align: justify;\"><em> Devenue adulte, j\u2019ai commenc\u00e9, d\u2019abord timidement puis avec des bonheurs sans cesse renouvel\u00e9s d\u2019arpenter des mondes nouveaux, des terres nouvelles pour mes sens neufs. J\u2019y ai d\u00e9couvert des territoires des sens inconnus, l\u2019\u0153il ne suffit pas, l\u2019odorat, l\u2019oreille, le toucher, s\u2019\u00e9veillent et que dire du go\u00fbt ?<\/em><\/p>\n<p style=\"text-align: justify;\"><em> Bien s\u00fbr, \u00e9voquer l\u2019enthousiasme des sens rel\u00e8ve du poncif, mais c\u2019est bien de cela qu\u2019il s\u2019agit. Je ne recherche pas la beaut\u00e9 mais un instant fugace, un culte minuscule. Un enfant,  son repas de poisson d\u00e9j\u00e0 gagn\u00e9, regarde l\u2019arriv\u00e9e des p\u00eacheurs. Des p\u00e9tales de roses jonchent le pav\u00e9 apr\u00e8s le passage des jeunes mari\u00e9s au sortir de l\u2019\u00e9glise, une femme d\u00e9laisse un moment sa cuisine de rue pour lire le journal, des th\u00e9i\u00e8res en d\u00e9sordre attendent le chaland. Et puis on d\u00e9couvre de curieuses correspondances au sens baudelairien. L\u2019harmonie est le r\u00e9sultat de correspondances des sens. Une th\u00e9i\u00e8re se prom\u00e8ne d\u2019Istanbul au lac Tonl\u00e9 Sap, puis on la retrouve \u00e9clatante de couleur et plastifi\u00e9e sur l\u2019Ile de Gor\u00e9e. \u00c9trange, non ?! La couleur des roses de Bangkok habille le boubou d\u2019une dame s\u00e9n\u00e9galaise et je vous laisse imaginer les sons et les parfums qui se m\u00ealent.<\/em><\/p>\n<p style=\"text-align: justify;\"><em> J\u2019ai aim\u00e9 ce que j\u2019ai vu et j\u2019esp\u00e8re vous faire partager un peu de mes \u00e9motions avec ces quelques \u00ab Jours d\u2019ailleurs \u00bb.<\/em><\/p>\n<p style=\"text-align: justify;\"><em>Marielle DUFFET<\/em><\/p>\n<p><span style=\"font-family: &quot;Times New Roman&quot;; color: #7f007f; font-size: 12pt; mso-font-kerning: 1.0pt; mso-fareast-font-family: 'Times New Roman'; mso-ansi-language: FR; mso-fareast-language: FR; mso-bidi-language: AR-SA;\"><strong><em><\/em><\/strong><\/span><\/p>\n<p>Retrouvez toute l\u2019actualit\u00e9 de Place en f\u00eates sur <a title=\"Ouvre le blog P en F dans une nouvelle fen\u00eatre\" href=\"http:\/\/pefsalvagnac.canalblog.com\/\" target=\"_blank\">http:\/\/pefsalvagnac.canalblog.com\/<\/a><\/p>\n<p><a href=\"https:\/\/www.o-p-i.fr\/parlonsen\/agenda\/\"><strong>Retrouvez tous les \u00e9v\u00e8nements dans l&rsquo;agenda !<\/strong><\/a><\/p>\n","protected":false},"excerpt":{"rendered":"<div class=\"mh-excerpt\">Rencontrez la photographe Marielle Duffet et d\u00e9couvrez son exposition\u00a0 autour d&rsquo;un forum-go\u00fbter-photo, le\u00a0 samedi 20 mars<\/div>\n","protected":false},"author":8,"featured_media":0,"comment_status":"open","ping_status":"open","sticky":false,"template":"","format":"standard","meta":{"om_disable_all_campaigns":false,"advanced_seo_description":"","jetpack_seo_html_title":"","jetpack_seo_noindex":false,"_jetpack_memberships_contains_paid_content":false,"footnotes":"","_links_to":"","_links_to_target":""},"categories":[1,54,25,356],"tags":[2548,172,183,184,399],"class_list":{"0":"post-2763","1":"post","2":"type-post","3":"status-publish","4":"format-standard","6":"category-culture","7":"category-loisirs","8":"category-salvagnac","9":"category-n-47-mars-2010","10":"tag-salvagnac","11":"tag-exposition","12":"tag-places-en-fete","13":"tag-exposition-photos","14":"tag-marielle-duffet"},"jetpack_featured_media_url":"","views":{"total":0,"cached_at":"","cached_date":1738516013},"jetpack_likes_enabled":true,"jetpack_sharing_enabled":true,"jetpack_shortlink":"https:\/\/wp.me\/pg7Wxj-Iz","jetpack-related-posts":[],"_links":{"self":[{"href":"https:\/\/www.o-p-i.fr\/parlonsen\/wp-json\/wp\/v2\/posts\/2763","targetHints":{"allow":["GET"]}}],"collection":[{"href":"https:\/\/www.o-p-i.fr\/parlonsen\/wp-json\/wp\/v2\/posts"}],"about":[{"href":"https:\/\/www.o-p-i.fr\/parlonsen\/wp-json\/wp\/v2\/types\/post"}],"author":[{"embeddable":true,"href":"https:\/\/www.o-p-i.fr\/parlonsen\/wp-json\/wp\/v2\/users\/8"}],"replies":[{"embeddable":true,"href":"https:\/\/www.o-p-i.fr\/parlonsen\/wp-json\/wp\/v2\/comments?post=2763"}],"version-history":[{"count":0,"href":"https:\/\/www.o-p-i.fr\/parlonsen\/wp-json\/wp\/v2\/posts\/2763\/revisions"}],"wp:attachment":[{"href":"https:\/\/www.o-p-i.fr\/parlonsen\/wp-json\/wp\/v2\/media?parent=2763"}],"wp:term":[{"taxonomy":"category","embeddable":true,"href":"https:\/\/www.o-p-i.fr\/parlonsen\/wp-json\/wp\/v2\/categories?post=2763"},{"taxonomy":"post_tag","embeddable":true,"href":"https:\/\/www.o-p-i.fr\/parlonsen\/wp-json\/wp\/v2\/tags?post=2763"}],"curies":[{"name":"wp","href":"https:\/\/api.w.org\/{rel}","templated":true}]}}