{"id":27751,"date":"2015-10-14T07:36:36","date_gmt":"2015-10-14T06:36:36","guid":{"rendered":"\/parlonsen\/?p=27751"},"modified":"2015-10-07T17:42:49","modified_gmt":"2015-10-07T16:42:49","slug":"concours-de-nouvelles-tarn-dadou-cest-reparti","status":"publish","type":"post","link":"https:\/\/www.o-p-i.fr\/parlonsen\/parlons-en\/culture\/concours-de-nouvelles-tarn-dadou-cest-reparti\/","title":{"rendered":"Concours de nouvelles Tarn &#038; Dadou : c&rsquo;est reparti !"},"content":{"rendered":"<p>Les apprentis \u00e9crivains ont jusqu&rsquo;au<strong> 6 f\u00e9vrier 2016<\/strong> pour \u00e9crire une nouvelle d&rsquo;apr\u00e8s la phrase r\u00e9dig\u00e9e par Pascal Dessaint, parrain de cette nouvelle \u00e9dition<!--more--> :<\/p>\n<figure id=\"attachment_27752\" aria-describedby=\"caption-attachment-27752\" style=\"width: 212px\" class=\"wp-caption alignright\"><a href=\"https:\/\/i0.wp.com\/www.o-p-i.fr\/parlonsen\/wp-content\/uploads\/concoursdenouvellestarnetdadou.jpg?ssl=1\"><img data-recalc-dims=\"1\" loading=\"lazy\" decoding=\"async\" class=\"size-medium wp-image-27752\" src=\"https:\/\/i0.wp.com\/www.o-p-i.fr\/parlonsen\/wp-content\/uploads\/concoursdenouvellestarnetdadou.jpg?resize=212%2C300&#038;ssl=1\" alt=\"Concours de Nouvelles Tarn &amp; Dadou\" width=\"212\" height=\"300\" srcset=\"https:\/\/i0.wp.com\/www.o-p-i.fr\/parlonsen\/wp-content\/uploads\/concoursdenouvellestarnetdadou.jpg?resize=212%2C300&amp;ssl=1 212w, https:\/\/i0.wp.com\/www.o-p-i.fr\/parlonsen\/wp-content\/uploads\/concoursdenouvellestarnetdadou.jpg?resize=106%2C150&amp;ssl=1 106w, https:\/\/i0.wp.com\/www.o-p-i.fr\/parlonsen\/wp-content\/uploads\/concoursdenouvellestarnetdadou.jpg?resize=400%2C566&amp;ssl=1 400w, https:\/\/i0.wp.com\/www.o-p-i.fr\/parlonsen\/wp-content\/uploads\/concoursdenouvellestarnetdadou.jpg?w=595&amp;ssl=1 595w\" sizes=\"auto, (max-width: 212px) 100vw, 212px\" \/><\/a><figcaption id=\"caption-attachment-27752\" class=\"wp-caption-text\">Concours de Nouvelles Tarn &amp; Dadou<\/figcaption><\/figure>\n<p>\u00ab\u00a0\u00c7a chauffait et c&rsquo;\u00e9tait stupide de croire que \u00e7a puisse \u00eatre autrement.\u00a0\u00bb<\/p>\n<p>Pour la 7e ann\u00e9e cons\u00e9cutive, la communaut\u00e9 de communes Tarn &amp; Dadou et son r\u00e9seau de m\u00e9diath\u00e8ques, organise un concours de nouvelles gratuit (\u00e0 partir de 8 ans), avec le soutien du Salon du Livre de Gaillac.<\/p>\n<p>Il est possible d&rsquo;envoyer sa nouvelle par courrier \u00e0 :<\/p>\n<p>Communaut\u00e9 de communes Tarn &amp; Dadou<br \/>\nConcours de nouvelles<br \/>\nBP 133 &#8211; T\u00e9cou<br \/>\n81604 Gaillac Cedex<br \/>\nou par courriel \u00e0 : <a href=\"mailto:concoursdenouvelles@media.ted.fr\">concoursdenouvelles@media.ted.fr<\/a><\/p>\n<p>Le r\u00e8glement complet du concours est disponible dans les m\u00e9diath\u00e8ques du r\u00e9seau ou sur <a href=\"http:\/\/media.ted.fr\">media.ted.fr<\/a><\/p>\n<p><strong>Contact :\u00a0<\/strong>Communaut\u00e9 de communes Tarn &amp; Dadou<br \/>\nConcours de nouvelles<br \/>\nBP 133 &#8211; T\u00e9cou<br \/>\n81604 Gaillac Cedex<br \/>\nSite : <a href=\"http:\/\/media.ted.fr\">media.ted.fr<\/a><\/p>\n<p><em>Communiqu\u00e9 de Catherine BRUNET, Chef de service communication Tarn &amp; Dadou<\/em><\/p>\n","protected":false},"excerpt":{"rendered":"<div class=\"mh-excerpt\">Les apprentis \u00e9crivains ont jusqu&rsquo;au 6 f\u00e9vrier 2016 pour \u00e9crire une nouvelle d&rsquo;apr\u00e8s la phrase r\u00e9dig\u00e9e par Pascal Dessaint, parrain de cette nouvelle \u00e9dition<\/div>\n","protected":false},"author":2,"featured_media":0,"comment_status":"open","ping_status":"open","sticky":false,"template":"","format":"standard","meta":{"om_disable_all_campaigns":false,"advanced_seo_description":"","jetpack_seo_html_title":"","jetpack_seo_noindex":false,"_jetpack_memberships_contains_paid_content":false,"footnotes":"","_links_to":"","_links_to_target":""},"categories":[828,42,1,54,2276,2370,2371,2403],"tags":[354,613,925,1346],"class_list":{"0":"post-27751","1":"post","2":"type-post","3":"status-publish","4":"format-standard","6":"category-au-pays-des-tescous","7":"category-a-cote-de-chez-nous","8":"category-culture","9":"category-loisirs","10":"category-n-115-octobre-2015","11":"category-n-116-novembre-2015","12":"category-n-117-decembre-2015","13":"category-n-119-fevrier-2016","14":"tag-concours","15":"tag-concours-de-nouvelles","16":"tag-ecriture","17":"tag-tarn-dadou"},"jetpack_featured_media_url":"","views":{"total":0,"cached_at":"","cached_date":1738535245},"jetpack_likes_enabled":true,"jetpack_sharing_enabled":true,"jetpack_shortlink":"https:\/\/wp.me\/pg7Wxj-7dB","jetpack-related-posts":[],"_links":{"self":[{"href":"https:\/\/www.o-p-i.fr\/parlonsen\/wp-json\/wp\/v2\/posts\/27751","targetHints":{"allow":["GET"]}}],"collection":[{"href":"https:\/\/www.o-p-i.fr\/parlonsen\/wp-json\/wp\/v2\/posts"}],"about":[{"href":"https:\/\/www.o-p-i.fr\/parlonsen\/wp-json\/wp\/v2\/types\/post"}],"author":[{"embeddable":true,"href":"https:\/\/www.o-p-i.fr\/parlonsen\/wp-json\/wp\/v2\/users\/2"}],"replies":[{"embeddable":true,"href":"https:\/\/www.o-p-i.fr\/parlonsen\/wp-json\/wp\/v2\/comments?post=27751"}],"version-history":[{"count":0,"href":"https:\/\/www.o-p-i.fr\/parlonsen\/wp-json\/wp\/v2\/posts\/27751\/revisions"}],"wp:attachment":[{"href":"https:\/\/www.o-p-i.fr\/parlonsen\/wp-json\/wp\/v2\/media?parent=27751"}],"wp:term":[{"taxonomy":"category","embeddable":true,"href":"https:\/\/www.o-p-i.fr\/parlonsen\/wp-json\/wp\/v2\/categories?post=27751"},{"taxonomy":"post_tag","embeddable":true,"href":"https:\/\/www.o-p-i.fr\/parlonsen\/wp-json\/wp\/v2\/tags?post=27751"}],"curies":[{"name":"wp","href":"https:\/\/api.w.org\/{rel}","templated":true}]}}