{"id":27781,"date":"2015-10-23T06:06:50","date_gmt":"2015-10-23T05:06:50","guid":{"rendered":"\/parlonsen\/?p=27781"},"modified":"2015-10-19T05:57:31","modified_gmt":"2015-10-19T04:57:31","slug":"comment-se-reinventent-les-villages-et-villes-du-monde-a-larrazet-82","status":"publish","type":"post","link":"https:\/\/www.o-p-i.fr\/parlonsen\/parlons-en\/culture\/comment-se-reinventent-les-villages-et-villes-du-monde-a-larrazet-82\/","title":{"rendered":"Comment se r\u00e9inventent les villages et villes du monde &#8230; \u00e0 Larrazet (82)"},"content":{"rendered":"<p>Les Journ\u00e9es de Larrazet,\u00a0<strong>Samedi 21 et Dimanche 22 Novembre 2015<\/strong>, auront cette ann\u00e9e pour th\u00e8me : \u00ab\u00a0Les identit\u00e9s communales ou comment se r\u00e9inventent les villages et les villes du monde\u00a0\u00bb.\u00a0 Avec un concert de Moussu T (Massilia Sound System) le dimanche apr\u00e8s midi ! <!--more--><\/p>\n<figure id=\"attachment_27784\" aria-describedby=\"caption-attachment-27784\" style=\"width: 211px\" class=\"wp-caption alignright\"><a href=\"https:\/\/i0.wp.com\/www.o-p-i.fr\/parlonsen\/wp-content\/uploads\/journ%C3%A9eesdelarrazet2015.jpg?ssl=1\"><img data-recalc-dims=\"1\" loading=\"lazy\" decoding=\"async\" class=\"size-medium wp-image-27784\" src=\"https:\/\/i0.wp.com\/www.o-p-i.fr\/parlonsen\/wp-content\/uploads\/journ%C3%A9eesdelarrazet2015.jpg?resize=211%2C300&#038;ssl=1\" alt=\"Journ\u00e9ees de Larrazet 2015\" width=\"211\" height=\"300\" srcset=\"https:\/\/i0.wp.com\/www.o-p-i.fr\/parlonsen\/wp-content\/uploads\/journ%C3%A9eesdelarrazet2015.jpg?resize=211%2C300&amp;ssl=1 211w, https:\/\/i0.wp.com\/www.o-p-i.fr\/parlonsen\/wp-content\/uploads\/journ%C3%A9eesdelarrazet2015.jpg?resize=105%2C150&amp;ssl=1 105w, https:\/\/i0.wp.com\/www.o-p-i.fr\/parlonsen\/wp-content\/uploads\/journ%C3%A9eesdelarrazet2015.jpg?resize=400%2C570&amp;ssl=1 400w, https:\/\/i0.wp.com\/www.o-p-i.fr\/parlonsen\/wp-content\/uploads\/journ%C3%A9eesdelarrazet2015.jpg?w=527&amp;ssl=1 527w\" sizes=\"auto, (max-width: 211px) 100vw, 211px\" \/><\/a><figcaption id=\"caption-attachment-27784\" class=\"wp-caption-text\">Journ\u00e9ees de Larrazet 2015<\/figcaption><\/figure>\n<p><strong>Samedi 21 Novembre<\/strong><br \/>\n14H : L\u2019identit\u00e9 en marche des villes du monde<br \/>\nLe nouvel \u00e2ge des villes du monde<br \/>\nOlivier MONGIN, Directeur de publication de la revue Esprit<br \/>\nLibert\u00e9s parisiennes<br \/>\nEric HAZAN, Directeur des Editions La Fabrique<br \/>\nF\u00e9lix Castan et la ville<br \/>\nBruno QUEYSANNE, Professeur de l\u2019\u00e9cole d\u2019architecture de Grenoble<br \/>\nMarseille vue de l\u2019int\u00e9rieur<br \/>\nJALI, Massilia Sound System<\/p>\n<p>21H : D\u00e9fendre et travailler les 36 000 communes \u00ab qui descendent au plus finement de la soci\u00e9t\u00e9 \u00bb<br \/>\nGuy MANTOVANI (Maire de Solomiac)<br \/>\nJean-Luc LACOME (1\u00b0 Adjoint au Maire de Grenade-sur-Garonne)<br \/>\nGhislain DANGAS (Maire de Larrazet)<br \/>\nVanik BERBERIAN (Pr\u00e9sident de l\u2019association des maires ruraux de France)<\/p>\n<p><strong>Dimanche 22 Novembre<\/strong><br \/>\n9H30 : Pr\u00e9sentation du manifeste de Larrazet ou les cl\u00e9s de la commune nouvelle (Alain DAZIRON).<br \/>\nForum g\u00e9n\u00e9ral avec la participation de Michel DUCOM, Michel AMBAL et des intervenants de la veille.<\/p>\n<p>15H : Projection l\u2019aventure du \u00ab Trait d\u2019Union de Larrazet \u00bb.<\/p>\n<p><strong>Concert l\u2019OPERETTE MARSEILLAISE (Marseille en chansons) avec Moussu T e lei Jovents<\/strong><\/p>\n<p>L\u2019op\u00e9rette marseillaise : toute une histoire !<\/p>\n<figure id=\"attachment_27783\" aria-describedby=\"caption-attachment-27783\" style=\"width: 199px\" class=\"wp-caption alignright\"><a href=\"https:\/\/i0.wp.com\/www.o-p-i.fr\/parlonsen\/wp-content\/uploads\/moussuteleijovents.jpg?ssl=1\"><img data-recalc-dims=\"1\" loading=\"lazy\" decoding=\"async\" class=\"size-medium wp-image-27783\" src=\"https:\/\/i0.wp.com\/www.o-p-i.fr\/parlonsen\/wp-content\/uploads\/moussuteleijovents.jpg?resize=199%2C300&#038;ssl=1\" alt=\"L'album : L'Op\u00e9rette sortira le 1er juillet 2014 (c) Manivette Records Le Chant du Monde Harmonia Mundi\" width=\"199\" height=\"300\" srcset=\"https:\/\/i0.wp.com\/www.o-p-i.fr\/parlonsen\/wp-content\/uploads\/moussuteleijovents.jpg?resize=199%2C300&amp;ssl=1 199w, https:\/\/i0.wp.com\/www.o-p-i.fr\/parlonsen\/wp-content\/uploads\/moussuteleijovents.jpg?resize=678%2C1024&amp;ssl=1 678w, https:\/\/i0.wp.com\/www.o-p-i.fr\/parlonsen\/wp-content\/uploads\/moussuteleijovents.jpg?resize=99%2C150&amp;ssl=1 99w, https:\/\/i0.wp.com\/www.o-p-i.fr\/parlonsen\/wp-content\/uploads\/moussuteleijovents.jpg?resize=400%2C604&amp;ssl=1 400w, https:\/\/i0.wp.com\/www.o-p-i.fr\/parlonsen\/wp-content\/uploads\/moussuteleijovents.jpg?w=800&amp;ssl=1 800w\" sizes=\"auto, (max-width: 199px) 100vw, 199px\" \/><\/a><figcaption id=\"caption-attachment-27783\" class=\"wp-caption-text\">L&rsquo;album : L&rsquo;Op\u00e9rette <br \/>(c) Manivette Records Le Chant du Monde Harmonia Mundi<\/figcaption><\/figure>\n<p>\u00ab J\u2019aimerais que les gens n\u2019oublient pas les vieilles chansons, en m\u00eame temps qu\u2019ils en inventent<br \/>\nde nouvelles ! \u00bb\u2026 C\u2019est l\u2019immense \u00ab folk-singer \u00bb protestataire am\u00e9ricain Pete Seeger (1919-2014)<br \/>\nqui parlait ainsi. Eh bien ! Moussu T. e lei Jovents sont l\u2019illustration m\u00eame de ce voeu !<br \/>\nImpr\u00e9gn\u00e9s depuis toujours de la tradition chansonni\u00e8re marseillaise \u2013 comme du blues, du reggae,<br \/>\ndu rock et de tous les rythmes et harmonies du monde dont ils se sont \u00e9galement nourris \u2013 ils ont<br \/>\nemprunt\u00e9 \u00ab de longue \u00bb \u00e0 cette tradition, \u00e0 ce \u00ab folklore \u00bb \u2013 n\u2019ayons pas peur de ce beau mot ! \u2013<br \/>\nnombre de leurs th\u00e8mes d\u2019inspiration, citant volontiers tel ou tel de ses refrains fameux, revisitant<br \/>\nm\u00eame \u00e0 leur mani\u00e8re l\u2019une ou l\u2019autre de ses chansons, en autant d\u2019aimables coups de chapeaux<br \/>\naux \u00ab anciens \u00bb, de signes de reconnaissance attestant d\u2019une filiation avou\u00e9e et librement<br \/>\nconsentie.<br \/>\nIls ne pouvaient d\u00e8s lors que prendre plus vivement leur envol et, de leurs instruments r\u00e9unis, \u2013 la<br \/>\nvoix, les percussions, la guitare, le banjo (celui-l\u00e0 m\u00eame qu\u2019illustr\u00e8rent \u00e0 la fois Pete Seeger et<br \/>\nLincoln Agrippa Daily, \u00ab Banjo \u00bb pour les intimes, le h\u00e9ros du livre de Claude McKay), inventer tout<br \/>\nbonnement, avec quelques excellents coll\u00e8gues de leur g\u00e9n\u00e9ration, ce que l\u2019on peut appeler<br \/>\naujourd\u2019hui une \u00ab nouvelle chanson marseillaise \u00bb. R\u00e8n qu\u2019ac\u00f2 !<br \/>\nEt les voici qu\u2019ils s\u2019emparent carr\u00e9ment des airs de l\u2019op\u00e9rette marseillaise, qu\u2019ils se les<br \/>\napproprient \u2013 et avec quelle gourmandise, quelle espi\u00e8glerie r\u00e9jouissantes ! \u2013 et qu\u2019ils intitulent<br \/>\nfi\u00e8rement la s\u00e9lection de leur cru \u00ab Op\u00e9rette \u00bb ! Magnifique hommage aux inventeurs du genre<br \/>\ndans les ann\u00e9es 1930 et \u00ab en m\u00eame temps \u00bb (comme disait Pete Seeger) recr\u00e9ation<br \/>\ncontemporaine \u00e0 l\u2019intention des jeunes auditeurs de 2014.<br \/>\nJacques Bonnadier<\/p>\n<p><strong>R\u00e9servation obligatoire pour le concert :<\/strong><br \/>\nEnvoyez votre r\u00e8glement \u00e0 l&rsquo;ordre de Maison de la Cuture de Larrazet et nous vous retournerons les billets par envoi postal.<\/p>\n<p><strong>Tarifs :<\/strong><br \/>\nUnique : 20 Euros<br \/>\nAbonn\u00e9s du Trait d\u2019Union : 15 euros<br \/>\nRepas : 15 \u20ac (<a href=\"https:\/\/www.o-p-i.fr\/parlonsen\/wp-content\/uploads\/journeesdelarrazet2015.pdf\">Inscription ici<\/a>)<\/p>\n<p><strong>Contact :<\/strong> Maison de la Culture<br \/>\n82500 Larrazet<br \/>\nT\u00e9l. : 06 82 49 12 04 (journ\u00e9e) &#8211; 05 63 20 72 34 (soir\u00e9e)<br \/>\nCourriel : <a href=\"mailto:adaziron@wanadoo.fr\">adaziron@wanadoo.fr<\/a><\/p>\n<p><em>Communiqu\u00e9 par Alain Daziron<\/em><\/p>\n","protected":false},"excerpt":{"rendered":"<div class=\"mh-excerpt\">Les Journ\u00e9es de Larrazet,\u00a0Samedi 21 et Dimanche 22 Novembre 2015, auront cette ann\u00e9e pour th\u00e8me : \u00ab\u00a0Les identit\u00e9s communales ou comment se r\u00e9inventent les villages et les villes du monde\u00a0\u00bb.\u00a0 Avec un concert de Moussu <a class=\"mh-excerpt-more\" href=\"https:\/\/www.o-p-i.fr\/parlonsen\/parlons-en\/culture\/comment-se-reinventent-les-villages-et-villes-du-monde-a-larrazet-82\/\" title=\"Comment se r\u00e9inventent les villages et villes du monde &#8230; \u00e0 Larrazet (82)\">[&#8230;]<\/a><\/div>\n","protected":false},"author":2,"featured_media":0,"comment_status":"open","ping_status":"open","sticky":false,"template":"","format":"standard","meta":{"om_disable_all_campaigns":false,"advanced_seo_description":"","jetpack_seo_html_title":"","jetpack_seo_noindex":false,"_jetpack_memberships_contains_paid_content":false,"footnotes":"","_links_to":"","_links_to_target":""},"categories":[42,1,54,2370],"tags":[773,2191,2425,2426,43,62,66,133,189,234,330],"class_list":{"0":"post-27781","1":"post","2":"type-post","3":"status-publish","4":"format-standard","6":"category-a-cote-de-chez-nous","7":"category-culture","8":"category-loisirs","9":"category-n-116-novembre-2015","10":"tag-village","11":"tag-identite","12":"tag-massilia-sound-system","13":"tag-moussu-t","14":"tag-concert","15":"tag-occitan","16":"tag-larrazet","17":"tag-occitanie","18":"tag-debat","19":"tag-conference","20":"tag-rencontre"},"jetpack_featured_media_url":"","views":{"total":0,"cached_at":"","cached_date":1738485814},"jetpack_likes_enabled":true,"jetpack_sharing_enabled":true,"jetpack_shortlink":"https:\/\/wp.me\/pg7Wxj-7e5","jetpack-related-posts":[],"_links":{"self":[{"href":"https:\/\/www.o-p-i.fr\/parlonsen\/wp-json\/wp\/v2\/posts\/27781","targetHints":{"allow":["GET"]}}],"collection":[{"href":"https:\/\/www.o-p-i.fr\/parlonsen\/wp-json\/wp\/v2\/posts"}],"about":[{"href":"https:\/\/www.o-p-i.fr\/parlonsen\/wp-json\/wp\/v2\/types\/post"}],"author":[{"embeddable":true,"href":"https:\/\/www.o-p-i.fr\/parlonsen\/wp-json\/wp\/v2\/users\/2"}],"replies":[{"embeddable":true,"href":"https:\/\/www.o-p-i.fr\/parlonsen\/wp-json\/wp\/v2\/comments?post=27781"}],"version-history":[{"count":0,"href":"https:\/\/www.o-p-i.fr\/parlonsen\/wp-json\/wp\/v2\/posts\/27781\/revisions"}],"wp:attachment":[{"href":"https:\/\/www.o-p-i.fr\/parlonsen\/wp-json\/wp\/v2\/media?parent=27781"}],"wp:term":[{"taxonomy":"category","embeddable":true,"href":"https:\/\/www.o-p-i.fr\/parlonsen\/wp-json\/wp\/v2\/categories?post=27781"},{"taxonomy":"post_tag","embeddable":true,"href":"https:\/\/www.o-p-i.fr\/parlonsen\/wp-json\/wp\/v2\/tags?post=27781"}],"curies":[{"name":"wp","href":"https:\/\/api.w.org\/{rel}","templated":true}]}}