{"id":27791,"date":"2015-10-30T07:40:15","date_gmt":"2015-10-30T06:40:15","guid":{"rendered":"\/parlonsen\/?p=27791"},"modified":"2015-11-05T09:45:57","modified_gmt":"2015-11-05T08:45:57","slug":"les-ateliers-sens-et-matieres-a-gaillac-81","status":"publish","type":"post","link":"https:\/\/www.o-p-i.fr\/parlonsen\/localisation\/a-cote-de-chez-nous\/les-ateliers-sens-et-matieres-a-gaillac-81\/","title":{"rendered":"Les Ateliers Sens et Mati\u00e8res   &#8230; \u00e0 Gaillac (81)"},"content":{"rendered":"<p>D\u00e9couverte \u00e0 l&rsquo;aveugle, massage du visage et argile :\u00a0 <strong>Vendredi 20 Novembre 2015<\/strong>. <!--more--><\/p>\n<p>Anim\u00e9s par Martine Morin, th\u00e9rapeute en Energ\u00e9tique Traditionnelle Chinoise et professeur de yoga.<\/p>\n<figure id=\"attachment_27796\" aria-describedby=\"caption-attachment-27796\" style=\"width: 300px\" class=\"wp-caption alignright\"><a href=\"https:\/\/i0.wp.com\/www.o-p-i.fr\/parlonsen\/wp-content\/uploads\/atelier-massage-et-argile.jpg?ssl=1\"><img data-recalc-dims=\"1\" loading=\"lazy\" decoding=\"async\" class=\"size-medium wp-image-27796\" src=\"https:\/\/i0.wp.com\/www.o-p-i.fr\/parlonsen\/wp-content\/uploads\/atelier-massage-et-argile.jpg?resize=300%2C188&#038;ssl=1\" alt=\"Massage et Argile\" width=\"300\" height=\"188\" srcset=\"https:\/\/i0.wp.com\/www.o-p-i.fr\/parlonsen\/wp-content\/uploads\/atelier-massage-et-argile.jpg?resize=300%2C188&amp;ssl=1 300w, https:\/\/i0.wp.com\/www.o-p-i.fr\/parlonsen\/wp-content\/uploads\/atelier-massage-et-argile.jpg?resize=150%2C94&amp;ssl=1 150w, https:\/\/i0.wp.com\/www.o-p-i.fr\/parlonsen\/wp-content\/uploads\/atelier-massage-et-argile.jpg?w=400&amp;ssl=1 400w\" sizes=\"auto, (max-width: 300px) 100vw, 300px\" \/><\/a><figcaption id=\"caption-attachment-27796\" class=\"wp-caption-text\">Massage et Argile<\/figcaption><\/figure>\n<p>D\u00e9couverte \u00e0 l\u2019aveugle de mati\u00e8res et sensations per\u00e7ues, liens avec les autres sens.<br \/>\nApprentissage d\u2019un massage du visage puis travail de l\u2019argile.<\/p>\n<p><strong>Tarifs : <\/strong><br \/>\n50 \u20ac<\/p>\n<p><strong>Contact : <\/strong><a href=\"https:\/\/www.o-p-i.fr\/aupays\/annuaire\/loisirs\/vive-le-verbe-etre\/\" rel=\"bookmark\">Vive le Verbe \u00catre<\/a><\/p>\n<p class=\"entry-thumbnails\"><a href=\"https:\/\/www.o-p-i.fr\/aupays\/annuaire\/loisirs\/vive-le-verbe-etre\/\"><img decoding=\"async\" title=\"Vive le Verbe \u00catre\" src=\"https:\/\/www.o-p-i.fr\/aupays\/wp-content\/themes\/arras-theme\/library\/timthumb.php?src=https:\/\/www.o-p-i.fr\/aupays\/wp-content\/uploads\/logo_viveleverbeetre.jpg&amp;w=190&amp;h=100&amp;zc=1\" alt=\"Vive le Verbe \u00catre\" \/><\/a><em><span class=\"entry-meta\"><abbr class=\"published\" title=\"2015-10-06T15:01:22+00:00\">&#8230;<\/abbr><\/span><\/em><\/p>\n<p class=\"entry-title\"><em>Communiqu\u00e9 par Martine Morin<\/em><\/p>\n","protected":false},"excerpt":{"rendered":"<div class=\"mh-excerpt\">D\u00e9couverte \u00e0 l&rsquo;aveugle, massage du visage et argile :\u00a0 Vendredi 20 Novembre 2015.<\/div>\n","protected":false},"author":2,"featured_media":0,"comment_status":"open","ping_status":"open","sticky":false,"template":"","format":"standard","meta":{"om_disable_all_campaigns":false,"advanced_seo_description":"","jetpack_seo_html_title":"","jetpack_seo_noindex":false,"_jetpack_memberships_contains_paid_content":false,"footnotes":"","_links_to":"","_links_to_target":""},"categories":[42,54,58,2370],"tags":[180,215,309,2428,88],"class_list":{"0":"post-27791","1":"post","2":"type-post","3":"status-publish","4":"format-standard","6":"category-a-cote-de-chez-nous","7":"category-loisirs","8":"category-sante","9":"category-n-116-novembre-2015","10":"tag-atelier","11":"tag-gaillac","12":"tag-yoga","13":"tag-argile","14":"tag-massage"},"jetpack_featured_media_url":"","views":{"total":0,"cached_at":"","cached_date":1738465763},"jetpack_likes_enabled":true,"jetpack_sharing_enabled":true,"jetpack_shortlink":"https:\/\/wp.me\/pg7Wxj-7ef","jetpack-related-posts":[],"_links":{"self":[{"href":"https:\/\/www.o-p-i.fr\/parlonsen\/wp-json\/wp\/v2\/posts\/27791","targetHints":{"allow":["GET"]}}],"collection":[{"href":"https:\/\/www.o-p-i.fr\/parlonsen\/wp-json\/wp\/v2\/posts"}],"about":[{"href":"https:\/\/www.o-p-i.fr\/parlonsen\/wp-json\/wp\/v2\/types\/post"}],"author":[{"embeddable":true,"href":"https:\/\/www.o-p-i.fr\/parlonsen\/wp-json\/wp\/v2\/users\/2"}],"replies":[{"embeddable":true,"href":"https:\/\/www.o-p-i.fr\/parlonsen\/wp-json\/wp\/v2\/comments?post=27791"}],"version-history":[{"count":0,"href":"https:\/\/www.o-p-i.fr\/parlonsen\/wp-json\/wp\/v2\/posts\/27791\/revisions"}],"wp:attachment":[{"href":"https:\/\/www.o-p-i.fr\/parlonsen\/wp-json\/wp\/v2\/media?parent=27791"}],"wp:term":[{"taxonomy":"category","embeddable":true,"href":"https:\/\/www.o-p-i.fr\/parlonsen\/wp-json\/wp\/v2\/categories?post=27791"},{"taxonomy":"post_tag","embeddable":true,"href":"https:\/\/www.o-p-i.fr\/parlonsen\/wp-json\/wp\/v2\/tags?post=27791"}],"curies":[{"name":"wp","href":"https:\/\/api.w.org\/{rel}","templated":true}]}}