{"id":2780,"date":"2010-03-15T23:49:24","date_gmt":"2010-03-15T21:49:24","guid":{"rendered":"\/parlonsen\/?p=2780"},"modified":"2010-04-07T13:05:06","modified_gmt":"2010-04-07T11:05:06","slug":"cine-monclar-en-avril","status":"publish","type":"post","link":"https:\/\/www.o-p-i.fr\/parlonsen\/parlons-en\/culture\/cine-monclar-en-avril\/","title":{"rendered":"Cin\u00e9 Monclar en Avril"},"content":{"rendered":"<p style=\"text-align: justify;\">A vos agendas ! Voil\u00e0 le programme de Cin\u00e9 Monclar pour le mois d&rsquo;Avril.<!--more--><\/p>\n<blockquote style=\"text-align: justify;\">\n<ul style=\"text-align: justify;\">\n<li><strong>A Serious Man<\/strong><\/li>\n<\/ul>\n<div class=\"mceTemp\" style=\"text-align: justify;\">\n<dl id=\"attachment_2782\" class=\"wp-caption alignright\" style=\"width: 260px;\">\n<dt class=\"wp-caption-dt\"><strong><strong><img data-recalc-dims=\"1\" loading=\"lazy\" decoding=\"async\" class=\"size-full wp-image-2782\" title=\"A serious man - Cin\u00e9 Monclar 82\" src=\"https:\/\/i0.wp.com\/www.o-p-i.fr\/parlonsen\/wp-content\/uploads\/serious.jpg?resize=250%2C200&#038;ssl=1\" alt=\"A serious man - Cin\u00e9 Monclar 82\" width=\"250\" height=\"200\" \/><\/strong><\/strong><\/dt>\n<dd class=\"wp-caption-dd\">A serious man &#8211; Cin\u00e9 Monclar 82<\/dd>\n<\/dl>\n<\/div>\n<p style=\"text-align: justify;\"><span style=\"color: #ff6600;\"><strong><strong><strong>Mardi 6 \u00e0 21h<\/strong><\/strong><\/strong><\/span><strong><strong><br \/>\n<\/strong><\/strong>R\u00e9alis\u00e9 par Joel Coen, Ethan Coen<br \/>\nAvec Michael Stuhlbarg, Sari Lennick, Richard Kind<br \/>\nGenre Com\u00e9die dramatique<br \/>\nDur\u00e9e 1h45<br \/>\nVO S\/T<\/p>\n<p style=\"text-align: justify;\">1967. Larry Gopnik, professeur de physique dans une petite universit\u00e9 du Midwest, vient d&rsquo;apprendre que sa femme Judith allait le quitter. Elle est tomb\u00e9e amoureuse d&rsquo;une de ses connaissances, le pontifiant Sy Ableman. Arthur, le fr\u00e8re de Larry, est incapable de travailler et dort sur le canap\u00e9. Danny, son fils, a des probl\u00e8mes de discipline \u00e0 l&rsquo;\u00e9cole h\u00e9bra\u00efque, et sa fille Sarah vole dans son portefeuille car elle a l&rsquo;intention de se faire refaire le nez. Pendant ce temps, Larry re\u00e7oit \u00e0 la fac des lettres anonymes visant \u00e0 emp\u00eacher sa titularisation, et un \u00e9tudiant veut le soudoyer pour obtenir son dipl\u00f4me. Luttant d\u00e9sesp\u00e9r\u00e9ment pour trouver un \u00e9quilibre, Larry cherche conseil aupr\u00e8s de trois rabbins. Qui l&rsquo;aidera \u00e0 faire face \u00e0 ses malheurs et \u00e0 devenir un mensch, un homme bien ?<\/p>\n<p style=\"text-align: justify;\">L&rsquo;un des registres pr\u00e9f\u00e9r\u00e9 des fr\u00e8res Coen est celui de la com\u00e9die dramatique. Avant Serious Man, ils s&rsquo;\u00e9taient d\u00e9j\u00e0 illustr\u00e9 dans ce genre avec Burn After Reading (2008) ou Ladykillers (2004) en donnant une vision critique des Etats-Unis en mettant l&rsquo;accent sur le cynisme des personnages face \u00e0 des situations impr\u00e9vues aux cons\u00e9quences souvent dramatiques.<\/p>\n<p style=\"text-align: justify;\"><em>La Croix\u00a0: Trouvailles visuelles, situations cocasses, humour et dialogues pleins d&rsquo;esprit constituent les ingr\u00e9dients de ce cocktail r\u00e9jouissant.<\/em><\/p>\n<p style=\"text-align: justify;\"><em>Le Nouvel Observateur\u00a0: Chaque sc\u00e8ne est \u00e9crite, interpr\u00e9t\u00e9e et film\u00e9e magistralement, sur un tempo qui n&rsquo;est jamais qu&rsquo;id\u00e9al, chacune prend la forme d&rsquo;un vrai cadeau adress\u00e9 au spectateur, qui se convainc peu \u00e0 peu que ce qu&rsquo;il d\u00e9couvre est peut-\u00eatre bien le chef-d&rsquo;oeuvre absolu des Coen (&#8230;)<\/em><\/p>\n<\/blockquote>\n<blockquote style=\"text-align: justify;\">\n<ul style=\"text-align: justify;\">\n<li><strong> <\/strong>\n<figure id=\"attachment_2798\" aria-describedby=\"caption-attachment-2798\" style=\"width: 250px\" class=\"wp-caption alignright\"><strong><strong><img data-recalc-dims=\"1\" loading=\"lazy\" decoding=\"async\" class=\"size-full wp-image-2798\" title=\"Planete 81 - Cin\u00e9 Monclar 82\" src=\"https:\/\/i0.wp.com\/www.o-p-i.fr\/parlonsen\/wp-content\/uploads\/planete_51.jpg?resize=250%2C200&#038;ssl=1\" alt=\"Planete 81 - Cin\u00e9 Monclar 82\" width=\"250\" height=\"200\" \/><\/strong><\/strong><figcaption id=\"caption-attachment-2798\" class=\"wp-caption-text\">Planete 81 - Cin\u00e9 Monclar 82<\/figcaption><\/figure>\n<p><strong>Planete 51<\/strong><\/li>\n<\/ul>\n<p><span style=\"color: #ff6600;\"><strong>Dimanche 11 \u00e0 16h * <\/strong><\/span><strong>Film pour enfants \u00e0 partir de 6 ans<\/strong><br \/>\nR\u00e9alis\u00e9 par Jorge Blanco<br \/>\nAvec les voix de Vincent Cassel, Dimitri Rataud, Sara Martins<br \/>\nLong-m\u00e9trage britannique, espagnol.<br \/>\nGenre Animation, Science fiction<br \/>\nDur\u00e9e 1h30 min<\/p>\n<p>Tout est normal sur la Plan\u00e8te 51. Le ciel est bleu, les habitants sont vert pomme et les Cadillacs volent. Lorsque Chuck, un astronaute aussi fut\u00e9 qu&rsquo;une hu\u00eetre, y d\u00e9boule avec sa fus\u00e9e, les habitants s&rsquo;enfuient en hurlant.<\/p>\n<p>Les voix fran\u00e7aises de Plan\u00e8te 51 sont notamment assur\u00e9es par l&rsquo;acteur Vincent Cassel (le Capitaine Charles Baker) et les c\u00e9l\u00e8bres fr\u00e8res scientifiques Igor et Grichka Bogdanoff (les soldats Vernkot et Vesklin).<\/p>\n<p><em>L\u2019\u00c9cran fantastique\u00a0: V\u00e9ritable plaisir coupable pour l&rsquo;amateur de classiques de la SF et d&rsquo;animation aux petits oignons, Plan\u00e8te 51 est assur\u00e9ment l&rsquo;une des meilleures productions en images de synth\u00e8ses depuis Wall-E.<\/em><\/p><\/blockquote>\n<blockquote style=\"text-align: justify;\">\n<ul>\n<li> <strong>La rafle<\/strong><span style=\"color: #000000;\"> <\/span><\/li>\n<\/ul>\n<figure id=\"attachment_2783\" aria-describedby=\"caption-attachment-2783\" style=\"width: 250px\" class=\"wp-caption alignright\"><img data-recalc-dims=\"1\" loading=\"lazy\" decoding=\"async\" class=\"size-full wp-image-2783\" title=\"La rafle\" src=\"https:\/\/i0.wp.com\/www.o-p-i.fr\/parlonsen\/wp-content\/uploads\/rafle.jpg?resize=250%2C200&#038;ssl=1\" alt=\"La rafle\" width=\"250\" height=\"200\" \/><figcaption id=\"caption-attachment-2783\" class=\"wp-caption-text\">La rafle - Cin\u00e9 Monclar 82<\/figcaption><\/figure>\n<p><span style=\"color: #ff6600;\"><strong>Mardi 13 \u00e0 21h<\/strong><br \/>\n<\/span>R\u00e9alis\u00e9 par Roselyne Bosch<br \/>\nAvec M\u00e9lanie Laurent, Jean Reno, Gad Elmaleh<br \/>\nLong-m\u00e9trage fran\u00e7ais.<br \/>\nGenre Historique, Drame<br \/>\nDur\u00e9e 1h55 min<\/p>\n<p>Du V\u00e9lodrome d&rsquo;Hiver, o\u00f9 13 000 rafl\u00e9s sont entass\u00e9s, au camp de Beaune-La-Rolande, de Vichy \u00e0 la terrasse du Berghof, La Rafle suit les destins r\u00e9els des victimes et des bourreaux.<br \/>\nDe ceux qui ont orchestr\u00e9.<br \/>\nDe ceux qui ont eu confiance.<br \/>\nDe ceux qui ont fui.<br \/>\nDe ceux qui se sont oppos\u00e9s.<br \/>\nTous les personnages du film ont exist\u00e9. Tous les \u00e9v\u00e8nements, m\u00eame les plus extr\u00eames, ont eu lieu cet \u00e9t\u00e9 1942.<\/p>\n<p>Pour se documenter sur la rafle du Vel&rsquo; d&rsquo;Hiv&rsquo;, la r\u00e9alisatrice Roselyne Bosch s&rsquo;est adress\u00e9e \u00e0 Serge Klarsfeld qui n&rsquo;a eu de cesse, depuis 25 ans, de recenser les victimes. \u00a0\u00bb Il est capable de vous dire : \u00a0\u00bb Voil\u00e0 qui est parti, par quel convoi, avec qui, \u00e0 quelle date&#8230;\u00a0\u00bb, confie la cin\u00e9aste. Mais il s&rsquo;\u00e9tait occup\u00e9 des morts. Et moi, je cherchais des survivants. Et puis ce qui int\u00e9resse un historien n&rsquo;est pas forc\u00e9ment ce qui int\u00e9resse le cin\u00e9aste. Serge Klarsfeld a \u00e9t\u00e9 en revanche un formidable conseiller historique lorsque j&rsquo;ai abord\u00e9 l&rsquo;extr\u00eame complexit\u00e9 des relations entre Vichy et les autorit\u00e9s allemandes. On peut parler de \u00a0\u00bb marchandage \u00a0\u00bb humain. Les chemins de fer fran\u00e7ais adressaient des \u00a0\u00bb factures \u00a0\u00bb \u00e0 Berlin, c&rsquo;\u00e9tait \u00a0\u00bb tant \u00a0\u00bb par t\u00eate de juif transport\u00e9 jusqu&rsquo;\u00e0 la fronti\u00e8re allemande. \u00a0\u00bb<\/p>\n<p><em>Le Canard  encha\u00een\u00e9\u00a0: Un film audacieux, prenant, terriblement p\u00e9dagogique, capable de susciter une vraie prise de conscience historique.<\/em><\/p>\n<p><em>Le Figaroscope : Port\u00e9e par l&rsquo;interpr\u00e9tation tendue et d\u00e9chirante de M\u00e9lanie Laurent, La Rafle fait ressurgir un pan peu glorieux du pass\u00e9 de la France sous l&rsquo;Occupation, mais est magnifi\u00e9 par le courage de ceux que l&rsquo;on nommera les \u00ab\u00a0Justes\u00a0\u00bb.<\/em><\/p><\/blockquote>\n<blockquote style=\"text-align: justify;\">\n<ul>\n<li><span style=\"color: #000000;\"><strong><span style=\"color: #000000;\">Shutter Island<\/span><\/strong><\/span><\/li>\n<\/ul>\n<figure id=\"attachment_2784\" aria-describedby=\"caption-attachment-2784\" style=\"width: 250px\" class=\"wp-caption alignright\"><img data-recalc-dims=\"1\" loading=\"lazy\" decoding=\"async\" class=\"size-full wp-image-2784\" title=\"Shutter Island\" src=\"https:\/\/i0.wp.com\/www.o-p-i.fr\/parlonsen\/wp-content\/uploads\/shutter_island.jpg?resize=250%2C200&#038;ssl=1\" alt=\"Shutter Island\" width=\"250\" height=\"200\" \/><figcaption id=\"caption-attachment-2784\" class=\"wp-caption-text\">Shutter Island - Cin\u00e9 Monclar 82<\/figcaption><\/figure>\n<p><span style=\"color: #000000;\"><strong><span style=\"color: #ff6600;\">Mardi 20 \u00e0 21h<\/span><\/strong><br \/>\n<\/span> R\u00e9alis\u00e9 par Martin Scorsese<br \/>\nAvec Leonardo DiCaprio, Mark Ruffalo, Ben Kingsley<br \/>\nLong-m\u00e9trage am\u00e9ricain.<br \/>\nGenre Thriller<br \/>\nDur\u00e9e 2h17 min.<br \/>\nInterdit aux moins de 12 ans<\/p>\n<p>En 1954, le marshal Teddy Daniels et son co\u00e9quipier Chuck Aule sont envoy\u00e9s enqu\u00eater sur l&rsquo;\u00eele de Shutter Island, dans un h\u00f4pital psychiatrique o\u00f9 sont intern\u00e9s de dangereux criminels. L&rsquo;une des patientes, Rachel Solando, a inexplicablement disparu. Comment la meurtri\u00e8re a-t-elle pu sortir d&rsquo;une cellule ferm\u00e9e de l&rsquo;ext\u00e9rieur ? Le seul indice retrouv\u00e9 dans la pi\u00e8ce est une feuille de papier sur laquelle on peut lire une suite de chiffres et de lettres sans signification apparente. Oeuvre coh\u00e9rente d&rsquo;une malade, ou cryptogramme ?<br \/>\nLa relation Scorsese-DiCaprio\u00a0: \u00ab\u00a0Je ne pense pas que notre collaboration change fondamentalement avec le temps, mais elle s&rsquo;intensifie\u00a0\u00bb, explique Martin Scorsese. \u00ab\u00a0Ce film a \u00e9t\u00e9 tr\u00e8s difficile pour Leo parce qu&rsquo;il y avait \u00e9norm\u00e9ment de choses \u00e0 d\u00e9voiler, et plus on en r\u00e9v\u00e8le, plus il faut explorer loin. Nous avons essay\u00e9 des choses auxquelles nous n&rsquo;avions jamais pens\u00e9 jusqu&rsquo;ici, et c&rsquo;\u00e9tait vraiment tr\u00e8s complexe. Leo \u00e9tait extr\u00eamement impliqu\u00e9; pour lui, c&rsquo;\u00e9tait comme s&rsquo;il avait v\u00e9cu dans ce monde pendant tr\u00e8s, tr\u00e8s longtemps.\u00a0\u00bb<\/p>\n<p><em>Marianne\u00a0: Honte \u00e0 ceux qui refuseraient d&#8217;embarquer dans la magnifique nef des fous de Martin Scorsese.<\/em><\/p>\n<p><em>Premi\u00e8re\u00a0: Est-ce la nature de l&rsquo;histoire imagin\u00e9e par Dennis Lehane, l&rsquo;intelligence de Scorsese ou l&rsquo;instinct de Leonardo Dicaprio ? Le r\u00e9sultat est l\u00e0 : chaque sc\u00e8ne comporte plusieurs niveaux d&rsquo;interpr\u00e9tation qui varient selon le point de vue.<\/em><\/p><\/blockquote>\n<p style=\"text-align: justify;\"><strong><\/strong><\/p>\n<p style=\"text-align: justify;\"><strong><\/strong><\/p>\n<blockquote style=\"text-align: justify;\">\n<ul>\n<li><strong><span style=\"color: #000000;\">Alice au Pays des Merveilles<\/span><\/strong><\/li>\n<\/ul>\n<figure id=\"attachment_2785\" aria-describedby=\"caption-attachment-2785\" style=\"width: 250px\" class=\"wp-caption alignright\"><img data-recalc-dims=\"1\" loading=\"lazy\" decoding=\"async\" class=\"size-full wp-image-2785\" title=\"Alice au Pays des Merveilles\" src=\"https:\/\/i0.wp.com\/www.o-p-i.fr\/parlonsen\/wp-content\/uploads\/alice.jpg?resize=250%2C200&#038;ssl=1\" alt=\"Alice au Pays des Merveilles\" width=\"250\" height=\"200\" \/><figcaption id=\"caption-attachment-2785\" class=\"wp-caption-text\">Alice au Pays des Merveilles - Cin\u00e9 Monclar 82<\/figcaption><\/figure>\n<p><span style=\"color: #ff6600;\"><strong>Dimanche 25 \u00e0 16h<\/strong><\/span><br \/>\nR\u00e9alis\u00e9 par Tim Burton<br \/>\nAvec Johnny Depp, Mia Wasikowska , Michael Sheen<br \/>\nPlus Long-m\u00e9trage am\u00e9ricain.<br \/>\nGenre Fantastique, Aventure, Famille<br \/>\nDur\u00e9e 1h49 min<\/p>\n<p>Alice, d\u00e9sormais \u00e2g\u00e9e de 19 ans, retourne dans le monde fantastique qu&rsquo;elle a d\u00e9couvert quand elle \u00e9tait enfant. Elle y retrouve ses amis le Lapin Blanc, Bonnet Blanc et Blanc Bonnet, le Loir, la Chenille, le Chat du Cheshire et, bien entendu, le Chapelier Fou. Alice s&#8217;embarque alors dans une aventure extraordinaire o\u00f9 elle accomplira son destin : mettre fin au r\u00e8gne de terreur de la Reine Rouge.<\/p>\n<p>\u00ab\u00a0Tout le monde sait \u00e0 quoi ressemble Alice, il \u00e9tait donc important de s&rsquo;\u00e9loigner de cette image et de faire d&rsquo;elle une adolescente plus r\u00e9aliste, plus concr\u00e8te, en conservant toutefois certains aspects caract\u00e9ristiques du personnage d&rsquo;origine\u00a0\u00bb, explique Mia Wasikowska, l&rsquo;interpr\u00e8te d&rsquo;Alice. \u00ab\u00a0Aborder cette histoire sous cet angle original et la faire d\u00e9couvrir \u00e0 une nouvelle g\u00e9n\u00e9ration \u00e9tait passionnant.<br \/>\n\u00ab\u00a0Je suis convaincu que Lewis Carroll adorerait le film parce qu&rsquo;il a \u00e9t\u00e9 fait avec beaucoup de respect envers son \u0153uvre et qu&rsquo;il s&rsquo;enracine profond\u00e9ment dans l&rsquo;histoire originale\u00a0\u00bb, explique Johnny Depp. \u00ab\u00a0C&rsquo;est un v\u00e9ritable plaisir de voir l&rsquo;histoire et les personnages de Lewis Carroll s&rsquo;animer \u00e0 travers le regard de Tim Burton.\u00a0\u00bb<\/p>\n<p><em>Sortie le 24 mars. Pas encore de critiques presse<\/em><\/p><\/blockquote>\n<blockquote style=\"text-align: justify;\">\n<ul>\n<li><span style=\"color: #ff6600;\"><span style=\"color: #000000;\"><strong>Gainsbourg &#8211; (vie h\u00e9ro\u00efque) <\/strong><\/span><\/span><\/li>\n<p><figure id=\"attachment_2786\" aria-describedby=\"caption-attachment-2786\" style=\"width: 250px\" class=\"wp-caption alignright\"><strong><img data-recalc-dims=\"1\" loading=\"lazy\" decoding=\"async\" class=\"size-full wp-image-2786\" title=\"Gainsbourg\" src=\"https:\/\/i0.wp.com\/www.o-p-i.fr\/parlonsen\/wp-content\/uploads\/gainsbourg.jpg?resize=250%2C200&#038;ssl=1\" alt=\"Gainsbourg\" width=\"250\" height=\"200\" \/><\/strong><figcaption id=\"caption-attachment-2786\" class=\"wp-caption-text\">Gainsbourg - Cin\u00e9 Monclar 82<\/figcaption><\/figure><\/ul>\n<p><strong><strong><span style=\"color: #ff6600;\">Mardi 27 \u00e0 21h<\/span><\/strong><br \/>\n<\/strong>R\u00e9alis\u00e9 par Joann Sfar<br \/>\nAvec \u00c9ric Elmosnino, Lucy Gordon, Laetitia Casta, plus Long-m\u00e9trage fran\u00e7ais.<br \/>\nDur\u00e9e 2h10 min<\/p>\n<p>La vie de Gainsbourg, du jeune Lucien Ginsburg dans le Paris occup\u00e9 des ann\u00e9es 1940, jusqu&rsquo;au po\u00e8te, compositeur et chanteur c\u00e9l\u00e9br\u00e9 dans le monde entier.<br \/>\nLe film explore son itin\u00e9raire artistique, du jeune homme \u00e9pris de peinture \u00e0 la cons\u00e9cration de sa musique dont l&rsquo;avant-gardisme en a fait une v\u00e9ritable ic\u00f4ne de la culture fran\u00e7aise. Mais aussi la complexit\u00e9 de sa vie adulte \u00e0 travers ses amours tumultueuses.<\/p>\n<p>Le r\u00f4le de Serge Gainsbourg est interpr\u00e9t\u00e9 par un com\u00e9dien peu connu du grand public, \u00c9ric Elmosnino. N\u00e9 en 1964, il s&rsquo;est fait un nom sur les planches, d\u00e9crochant le Moli\u00e8re de la r\u00e9v\u00e9lation th\u00e9\u00e2trale en 2002 pour L\u00e9once et L\u00e9na. Au cin\u00e9ma, on l&rsquo;a aper\u00e7u dans des films d&rsquo;Olivier Assayas (L&rsquo;Heure d&rsquo;\u00e9t\u00e9), Bruno Podalyd\u00e8s (il \u00e9tait le clochard de Bancs publics (Versailles rive droite)) ou Valeria Bruni Tedeschi (Actrices). Quelques semaines avant la sortie de Gainsbourg (vie h\u00e9ro\u00efque), il \u00e9tait \u00e0 l&rsquo;affiche du P\u00e8re de mes enfants. \u00ab\u00a0\u00c7a me plaisait qu&rsquo;\u00c9ric ne connaisse pas Gainsbourg, \u00e7a voulait dire qu&rsquo;il ne serait pas \u00e9cras\u00e9 par ce personnage. Et d\u00e8s le premier essai, j&rsquo;ai aim\u00e9 sa d\u00e9contraction et son humour\u00a0\u00bb, note Joann Sfar.<\/p>\n<p><em>Les Inrockuptibles\u00a0: Un biopic ultrapersonnel, \u00e9l\u00e9gant et p\u00e9tillant, ludique et grave, un film lourd-l\u00e9ger comme l&rsquo;\u00e9tait Gainsbourg. (&#8230;) Une r\u00e9ussite totale.<\/em><\/p>\n<p><em>T\u00e9l\u00e9Cin\u00e9Obs\u00a0: C&rsquo;est inventif, inspir\u00e9, port\u00e9 par l&rsquo;\u00e9poustouflant Eric Elmosnino, th\u00e9\u00e2treux qui ne devrait pas le rester, et par un casting f\u00e9minin \u00e0 vous mettre l&rsquo;eau \u00e0 la bouche.<\/em><\/p><\/blockquote>\n<p style=\"text-align: justify;\"><em>Communiqu\u00e9 de <a title=\"En savoir +\" href=\"https:\/\/www.o-p-i.fr\/aupays\/annuaire\/loisirs\/cine-monclar\/\" target=\"_self\">Cin\u00e9 Monclar<\/a><\/em><\/p>\n","protected":false},"excerpt":{"rendered":"<div class=\"mh-excerpt\">A vos agendas ! Voil\u00e0 le programme de Cin\u00e9 Monclar pour le mois d&rsquo;Avril.<\/div>\n","protected":false},"author":3,"featured_media":0,"comment_status":"open","ping_status":"open","sticky":false,"template":"","format":"standard","meta":{"om_disable_all_campaigns":false,"advanced_seo_description":"","jetpack_seo_html_title":"","jetpack_seo_noindex":false,"_jetpack_memberships_contains_paid_content":false,"footnotes":"","_links_to":"","_links_to_target":""},"categories":[1,16,54,356],"tags":[82,92,143,323],"class_list":{"0":"post-2780","1":"post","2":"type-post","3":"status-publish","4":"format-standard","6":"category-culture","7":"category-monclar","8":"category-loisirs","9":"category-n-47-mars-2010","10":"tag-aines","11":"tag-cine","12":"tag-monclar-de-quercy","13":"tag-enfant"},"jetpack_featured_media_url":"","views":{"total":0,"cached_at":"","cached_date":1738515613},"jetpack_likes_enabled":true,"jetpack_sharing_enabled":true,"jetpack_shortlink":"https:\/\/wp.me\/pg7Wxj-IQ","jetpack-related-posts":[],"_links":{"self":[{"href":"https:\/\/www.o-p-i.fr\/parlonsen\/wp-json\/wp\/v2\/posts\/2780","targetHints":{"allow":["GET"]}}],"collection":[{"href":"https:\/\/www.o-p-i.fr\/parlonsen\/wp-json\/wp\/v2\/posts"}],"about":[{"href":"https:\/\/www.o-p-i.fr\/parlonsen\/wp-json\/wp\/v2\/types\/post"}],"author":[{"embeddable":true,"href":"https:\/\/www.o-p-i.fr\/parlonsen\/wp-json\/wp\/v2\/users\/3"}],"replies":[{"embeddable":true,"href":"https:\/\/www.o-p-i.fr\/parlonsen\/wp-json\/wp\/v2\/comments?post=2780"}],"version-history":[{"count":0,"href":"https:\/\/www.o-p-i.fr\/parlonsen\/wp-json\/wp\/v2\/posts\/2780\/revisions"}],"wp:attachment":[{"href":"https:\/\/www.o-p-i.fr\/parlonsen\/wp-json\/wp\/v2\/media?parent=2780"}],"wp:term":[{"taxonomy":"category","embeddable":true,"href":"https:\/\/www.o-p-i.fr\/parlonsen\/wp-json\/wp\/v2\/categories?post=2780"},{"taxonomy":"post_tag","embeddable":true,"href":"https:\/\/www.o-p-i.fr\/parlonsen\/wp-json\/wp\/v2\/tags?post=2780"}],"curies":[{"name":"wp","href":"https:\/\/api.w.org\/{rel}","templated":true}]}}