{"id":27898,"date":"2015-10-15T14:44:05","date_gmt":"2015-10-15T13:44:05","guid":{"rendered":"\/parlonsen\/?p=27898"},"modified":"2016-01-26T10:10:53","modified_gmt":"2016-01-26T09:10:53","slug":"journees-portes-ouvertes-du-conservatoire-a-puycelsi-81","status":"publish","type":"post","link":"https:\/\/www.o-p-i.fr\/parlonsen\/parlons-en\/culture\/journees-portes-ouvertes-du-conservatoire-a-puycelsi-81\/","title":{"rendered":"Journ\u00e9es Portes Ouvertes du Conservatoire &#8230; \u00e0 Puycelsi (81)"},"content":{"rendered":"<p>Les Journ\u00e9es Portes Ouvertes du Conservatoire se d\u00e9rouleront\u00a0 les<strong> Samedi 17 Octobre 2015<\/strong> (apr\u00e8s &#8211; midi) et <strong>Dimanche 18 Octobre 2015<\/strong> (journ\u00e9e) \u00e0 la Maison du Conservatoire d\u2019Esp\u00e8ces anciennes \u00e0 Puycelsi (Tarn).<!--more--><\/p>\n<figure id=\"attachment_27899\" aria-describedby=\"caption-attachment-27899\" style=\"width: 353px\" class=\"wp-caption alignright\"><a href=\"https:\/\/i0.wp.com\/www.o-p-i.fr\/parlonsen\/wp-content\/uploads\/vergerconservatoire.jpg?ssl=1\"><img data-recalc-dims=\"1\" loading=\"lazy\" decoding=\"async\" class=\"wp-image-27899 size-full\" src=\"https:\/\/i0.wp.com\/www.o-p-i.fr\/parlonsen\/wp-content\/uploads\/vergerconservatoire.jpg?resize=353%2C753&#038;ssl=1\" alt=\" Journ\u00e9es Portes Ouvertes du Conservatoire ... \u00e0 Puycelsi (81)\" width=\"353\" height=\"753\" srcset=\"https:\/\/i0.wp.com\/www.o-p-i.fr\/parlonsen\/wp-content\/uploads\/vergerconservatoire.jpg?w=353&amp;ssl=1 353w, https:\/\/i0.wp.com\/www.o-p-i.fr\/parlonsen\/wp-content\/uploads\/vergerconservatoire.jpg?resize=141%2C300&amp;ssl=1 141w, https:\/\/i0.wp.com\/www.o-p-i.fr\/parlonsen\/wp-content\/uploads\/vergerconservatoire.jpg?resize=70%2C150&amp;ssl=1 70w\" sizes=\"auto, (max-width: 353px) 100vw, 353px\" \/><\/a><figcaption id=\"caption-attachment-27899\" class=\"wp-caption-text\">Journ\u00e9es Portes Ouvertes du Conservatoire &#8230; \u00e0 Puycelsi (81)<\/figcaption><\/figure>\n<p>Situ\u00e9 \u00e0 Puycelsi, le Conservatoire d\u2019Esp\u00e8ces Fruiti\u00e8res et Vignes Anciennes, propri\u00e9t\u00e9 du D\u00e9partement du Tarn, a comme objectifs la sauvegarde et la valorisation du patrimoine biologique cultiv\u00e9 en esp\u00e8ces fruiti\u00e8res et vignes de la r\u00e9gion menac\u00e9 de disparition.<\/p>\n<p>Cette manifestation gratuite, labellis\u00e9e COP 21, a pour th\u00e8me \u00ab\u00a0La Biodiversit\u00e9 au quotidien\u00a0\u00bb<strong>.<\/strong><\/p>\n<ul>\n<li><u>Participants<\/u>\u00a0:<\/li>\n<\/ul>\n<p>Maison de la cerise de Paulhe (12), Aveyron Conservatoire R\u00e9gional du ch\u00e2taigniers, Arbres et Paysages Tarnais, Tarn Climat (grande enqu\u00eate sur les engagements pour la COP 21) partenariat avec le Centre Permanent d\u2019Initiatives \u00e0 l\u2019Environnement, Moulin d\u2019Olivery \u2026.<\/p>\n<ul>\n<li><u>Animations<\/u>\u00a0:<\/li>\n<\/ul>\n<p>&#8211; Conf\u00e9rence de M. Robert PLAGEOLES (Vigneron)\u00a0: \u00ab\u00a0A la recherche des vignes sauvages en for\u00eat de Gr\u00e9signe\u00a0\u00bb &#8211; samedi 17 \u00e0 14h30<\/p>\n<p>&#8211; visites guid\u00e9es du Conservatoire &#8211; dimanche 10h30 et 15h<\/p>\n<p>&#8211; grill\u00e9es de ch\u00e2taignes<\/p>\n<p>&#8211; atelier \u00ab\u00a0go\u00fbt et saison de la biodiversit\u00e9\u00a0\u00bb par les Petits d\u00e9brouillards de Midi &#8211; Pyr\u00e9n\u00e9es<\/p>\n<ul>\n<li><u>Expositions, ventes<\/u>\u00a0:<\/li>\n<\/ul>\n<p>Pr\u00e9sentation des fruits des collections du Conservatoire, diaporamas et ventes de produits issus de vari\u00e9t\u00e9s anciennes.<\/p>\n<p><strong>Contact\u00a0: <\/strong>Maison du Conservatoire d\u2019Esp\u00e8ces Anciennes<br \/>\n81140 PUYCELSI<br \/>\nT\u00e9l. : 05 63 33 19 41<\/p>\n<p><em>Communiqu\u00e9 par Isabelle CALVIERE,<b> <\/b>Chef de Service Direction de l&rsquo;Environnement\u00a0 Service Espaces et Biodiversit\u00e9<\/em><\/p>\n","protected":false},"excerpt":{"rendered":"<div class=\"mh-excerpt\">Les Journ\u00e9es Portes Ouvertes du Conservatoire se d\u00e9rouleront\u00a0 les Samedi 17 Octobre 2015 (apr\u00e8s &#8211; midi) et Dimanche 18 Octobre 2015 (journ\u00e9e) \u00e0 la Maison du Conservatoire d\u2019Esp\u00e8ces anciennes \u00e0 Puycelsi (Tarn).<\/div>\n","protected":false},"author":2,"featured_media":0,"comment_status":"open","ping_status":"open","sticky":false,"template":"","format":"standard","meta":{"om_disable_all_campaigns":false,"advanced_seo_description":"","jetpack_seo_html_title":"","jetpack_seo_noindex":false,"_jetpack_memberships_contains_paid_content":false,"footnotes":"","_links_to":"","_links_to_target":""},"categories":[3,51,4,42,1,55,54,704,2276],"tags":[172,180,227,234,394,478,484,516,896,1407,1525],"class_list":{"0":"post-27898","1":"post","2":"type-post","3":"status-publish","4":"format-standard","6":"category-agriculture","7":"category-artisanat","8":"category-commerce","9":"category-a-cote-de-chez-nous","10":"category-culture","11":"category-environnement","12":"category-loisirs","13":"category-cest-lautomne","14":"category-n-115-octobre-2015","15":"tag-exposition","16":"tag-atelier","17":"tag-verger-conservatoire","18":"tag-conference","19":"tag-biodiversite","20":"tag-puycelsi","21":"tag-portes-ouvertes","22":"tag-vente","23":"tag-visite","24":"tag-robert-plageoles","25":"tag-arbres-fruitiers"},"jetpack_featured_media_url":"","views":{"total":0,"cached_at":"","cached_date":1738535296},"jetpack_likes_enabled":true,"jetpack_sharing_enabled":true,"jetpack_shortlink":"https:\/\/wp.me\/pg7Wxj-7fY","jetpack-related-posts":[],"_links":{"self":[{"href":"https:\/\/www.o-p-i.fr\/parlonsen\/wp-json\/wp\/v2\/posts\/27898","targetHints":{"allow":["GET"]}}],"collection":[{"href":"https:\/\/www.o-p-i.fr\/parlonsen\/wp-json\/wp\/v2\/posts"}],"about":[{"href":"https:\/\/www.o-p-i.fr\/parlonsen\/wp-json\/wp\/v2\/types\/post"}],"author":[{"embeddable":true,"href":"https:\/\/www.o-p-i.fr\/parlonsen\/wp-json\/wp\/v2\/users\/2"}],"replies":[{"embeddable":true,"href":"https:\/\/www.o-p-i.fr\/parlonsen\/wp-json\/wp\/v2\/comments?post=27898"}],"version-history":[{"count":0,"href":"https:\/\/www.o-p-i.fr\/parlonsen\/wp-json\/wp\/v2\/posts\/27898\/revisions"}],"wp:attachment":[{"href":"https:\/\/www.o-p-i.fr\/parlonsen\/wp-json\/wp\/v2\/media?parent=27898"}],"wp:term":[{"taxonomy":"category","embeddable":true,"href":"https:\/\/www.o-p-i.fr\/parlonsen\/wp-json\/wp\/v2\/categories?post=27898"},{"taxonomy":"post_tag","embeddable":true,"href":"https:\/\/www.o-p-i.fr\/parlonsen\/wp-json\/wp\/v2\/tags?post=27898"}],"curies":[{"name":"wp","href":"https:\/\/api.w.org\/{rel}","templated":true}]}}