{"id":28012,"date":"2015-10-27T21:45:14","date_gmt":"2015-10-27T20:45:14","guid":{"rendered":"\/parlonsen\/?p=28012"},"modified":"2015-11-02T19:36:36","modified_gmt":"2015-11-02T18:36:36","slug":"un-dimanche-a-la-campagne-avec-pierick-a-genebrieres-82","status":"publish","type":"post","link":"https:\/\/www.o-p-i.fr\/parlonsen\/parlons-en\/culture\/un-dimanche-a-la-campagne-avec-pierick-a-genebrieres-82\/","title":{"rendered":"\u00ab\u00a0Un Dimanche \u00e0 la Campagne\u00a0\u00bb avec Pi\u00e9rick &#8230; \u00e0 Genebri\u00e8res (82)"},"content":{"rendered":"<p>Le <strong>Dimanche 15 Novembre 2015<\/strong> \u00e0 17h30, l&rsquo;association Chacun Son Rythme propose son premier \u00ab Dimanche \u00e0 la Campagne \u00bb : un moment convivial pass\u00e9 en compagnie d&rsquo;artistes r\u00e9gionaux ou en tourn\u00e9e dans l&rsquo;ancienne salle de bal \u00e0 Genebri\u00e8res.<!--more--><\/p>\n<figure id=\"attachment_28014\" aria-describedby=\"caption-attachment-28014\" style=\"width: 211px\" class=\"wp-caption alignright\"><a href=\"https:\/\/i0.wp.com\/www.o-p-i.fr\/parlonsen\/wp-content\/uploads\/Pierick-dimanchealacampagne1.jpg?ssl=1\"><img data-recalc-dims=\"1\" loading=\"lazy\" decoding=\"async\" class=\"wp-image-28014 size-medium\" src=\"https:\/\/i0.wp.com\/www.o-p-i.fr\/parlonsen\/wp-content\/uploads\/Pierick-dimanchealacampagne1.jpg?resize=211%2C300&#038;ssl=1\" alt=\"Pi\u00e9rick - Un dimanche \u00e0 la Campagne - Genebri\u00e8res (82)\" width=\"211\" height=\"300\" srcset=\"https:\/\/i0.wp.com\/www.o-p-i.fr\/parlonsen\/wp-content\/uploads\/Pierick-dimanchealacampagne1.jpg?resize=211%2C300&amp;ssl=1 211w, https:\/\/i0.wp.com\/www.o-p-i.fr\/parlonsen\/wp-content\/uploads\/Pierick-dimanchealacampagne1.jpg?resize=719%2C1024&amp;ssl=1 719w, https:\/\/i0.wp.com\/www.o-p-i.fr\/parlonsen\/wp-content\/uploads\/Pierick-dimanchealacampagne1.jpg?resize=105%2C150&amp;ssl=1 105w, https:\/\/i0.wp.com\/www.o-p-i.fr\/parlonsen\/wp-content\/uploads\/Pierick-dimanchealacampagne1.jpg?resize=400%2C570&amp;ssl=1 400w, https:\/\/i0.wp.com\/www.o-p-i.fr\/parlonsen\/wp-content\/uploads\/Pierick-dimanchealacampagne1.jpg?w=2000&amp;ssl=1 2000w\" sizes=\"auto, (max-width: 211px) 100vw, 211px\" \/><\/a><figcaption id=\"caption-attachment-28014\" class=\"wp-caption-text\">Pi\u00e9rick &#8211; Un dimanche \u00e0 la Campagne &#8211; Genebri\u00e8res (82)<\/figcaption><\/figure>\n<p>\u00ab Une plume fine et pr\u00e9cise, au service d&rsquo;un humour noir et provocateur, parfois cynique mais toujours subtil, le tout joyeusement mis en musique \u00bb.<\/p>\n<p>\u200bCertains le connaissent d\u00e9j\u00e0 pour avoir \u00e9t\u00e9 le chanteur\/guitariste et auteur du groupe poil-\u00e0 gratter toulousain Les Malpolis. Autodidacte, il a entre autres, \u00e9t\u00e9 biberonn\u00e9 \u00e0 l&rsquo;esprit \u00ab do-it-yourself \u00bb du punk, \u00e0 l&rsquo;humour de Desproges et de Cavanna, et aux m\u00e9lodies de Brassens.<\/p>\n<p>Avec un regard aff\u00fbt\u00e9 et souvent grin\u00e7ant qu&rsquo;il porte sur notre quotidien, Pi\u00e9rick croque en chanson des portraits de personnages path\u00e9tiques, narre des histoires o\u00f9 souvent le macabre devient rocambolesque, ou se d\u00e9peint lui m\u00eame aux prises avec les tourments de l&rsquo;existence, avec une ironie mordante.<\/p>\n<p>Sur sc\u00e8ne, son spectacle Solo, \u00e0 la forme volontairement d\u00e9pouill\u00e9e lui permet de privil\u00e9gier avec sa guitare, la proximit\u00e9 et la simplicit\u00e9. Il s&rsquo;adresse au public entre les chansons, dans de courts apart\u00e9s o\u00f9 fusent saillies et aphorismes.<\/p>\n<p>Vid\u00e9os, titres en \u00e9coute, dates, etc&#8230; sur <a href=\"http:\/\/pierick.jimdo.com\">pierick.jimdo.com<\/a><\/p>\n<p>Concert suivie d&rsquo;un ap\u00e9ro avec l&rsquo;artiste .<\/p>\n<p>Boissons et assiettes amuse-gueule en vente sur place.<\/p>\n<p>R\u00e9servations conseill\u00e9es<\/p>\n<p><strong>Tarif :<\/strong><br \/>\nEntr\u00e9e : 6 euros<\/p>\n<p><strong>Contact : <\/strong><a href=\"https:\/\/www.o-p-i.fr\/aupays\/annuaire\/loisirs\/chacun-son-rythme\/\" rel=\"bookmark\">Chacun son rythme<\/a><\/p>\n<div class=\"entry-thumbnails\"><a href=\"https:\/\/www.o-p-i.fr\/aupays\/annuaire\/loisirs\/chacun-son-rythme\/\"><img decoding=\"async\" title=\"Chacun son rythme\" src=\"https:\/\/www.o-p-i.fr\/aupays\/wp-content\/themes\/arras-theme\/library\/timthumb.php?src=https:\/\/www.o-p-i.fr\/aupays\/wp-content\/uploads\/logo_chacunsonrythme.jpg&amp;w=190&amp;h=100&amp;zc=1\" alt=\"Chacun son rythme\" \/><\/a><span class=\"entry-meta\"><abbr class=\"published\" title=\"2015-09-18T10:00:35+00:00\">&#8230;<\/abbr><\/span><\/div>\n<p>T\u00e9l. :\u00a0 07 83 28 44 37<br \/>\nCourriel :\u00a0 <a href=\"mailto:dimanchesalacampagne@gmail.com\">dimanchesalacampagne@gmail.com<\/a><\/p>\n<p><em>Communiqu\u00e9 par Thiery Sonterra<br \/>\n<\/em><\/p>\n","protected":false},"excerpt":{"rendered":"<div class=\"mh-excerpt\">Le Dimanche 15 Novembre 2015 \u00e0 17h30, l&rsquo;association Chacun Son Rythme propose son premier \u00ab Dimanche \u00e0 la Campagne \u00bb : un moment convivial pass\u00e9 en compagnie d&rsquo;artistes r\u00e9gionaux ou en tourn\u00e9e dans l&rsquo;ancienne salle <a class=\"mh-excerpt-more\" href=\"https:\/\/www.o-p-i.fr\/parlonsen\/parlons-en\/culture\/un-dimanche-a-la-campagne-avec-pierick-a-genebrieres-82\/\" title=\"\u00ab\u00a0Un Dimanche \u00e0 la Campagne\u00a0\u00bb avec Pi\u00e9rick &#8230; \u00e0 Genebri\u00e8res (82)\">[&#8230;]<\/a><\/div>\n","protected":false},"author":2,"featured_media":0,"comment_status":"open","ping_status":"open","sticky":false,"template":"","format":"standard","meta":{"om_disable_all_campaigns":false,"advanced_seo_description":"","jetpack_seo_html_title":"","jetpack_seo_noindex":false,"_jetpack_memberships_contains_paid_content":false,"footnotes":"","_links_to":"","_links_to_target":""},"categories":[1,29,54,2370],"tags":[43,132,2552,416,1327],"class_list":{"0":"post-28012","1":"post","2":"type-post","3":"status-publish","4":"format-standard","6":"category-culture","7":"category-genebrieres","8":"category-loisirs","9":"category-n-116-novembre-2015","10":"tag-concert","11":"tag-spectacle","12":"tag-genebrieres","13":"tag-chanson","14":"tag-humour"},"jetpack_featured_media_url":"","views":{"total":0,"cached_at":"","cached_date":1738442327},"jetpack_likes_enabled":true,"jetpack_sharing_enabled":true,"jetpack_shortlink":"https:\/\/wp.me\/pg7Wxj-7hO","jetpack-related-posts":[],"_links":{"self":[{"href":"https:\/\/www.o-p-i.fr\/parlonsen\/wp-json\/wp\/v2\/posts\/28012","targetHints":{"allow":["GET"]}}],"collection":[{"href":"https:\/\/www.o-p-i.fr\/parlonsen\/wp-json\/wp\/v2\/posts"}],"about":[{"href":"https:\/\/www.o-p-i.fr\/parlonsen\/wp-json\/wp\/v2\/types\/post"}],"author":[{"embeddable":true,"href":"https:\/\/www.o-p-i.fr\/parlonsen\/wp-json\/wp\/v2\/users\/2"}],"replies":[{"embeddable":true,"href":"https:\/\/www.o-p-i.fr\/parlonsen\/wp-json\/wp\/v2\/comments?post=28012"}],"version-history":[{"count":0,"href":"https:\/\/www.o-p-i.fr\/parlonsen\/wp-json\/wp\/v2\/posts\/28012\/revisions"}],"wp:attachment":[{"href":"https:\/\/www.o-p-i.fr\/parlonsen\/wp-json\/wp\/v2\/media?parent=28012"}],"wp:term":[{"taxonomy":"category","embeddable":true,"href":"https:\/\/www.o-p-i.fr\/parlonsen\/wp-json\/wp\/v2\/categories?post=28012"},{"taxonomy":"post_tag","embeddable":true,"href":"https:\/\/www.o-p-i.fr\/parlonsen\/wp-json\/wp\/v2\/tags?post=28012"}],"curies":[{"name":"wp","href":"https:\/\/api.w.org\/{rel}","templated":true}]}}