{"id":28016,"date":"2015-11-04T07:53:51","date_gmt":"2015-11-04T06:53:51","guid":{"rendered":"\/parlonsen\/?p=28016"},"modified":"2015-10-28T08:27:29","modified_gmt":"2015-10-28T07:27:29","slug":"projection-debat-happiness-therapy-a-rabastens-81","status":"publish","type":"post","link":"https:\/\/www.o-p-i.fr\/parlonsen\/parlons-en\/culture\/projection-debat-happiness-therapy-a-rabastens-81\/","title":{"rendered":"Projection-D\u00e9bat \u00ab\u00a0Happiness Therapy\u00a0\u00bb &#8230; \u00e0 Rabastens (81)"},"content":{"rendered":"<p style=\"text-align: justify;\">Ambre Bleu et le 7\u00e8me Art pour tous, en partenariat avec l&rsquo;UNAFAM et les \u00ab Psy Causent \u00bb organisent une soir\u00e9e cin\u00e9ma le <strong>Vendredi 20 Novembre 2015<\/strong>\u00a0 \u00e0 20h30, \u00e0 la Halle de Rabastens.<!--more--><\/p>\n<figure id=\"attachment_28017\" aria-describedby=\"caption-attachment-28017\" style=\"width: 225px\" class=\"wp-caption alignright\"><a href=\"https:\/\/i0.wp.com\/www.o-p-i.fr\/parlonsen\/wp-content\/uploads\/happinesstherapy.jpg?ssl=1\"><img data-recalc-dims=\"1\" loading=\"lazy\" decoding=\"async\" class=\"size-medium wp-image-28017\" src=\"https:\/\/i0.wp.com\/www.o-p-i.fr\/parlonsen\/wp-content\/uploads\/happinesstherapy.jpg?resize=225%2C300&#038;ssl=1\" alt=\"Happiness Therapy\" width=\"225\" height=\"300\" srcset=\"https:\/\/i0.wp.com\/www.o-p-i.fr\/parlonsen\/wp-content\/uploads\/happinesstherapy.jpg?resize=225%2C300&amp;ssl=1 225w, https:\/\/i0.wp.com\/www.o-p-i.fr\/parlonsen\/wp-content\/uploads\/happinesstherapy.jpg?resize=113%2C150&amp;ssl=1 113w, https:\/\/i0.wp.com\/www.o-p-i.fr\/parlonsen\/wp-content\/uploads\/happinesstherapy.jpg?resize=400%2C533&amp;ssl=1 400w, https:\/\/i0.wp.com\/www.o-p-i.fr\/parlonsen\/wp-content\/uploads\/happinesstherapy.jpg?w=600&amp;ssl=1 600w\" sizes=\"auto, (max-width: 225px) 100vw, 225px\" \/><\/a><figcaption id=\"caption-attachment-28017\" class=\"wp-caption-text\">Happiness Therapy<\/figcaption><\/figure>\n<p style=\"text-align: justify;\">Nombreux sont les films qui nous parlent de la maladie psychique, certains \u00e9tant plus justes ou plus caricaturaux que d&rsquo;autres&#8230;. Le film de David O Russell ne fait pas exception, il ouvre une fen\u00eatre sur un monde \u00e9trange pour certains, habituel pour d&rsquo;autres, douloureux pour beaucoup.<\/p>\n<p style=\"text-align: justify; padding-left: 30px;\"><strong>Happiness Therapy<\/strong><br \/>\nLa vie r\u00e9serve parfois quelques surprises\u2026<br \/>\nPat Solatano a tout perdu : sa maison, son travail et sa femme. Il se retrouve m\u00eame dans l\u2019obligation d\u2019emm\u00e9nager chez ses parents.<br \/>\nMalgr\u00e9 tout, Pat affiche un optimisme \u00e0 toute \u00e9preuve et est d\u00e9termin\u00e9 \u00e0 se reconstruire et \u00e0 renouer avec son ex-femme.<br \/>\nRapidement, il rencontre Tiffany, une jolie jeune femme ayant eu un parcours mouvement\u00e9. Tiffany se propose d\u2019aider Pat \u00e0 reconqu\u00e9rir sa femme, \u00e0 condition qu\u2019il lui rende un service en retour. Un lien inattendu commence \u00e0 se former entre eux et, ensemble, ils vont essayer de reprendre en main leurs vies respectives. <em>Source <a href=\"http:\/\/www.allocine.fr\/film\/fichefilm_gen_cfilm=145397.html\" target=\"_blank\">Allocine<\/a><\/em><\/p>\n<p style=\"text-align: justify;\">Apr\u00e8s la projection du film de David O Russel, Happiness Therapy, la parole sera donn\u00e9e \u00e0 la salle, l&rsquo;UNAFAM et les \u00ab\u00a0Psy Causent\u00a0\u00bb r\u00e9pondront aux questions du public et animeront le d\u00e9bat. La soir\u00e9e se terminera par un petit moment de convivialit\u00e9 autour d&rsquo;un verre.<\/p>\n<p style=\"text-align: justify;\">L&rsquo;association Ambre Bleu et le cin\u00e9ma 7\u00e8me art souhaitent sensibiliser le public \u00e0 ce monde \u00e9tranger et favoriser ainsi la bienveillance et la tol\u00e9rance.<\/p>\n<p><strong>Tarif :<\/strong><br \/>\nUnique : 5 \u20ac<\/p>\n<p style=\"text-align: justify;\"><strong> Pour y aller <\/strong><br \/>\n<a href=\"https:\/\/www.google.fr\/maps\/place\/La+Halle\/@43.8224405,1.7246439,15z\/data=!4m2!3m1!1s0x0:0x601e40c7137773e5?sa=X&amp;ved=0CHMQ_BIwC2oVChMIgd_sy8vkyAIVxFgaCh00IAWW\">La Halle<\/a><br \/>\n<a href=\"https:\/\/www.google.fr\/maps\/place\/La+Halle\/@43.8224405,1.7246439,15z\/data=!4m2!3m1!1s0x0:0x601e40c7137773e5?sa=X&amp;ved=0CHMQ_BIwC2oVChMIgd_sy8vkyAIVxFgaCh00IAWW\"> 2 Place Saint-Michel<\/a><br \/>\n<a href=\"https:\/\/www.google.fr\/maps\/place\/La+Halle\/@43.8224405,1.7246439,15z\/data=!4m2!3m1!1s0x0:0x601e40c7137773e5?sa=X&amp;ved=0CHMQ_BIwC2oVChMIgd_sy8vkyAIVxFgaCh00IAWW\"> 81800 Rabastens<\/a><\/p>\n<p><em>Information communiqu\u00e9e par Vanessa Pellerin, charg\u00e9e officielle de la promotion de cette manifestation.<\/em><\/p>\n","protected":false},"excerpt":{"rendered":"<div class=\"mh-excerpt\">Ambre Bleu et le 7\u00e8me Art pour tous, en partenariat avec l&rsquo;UNAFAM et les \u00ab Psy Causent \u00bb organisent une soir\u00e9e cin\u00e9ma le Vendredi 20 Novembre 2015\u00a0 \u00e0 20h30, \u00e0 la Halle de Rabastens.<\/div>\n","protected":false},"author":2,"featured_media":0,"comment_status":"open","ping_status":"open","sticky":false,"template":"","format":"standard","meta":{"om_disable_all_campaigns":false,"advanced_seo_description":"","jetpack_seo_html_title":"","jetpack_seo_noindex":false,"_jetpack_memberships_contains_paid_content":false,"footnotes":"","_links_to":"","_links_to_target":""},"categories":[42,1,54,58,2370],"tags":[72,92,111,189,330,1912],"class_list":{"0":"post-28016","1":"post","2":"type-post","3":"status-publish","4":"format-standard","6":"category-a-cote-de-chez-nous","7":"category-culture","8":"category-loisirs","9":"category-sante","10":"category-n-116-novembre-2015","11":"tag-rabastens","12":"tag-cine","13":"tag-projection","14":"tag-debat","15":"tag-rencontre","16":"tag-therapies-alternatives"},"jetpack_featured_media_url":"","views":{"total":0,"cached_at":"","cached_date":1738518305},"jetpack_likes_enabled":true,"jetpack_sharing_enabled":true,"jetpack_shortlink":"https:\/\/wp.me\/pg7Wxj-7hS","jetpack-related-posts":[],"_links":{"self":[{"href":"https:\/\/www.o-p-i.fr\/parlonsen\/wp-json\/wp\/v2\/posts\/28016","targetHints":{"allow":["GET"]}}],"collection":[{"href":"https:\/\/www.o-p-i.fr\/parlonsen\/wp-json\/wp\/v2\/posts"}],"about":[{"href":"https:\/\/www.o-p-i.fr\/parlonsen\/wp-json\/wp\/v2\/types\/post"}],"author":[{"embeddable":true,"href":"https:\/\/www.o-p-i.fr\/parlonsen\/wp-json\/wp\/v2\/users\/2"}],"replies":[{"embeddable":true,"href":"https:\/\/www.o-p-i.fr\/parlonsen\/wp-json\/wp\/v2\/comments?post=28016"}],"version-history":[{"count":0,"href":"https:\/\/www.o-p-i.fr\/parlonsen\/wp-json\/wp\/v2\/posts\/28016\/revisions"}],"wp:attachment":[{"href":"https:\/\/www.o-p-i.fr\/parlonsen\/wp-json\/wp\/v2\/media?parent=28016"}],"wp:term":[{"taxonomy":"category","embeddable":true,"href":"https:\/\/www.o-p-i.fr\/parlonsen\/wp-json\/wp\/v2\/categories?post=28016"},{"taxonomy":"post_tag","embeddable":true,"href":"https:\/\/www.o-p-i.fr\/parlonsen\/wp-json\/wp\/v2\/tags?post=28016"}],"curies":[{"name":"wp","href":"https:\/\/api.w.org\/{rel}","templated":true}]}}