{"id":28116,"date":"2015-11-09T19:49:57","date_gmt":"2015-11-09T18:49:57","guid":{"rendered":"\/parlonsen\/?p=28116"},"modified":"2015-11-12T17:31:59","modified_gmt":"2015-11-12T16:31:59","slug":"stage-ecriture-de-chansons-a-gaillac-81-2","status":"publish","type":"post","link":"https:\/\/www.o-p-i.fr\/parlonsen\/parlons-en\/culture\/stage-ecriture-de-chansons-a-gaillac-81-2\/","title":{"rendered":"Stage \u00ab \u00c9criture de chansons \u00bb \u2026 \u00e0 Gaillac (81)"},"content":{"rendered":"<p>La MJC de Gaillac propose un stage d\u2019\u00e9criture de chansons le <strong>Samedi 21 Novembre 2015<\/strong>. <!--more--><span id=\"more-24591\"><\/span><\/p>\n<p>Frank Schiff, auteur-compositeur, vous propose une approche originale des diff\u00e9rentes \u00e9tapes du processus de cr\u00e9ation d\u2019une chanson autour d\u2019un th\u00e8me d\u00e9fini ensemble dans le respect de la personnalit\u00e9 de chacun(e).<\/p>\n<p>L\u2019\u00e9criture, le phras\u00e9, la m\u00e9lodie et l\u2019interpr\u00e9tation seront au menu de cette journ\u00e9e.<\/p>\n<p>Pour tous, tous styles, musiciens ou non.<\/p>\n<p>A partir de 15 ans (et de 10 ans si accompagn\u00e9 d&rsquo;un parent participant).<\/p>\n<p><strong>Tarif : <\/strong><br \/>\n40\u20ac\/personne<\/p>\n<p><strong>Contacts :<\/strong> <a href=\"https:\/\/www.o-p-i.fr\/aupays\/annuaire\/loisirs\/mjc-de-gaillac\/\" rel=\"bookmark\">MJC de Gaillac<\/a><\/p>\n<div class=\"entry-thumbnails\"><a href=\"https:\/\/www.o-p-i.fr\/aupays\/annuaire\/loisirs\/mjc-de-gaillac\/\"><img decoding=\"async\" title=\"MJC de Gaillac\" src=\"https:\/\/www.o-p-i.fr\/aupays\/wp-content\/themes\/arras-theme\/library\/timthumb.php?src=https:\/\/www.o-p-i.fr\/aupays\/wp-content\/uploads\/logo-mjcgaillac.jpg&amp;w=190&amp;h=100&amp;zc=1\" alt=\"MJC de Gaillac\" \/><\/a><span class=\"entry-meta\"><abbr class=\"published\" title=\"2015-01-05T15:55:04+01:00\">\u2026<\/abbr><\/span><\/div>\n<p><em>Communiqu\u00e9 par Frank Schiff<\/em><\/p>\n","protected":false},"excerpt":{"rendered":"<div class=\"mh-excerpt\">La MJC de Gaillac propose un stage d\u2019\u00e9criture de chansons le Samedi 21 Novembre 2015.<\/div>\n","protected":false},"author":2,"featured_media":0,"comment_status":"open","ping_status":"open","sticky":false,"template":"","format":"standard","meta":{"om_disable_all_campaigns":false,"advanced_seo_description":"","jetpack_seo_html_title":"","jetpack_seo_noindex":false,"_jetpack_memberships_contains_paid_content":false,"footnotes":"","_links_to":"","_links_to_target":""},"categories":[42,1,725,54,2370],"tags":[195,202,215,416,925],"class_list":{"0":"post-28116","1":"post","2":"type-post","3":"status-publish","4":"format-standard","6":"category-a-cote-de-chez-nous","7":"category-culture","8":"category-formation-parlons-en","9":"category-loisirs","10":"category-n-116-novembre-2015","11":"tag-stage","12":"tag-mjc","13":"tag-gaillac","14":"tag-chanson","15":"tag-ecriture"},"jetpack_featured_media_url":"","views":{"total":0,"cached_at":"","cached_date":1738518274},"jetpack_likes_enabled":true,"jetpack_sharing_enabled":true,"jetpack_shortlink":"https:\/\/wp.me\/pg7Wxj-7ju","jetpack-related-posts":[],"_links":{"self":[{"href":"https:\/\/www.o-p-i.fr\/parlonsen\/wp-json\/wp\/v2\/posts\/28116","targetHints":{"allow":["GET"]}}],"collection":[{"href":"https:\/\/www.o-p-i.fr\/parlonsen\/wp-json\/wp\/v2\/posts"}],"about":[{"href":"https:\/\/www.o-p-i.fr\/parlonsen\/wp-json\/wp\/v2\/types\/post"}],"author":[{"embeddable":true,"href":"https:\/\/www.o-p-i.fr\/parlonsen\/wp-json\/wp\/v2\/users\/2"}],"replies":[{"embeddable":true,"href":"https:\/\/www.o-p-i.fr\/parlonsen\/wp-json\/wp\/v2\/comments?post=28116"}],"version-history":[{"count":0,"href":"https:\/\/www.o-p-i.fr\/parlonsen\/wp-json\/wp\/v2\/posts\/28116\/revisions"}],"wp:attachment":[{"href":"https:\/\/www.o-p-i.fr\/parlonsen\/wp-json\/wp\/v2\/media?parent=28116"}],"wp:term":[{"taxonomy":"category","embeddable":true,"href":"https:\/\/www.o-p-i.fr\/parlonsen\/wp-json\/wp\/v2\/categories?post=28116"},{"taxonomy":"post_tag","embeddable":true,"href":"https:\/\/www.o-p-i.fr\/parlonsen\/wp-json\/wp\/v2\/tags?post=28116"}],"curies":[{"name":"wp","href":"https:\/\/api.w.org\/{rel}","templated":true}]}}