{"id":28212,"date":"2016-11-15T20:00:54","date_gmt":"2016-11-15T19:00:54","guid":{"rendered":"\/parlonsen\/?p=28212"},"modified":"2017-10-05T12:47:12","modified_gmt":"2017-10-05T11:47:12","slug":"les-vide-greniers-2016-au-pays-des-tescous","status":"publish","type":"post","link":"https:\/\/www.o-p-i.fr\/parlonsen\/localisation\/au-pays-des-tescous\/villebrumier\/les-vide-greniers-2016-au-pays-des-tescous\/","title":{"rendered":"Les Vide-Greniers 2016\/2017 &#8230; au Pays des Tescou&rsquo;s"},"content":{"rendered":"<p>Comme de coutume, \u00ab\u00a0Parlons-en\u00a0\u00bb propose aux\u00a0organisateurs de Vide-Greniers,\u00a0\u00e0\u00a0ceux qui souhaitent exposer&#8230; et \u00e0\u00a0ceux qui veulent \u00ab\u00a0chiner\u00a0\u00bb au Pays des Tescou&rsquo;s\u00a0 et dans les environs, sa page sp\u00e9ciale Vide-greniers .<!--more--><\/p>\n<p style=\"text-align: justify;\">Vous organisez un \u00ab\u00a0vide-greniers\u00a0\u00bb, \u00ab\u00a0vide-garages\u00a0\u00bb, \u00ab\u00a0range ta chambre\u00a0\u00bb, \u00ab\u00a0vide jardins\u00a0\u00bb, \u00ab\u00a0troc\u00a0\u00bb, \u00ab\u00a0bourse\u00a0\u00bb &#8230; faites le savoir gr\u00e2ce au site d&rsquo;O.P.I. des Tescou&rsquo;s et \u00e0 la lettre d&rsquo;information \u00a0\u00ab\u00a0Parlons-en\u00a0\u00bb envoy\u00e9e par courriel \u00e0 plus de 3000\u00a0familles qui vivent ici, au \u00ab\u00a0Pays des Tescou&rsquo;s\u00a0\u00bb.\u00a0 Adressez vos informations \u00e0 <a href=\"mailto:parlonsen@o-p-i.fr\"><strong>parlonsen@o-p-i<\/strong>.fr<\/a> en pr\u00e9cisant comme objet : \u00ab\u00a0vide-greniers\u00a0\u00bb. Si vous joignez le bulletin d&rsquo;inscription, les personnes int\u00e9ress\u00e9es pourront le t\u00e9l\u00e9charger.<\/p>\n<h5>Dimanche 8 octobre 2017<\/h5>\n<ul>\n<li><strong>LA SALVETAT BELMONTET<\/strong> \u00a0Vide greniers et bourse aux jouets organis\u00e9 par le Comit\u00e9 des F\u00eates<br \/>\nRenseignements et r\u00e9servations:\u00a005 63 64 63 99 (2 euros le ML)<\/li>\n<li><strong>GAILLAC<\/strong> Organis\u00e9 par l&rsquo;\u00e9cole de rugby\u00a0Stade Laborie ou Bernard Laporte (<em>Avenue Flandres Dunkerque<\/em>)<br \/>\nEmplacement sur le parking du stade de rugby , placement des 7h00 . Restauration possible sur place ( saucisse frite boisson)<br \/>\nTarif 3\u20ac le m\u00e8tre lin\u00e9aire Rnseignements et r\u00e9servation: Julie DELDOSSI,\u00a006 17 94 49 06, mail: <a href=\"mailto:deldossijulie@live.fr\">deldossijulie@live.fr<\/a><\/li>\n<\/ul>\n<h5>Dimanche 15 octobre 2017<\/h5>\n<ul>\n<li><strong>SAINT ETIENNE DE TULMONT<\/strong> \u00a0Place de Tulmolenc<br \/>\nTarif : emplacement de 3 m sur 2m 8\u20ac. Tous les emplacements sont \u00e0 l&rsquo;ext\u00e9rieur.<br \/>\nRenseignements et r\u00e9servations:\u00a007 86 73 26 60<\/li>\n<\/ul>\n<h5>Samedi 11 novembre 2017<\/h5>\n<ul>\n<li><strong>SAINT URCISSE<\/strong> \u00ab\u00a0Les Vies de Jardin\u00a0\u00bb Salle des F\u00eates\u00a0Vide Greniers en lien avec les jardins sous tous leurs aspects (outils, d\u00e9co, mobilier de jardin &#8230;) et change-plantes.<br \/>\nRenseignements et r\u00e9servations: Marie-Claire:\u00a006 13 18 20 48<\/li>\n<\/ul>\n<h2 style=\"text-align: center;\">Trop tard, ils ont d\u00e9j\u00e0 eu lieu<\/h2>\n<h5>Dimanche\u00a024 janvier 2016<\/h5>\n<ul>\n<li><strong>CAUSSADE<\/strong>\u00a0Organis\u00e9 par l&rsquo;association de parents d&rsquo;\u00e9l\u00e8ves des \u00e9coles MAR:CEL PAGNOL,\u00a0Espace BONNAIS (<em>Rue de la Solida rit\u00e9<\/em>)<br \/>\nExposants :\u00a0installation \u00e0 partir de 7h jusqu&rsquo;\u00e0 9h00<br \/>\nTarifs : 10\u20ac l&#8217;emplacement int\u00e9rieur de 4ml x 2ml,\u00a01 caf\u00e9 offert par emplacement.<br \/>\nR\u00e9servation : <a href=\"mailto:jeromepecharman@orange.fr\">jeromepecharman@orange.fr<\/a> ou\u00a0 06 75 74 29 17 (HR)<br \/>\nBuvette et restauration sur place<\/li>\n<\/ul>\n<h5>Dimanche 7 f\u00e9vrier 2016<\/h5>\n<ul>\n<li><strong>LE CARREYRAT<\/strong> (MONTAUBAN) Organis\u00e9 par \u00ab\u00a0Entre-Nous\u00a0\u00bb \u00e0 la salle des f\u00eates, de 9h. \u00e0 18h.<br \/>\nBuvette et restauration sur place<br \/>\nRenseignements\/r\u00e9servations: 06 71 30 31 52<\/li>\n<li><strong>CAYRAC<\/strong> (82) Vide grenier de l&rsquo;association des parents d&rsquo;\u00e9l\u00e8ves R\u00e9alville \/ Cayrac\u00a0\u00e0 la Salle des f\u00eates de Cayrac<br \/>\nInscription uniquement par tel au 06 30 79 12 77 . Merci de r\u00e9server d\u00e8s que possible.<br \/>\nTarif int\u00e9rieur :\u00a01 table de 2.50m\u00e8tre = 7.50\u20ac,\u00a01table de 2.50m\u00e8tre + 1m\u00e8tre espace vide = 8\u20ac au lieu de 10.50\u20ac;\u00a0Les paiements\u00a0 se feront sur place le jour du vide grenier<br \/>\nCaf\u00e9 et g\u00e2teau offert aux exposants,\u00a0Accueil des exposants \u00e0 partir de 7h00 jusqu&rsquo; 18h30<br \/>\nArriv\u00e9e du public 8h00 jusqu&rsquo;18h30<br \/>\nSur place restauration et buvette.<\/li>\n<\/ul>\n<h5>Dimanche 21 f\u00e9vrier 2016<\/h5>\n<ul>\n<li><strong>RABASTENS<\/strong> Salon de l&rsquo;arme ancienne\u00a0Salle Roger\u00a0BETEILLE (<em>Rue du Moulin \u00c0 Vent<\/em>)<br \/>\nDe 9h. \u00e0 18h. Entr\u00e9e payante : 3\u20ac<\/li>\n<\/ul>\n<h5>Dimanche 6 Mars 2016<\/h5>\n<ul>\n<li><strong>MONCLAR de QUERCY<\/strong> &#8211; Grand Vide Greniers de Printemps organis\u00e9 par l&rsquo;APEL St Jospeh &#8211;\u00a0 Esplanade des Lacs \/ Salle Polyvalente \/ Boulodrome couvert<br \/>\nBuvette et restauration sur place &#8211; Saucisse\/Merguez &#8211; Frites &#8211; Cr\u00eapes &#8230;<br \/>\nTarifs : 2\u20ac le Ml \u00e0 l\u2019ext\u00e9rieur \/ 3\u20ac le Ml sous le boulodrome \/ 4\u20ac le Ml dans la salle polyvalente<br \/>\nRenseignements et inscriptions : \u00ab\u00a0APEL St Joseph\u00a0\u00bb\u00a0 : 06.99.11.43.21<br \/>\nPour t\u00e9l\u00e9charger le bulletin d&rsquo;inscription, cliquez<strong> <a href=\"https:\/\/www.o-p-i.fr\/parlonsen\/wp-content\/uploads\/Inscription-vide-grenier-APEL-St-Joseph.pdf\">ICI<\/a><\/strong><\/li>\n<\/ul>\n<h5>Dimanche 13 mars 2016<\/h5>\n<ul>\n<li><strong>BRUNIQUEL\u00a0<\/strong>Vide biblioth\u00e8que<strong>\u00a0<\/strong>organis\u00e9 par l\u2019association Vert-Tige. De 8 heures \u00e0 18 heures dans la salle des f\u00eates, Place Georges Gandil, salle chauff\u00e9e. Ouvert \u00e0 tous!<br \/>\nInscriptions sur <strong><a href=\"mailto:soulie.christiane1402@gmail.com\">soulie.christiane1402@gmail.com<\/a><\/strong> ou au 06 62 27 97 98. Emplacements de 2 m\u00e8tres, la table de 1.80 et 2 chaises fournies : 5 \u20ac. Nombre d\u2019emplacements limit\u00e9s, inscriptions obligatoires. Photocopie de carte d\u2019identit\u00e9, bulletin d\u2019inscription et ch\u00e8que au nom de l\u2019association \u201cVert Tige Bruniquel\u201c pour toute r\u00e9servation effective.<br \/>\nAccueil des exposants \u00e0 partir de 7h. Uniquement livres, magazines, disques, CD, DVD, cartes postales, affiches, vieux papiers.<br \/>\nBuvette sur place, restauration dans le village.<\/li>\n<li><strong>VILLEMUR<\/strong>\u00a02\u00e8me Vide-greniers, Foire \u00e0 tout de l&rsquo;ASV Foot,\u00a0Centre Bernadou (<em>62 Bis Avenue du G\u00e9n Leclerc<\/em>)<br \/>\nOuvert de 9h \u00e0 18h. Ouverture aux exposants \u00e0 partir de 6h. 2 \u20ac le m\u00e8tre (r\u00e9servation conseill\u00e9e et valid\u00e9e apr\u00e8s paiement). Inscription jusqu&rsquo;au mercredi 9 mars 2016. Exposants accept\u00e9s le jour m\u00eame sous r\u00e9serve des places disponibles.<br \/>\nPetite restauration sur place (sandwiches, frites, buvette, etc.)<\/li>\n<\/ul>\n<h5>Samedi 19 et dimanche 20 mars 2016<\/h5>\n<ul>\n<li><strong>COUFFOULEUX<\/strong> \u00ab\u00a0Broc&rsquo;Enfants\u00a0\u00bb organis\u00e9 par l&rsquo;Association des Parents d&rsquo;El\u00e8ves, salle Herv\u00e9 de Guerdavid et gymnase.<br \/>\nJeux, livres, v\u00eatements, mat\u00e9riel de pu\u00e9riculture&#8230;<br \/>\nBuvette et restauration sur place. Pour r\u00e9servation d&#8217;emplacement : <a href=\"mailto:ape.couffouleux@yahoo.fr\">ape.couffouleux@yahoo.fr<\/a><\/li>\n<\/ul>\n<h5>Dimanche 20 mars 2016<\/h5>\n<ul>\n<li><strong>MONCLAR de QUERCY<\/strong> &#8211; \u00a0Vide Greniers,\u00a0organis\u00e9 par l\u2019Office de Tourisme,\u00a0de 9h \u00e0 18h, salle polyvalente et boulodrome<br \/>\nRenseignements: Office de Tourisme 05.63.30.31.72 \/ E-mail : tourisme@monclardequercy.com<br \/>\nPour t\u00e9l\u00e9charger le bulletin d&rsquo;inscription, cliquez <strong><a href=\"https:\/\/www.o-p-i.fr\/parlonsen\/wp-content\/uploads\/Vide-grenier-20-mars-OT-Monclar-PDF.pdf\">ICI<\/a><\/strong><\/li>\n<li><strong>ALBIAS<\/strong> Sur le parking \u00ab\u00a0Casse Auto\u00a0\u00bb. Renseignements\/ 06 44 06 50 81<br \/>\nTarifs exposant : 20\u20ac les 8ml ; 25\u20ac les 10ml<\/li>\n<\/ul>\n<h5>Lundi 28 mars 2016<\/h5>\n<ul>\n<li><strong>SAINT NAUPHARY\u00a0<\/strong>Organis\u00e9 par l&rsquo;association \u00ab\u00a0Lo R\u00e9viscol\u00a0\u00bb\n<div class=\"column100Eq moduleContent\">prix : 2 \u20ac le ml\u00a0les emplacements de 10 ml et plus seront enregistr\u00e9s apr\u00e8s paiement.<br \/>\nLes ch\u00e8ques sont \u00e0 r\u00e9diger \u00e0 l&rsquo;ordre de : Lo R\u00e9viscol<br \/>\nRenseignements : Edm\u00e9 CAMPAGNOLI : 05 61 09 39 92 ou 06 79 60 58 76 ou\u00a0\u00a0Jocelyne BENTEO : 06 84 70 92 18<br \/>\nPour t\u00e9l\u00e9charger le bulletin d&rsquo;inscription, cliquez<strong>\u00a0 <a href=\"https:\/\/www.o-p-i.fr\/parlonsen\/wp-content\/uploads\/VG-Lo-Reviscol-2016.pdf\">ICI<\/a><\/strong><\/div>\n<\/li>\n<\/ul>\n<h5>Dimanche 3 avril 2016<\/h5>\n<ul>\n<li><strong>ALBIAS<\/strong> Vide grenier\u00a0Salle (<em>Impasse de la Mairie<\/em>)\n<div class=\"telPublic\">\n<div class=\"telPublicNumero\">R\u00e9servation par t\u00e9l\u00e9phone: 06 87 81 75 49 ou\u00a005 63 31 13 42 ou\u00a005 63 31 08 87<br \/>\nPrix des r\u00e9servation int\u00e9rieur salle 14 euros 10m\u00b2, ext\u00e9rieur salle 12 euros 10m\u00b2<\/div>\n<\/div>\n<\/li>\n<li><strong>RABASTENS<\/strong>\u00a0<strong>ATTENTION !\u00a0REPORTE AU 24 AVRIL 2016<\/strong> Vide greniers organis\u00e9 par le SARC sur les lices.<br \/>\nTarif 4\u20ac le ml. Renseignement et inscription: Madame Anne-Sophie PARISOT<br \/>\nBuvette, petite restauration<\/li>\n<li><strong>GAILLAC<\/strong> \u00c9cole Eug\u00e9nie de Gu\u00e9rin (<em>Place Maurice et Eug\u00e9nie de Gu\u00e9rin<\/em>)<\/li>\n<li><strong>CAUSSADE<\/strong> Organis\u00e9 par la Croix Rouge\u00a0Espace Aim\u00e9 Bonna\u00efs (<em>Rue de la Solidarit\u00e9<\/em>)<\/li>\n<\/ul>\n<h5>Dimanche 10 avril 2016<\/h5>\n<ul>\n<li><strong>ORGUEIL<\/strong> Troc aux Plantes organis\u00e9 par La Ruche d&rsquo;Orgueil<br \/>\n<a href=\"https:\/\/www.o-p-i.fr\/parlonsen\/localisation\/a-cote-de-chez-nous\/troc-aux-plantes-saison-quatre-a-orgueil-82\/\">En savoir +<\/a><\/li>\n<li><strong>REALMONT<\/strong>\u00a0<span class=\"tagZone\"><span class=\"inline vAlignMiddle\">Bourse aux v\u00eatements<\/span> <\/span><span class=\"tagZone\">\u00a0<span class=\"inline vAlignMiddle\">Bourse aux jouets Ecole st joseph (<em>54 Avenue G\u00e9n de Gaulle<\/em>)<\/span><\/span><\/li>\n<li><strong>SAYRAC (VILLEMUR SUR TARN)<\/strong>\u00a0Vide greniers foire \u00e0 tout Parking Salle des f\u00eates de Sayrac (<em>Route des \u00c9coles<\/em>)<br \/>\nRenseignements:\u00a0Marie Laure Bobillon \u00a006.51.77.77.45 ou\u00a0Audrey Ramond \u00a006.23.46.27.05<\/li>\n<li><strong>ALBIAS<\/strong> Vide greniers organis\u00e9 par l&rsquo;APEL de l&rsquo;\u00e9cole Saint Pie X, \u00e0 la salle omnisport<br \/>\nRenseignements :\u00a0APEL \u00e9cole St Pie X \u00a0:\u00a006 41 66 47 87<\/li>\n<\/ul>\n<h5>Dimanche 17 avril 2016<\/h5>\n<ul>\n<li><strong>LISLE SUR TARN<\/strong> Organis\u00e9 par l&rsquo;AEP Bellevue, rue des promenades<br \/>\nRenseignements :\u00a006 52 76 18 71 (Azam, le soir apr\u00e8s 19h.)<\/li>\n<li><strong>LA MAGISTERE<\/strong> Organis\u00e9 par \u00ab\u00a0Cap vers l&rsquo;avenir\u00a0\u00bb\u00a0de 9h \u00e0\u00a019h\n<div class=\"pre\">Tarif: 2\u20ac\/m lin\u00e9aire ext\u00e9rieur et 4\u20ac \/m lin\u00e9aire en salle<br \/>\nAccueil des participants \u00e0 partir de 3h30\u00a0Possibilit\u00e9 d&rsquo;arriver la veille buvette\/grillades<br \/>\nEntre 300 et 500 exposants<br \/>\nContacts : 06 80 13 58 57 ou 06 07 34 04 57<\/div>\n<\/li>\n<li><strong>GAILLAC<\/strong> vide greniers des jeunes sapeur pompiers\u00a0Place de la Lib\u00e9ration\n<div class=\"telPublicInformations\">Renseignements: Mr Gaudechon:\u00a006.81.86.81.31<\/div>\n<\/li>\n<\/ul>\n<h5>Dimanche 24 avril 2016<\/h5>\n<ul>\n<li><strong>ALBIAS<\/strong> Organis\u00e9 par l&rsquo;U.N.C. dans la salle omnisport et sur son parking<br \/>\nTarifs exposants : ext\u00e9rieur 2,50ml =5\u20ac, int\u00e9rieur 3 ml =10\u20ac (table et chaise fournies)<br \/>\nRenseignements : M. Lilian HUGUET 05 63 30 34 83<br \/>\nPour \u00a0t\u00e9l\u00e9charger le bulletin d&rsquo;inscription, cliquez \u00a0 <strong><a href=\"https:\/\/www.o-p-i.fr\/parlonsen\/wp-content\/uploads\/Fiche-inscription-Vide-Greniers-ALBIAS.pdf\">ICI<br \/>\n<\/a><\/strong>\u00e0 retourner avec r\u00e8glement \u00e0 Lilian HUGUET, 1115 Route d&rsquo;Albis 82800NEGREPELISSE<\/li>\n<li><strong>RABASTENS<\/strong>\u00a0\u00a0Vide greniers organis\u00e9 par le SARC sur les lices.<br \/>\nTarif 4\u20ac le ml. Renseignement et inscription: Madame Anne-Sophie PARISOT<br \/>\nBuvette, petite restauration<\/li>\n<li><strong>VILLEMUR SUR TARN<\/strong>\u00a05eme vide grenier et 2eme foire a tout du <strong><a class=\"link\" href=\"https:\/\/www.facebook.com\/dogtuningclub31\" target=\"_blank\" rel=\"noopener noreferrer\">dogtuningclub31<\/a>,<\/strong> \u00e0 la minoterie avenue Winston Churchill<br \/>\nRenseignements:\u00a00783882015 ou\u00a00658065101<br \/>\nPour t\u00e9l\u00e9charger le bulletin d&rsquo;inscription, cliquez\u00a0 <strong><a href=\"https:\/\/www.o-p-i.fr\/parlonsen\/wp-content\/uploads\/inscription-VG-foire-a-tout.pdf\">ICI<\/a><\/strong><\/li>\n<\/ul>\n<h5>Dimanche 1er mai 2016<\/h5>\n<ul>\n<li><strong>LEOJAC<\/strong> Organis\u00e9 par la soci\u00e9t\u00e9 de chasse, salle des f\u00eates et parking<br \/>\nTarif : 10\u20ac emplacement 5m x 5m ext\u00e9rieur, 5\u20ac le ml \u00e0 l&rsquo;int\u00e9rieur (tables et chaises fournies)<br \/>\nBuvette et restauration sur place<br \/>\nRenseignements : 06 81 42 08 63<br \/>\nPour t\u00e9l\u00e9charger le bulletin d&rsquo;inscription, cliquez\u00a0 <strong><a href=\"https:\/\/www.o-p-i.fr\/parlonsen\/wp-content\/uploads\/VG-ACCA-LEOJAC-2016.pdf\">ICI<\/a><\/strong><\/li>\n<li><strong>ALBIAS<\/strong>\u00a0\u00a0L&rsquo;Association Animation Ambiance Albias (comit\u00e9 des f\u00eates d&rsquo;Albias) propose son grand nettoyage de printemps :\u00a0On fait le tri dans son jardin, sa maison, sa cave, son grenier&#8230; et on passe une journ\u00e9e \u00e0 se divertir et \u00e0 se vider l&rsquo;esprit.<br \/>\nVIDE JARDIN :\u00a0Ventes, trocs de mat\u00e9riel de jardin, de plantes, de graines, de bulbes, de pots, d&rsquo;outils, de mobilier&#8230;r\u00e9alis\u00e9 par des particuliers et des professionnels.<br \/>\nVIDE GRENIER :Ventes d&rsquo;objets dont vous n&rsquo;avez plus usage. R\u00e9alis\u00e9 par des particuliers.<br \/>\nPr\u00e9sence toute la journ\u00e9e de la buvette, vente de cr\u00eapes, de g\u00e2teaux, saucisses, frites.<br \/>\nEmplacements \u00e0 l&rsquo;int\u00e9rieur : 2.50x2m= 14\u20ac avec tables et chaises<br \/>\nEmplacements \u00e0 l&rsquo;ext\u00e9rieur : 2.50x2m= 12\u20ac \u00a0vide<br \/>\nContact\u00a0:\u00a0 Tel 06 73 63 42 97\u00a0; \u00a0mail\u00a0 <a href=\"mailto:ambianceanimationalbias@yahoo.fr\">ambianceanimationalbias@yahoo.fr<\/a><\/li>\n<\/ul>\n<h5>Jeudi 5 mai 2016<\/h5>\n<ul>\n<li><strong>GIROUSSENS<\/strong> Organis\u00e9 par le Comit\u00e9 des F\u00eates<br \/>\n3.50\u20ac le ml pour particulier, 4.50\u20ac le ml pour professionnel.<br \/>\nLa date limite d&rsquo;inscription pour les habitants de la Commune de Giroussens est le 24 mars 2016 et pour les autres, le\u00a014 avril 2016.<br \/>\nPour plus de renseignement : <strong><a href=\"https:\/\/sites.google.com\/site\/comitegiroussens\/vide-grenier\">Comit\u00e9 des f\u00eates Giroussens<\/a><\/strong><br \/>\nPour t\u00e9l\u00e9charger le bulletin d&rsquo;inscription, cliquez\u00a0 <strong><a href=\"https:\/\/www.o-p-i.fr\/parlonsen\/wp-content\/uploads\/INSCRIPTION__VG2016Giroussens.pdf\">ICI<\/a><\/strong><\/li>\n<li><strong>TAURIAC\u00a0<\/strong>7eme vide grenier,\u00a0organis\u00e9 par l&rsquo;association AVEM LESER (Jacques 05 63 40 51 76)<br \/>\nBuvette et sandwichs sur place<br \/>\nLe prix des emplacements est de\u00a06\u20ac les 5 m\u00e8tres pour les particuliers\u00a020\u20ac les 5 m\u00e8tres pour les professionnels<br \/>\nTous les d\u00e9tails sont disponibles sur le bulletin d&rsquo;inscription \u00e0 t\u00e9l\u00e9charger. en cliquant\u00a0 <strong><a href=\"https:\/\/www.o-p-i.fr\/parlonsen\/wp-content\/uploads\/Ins-VG-Tauriac-Avem-Leser-2016.pdf\">ICI<\/a><\/strong><\/li>\n<\/ul>\n<h5>Dimanche 8 mai 2016<\/h5>\n<div class=\"moz-text-html\" lang=\"x-unicode\">\n<p><strong>GAILLAC<\/strong> Organis\u00e9 par l&rsquo;association\u00a0\u00a0\u00bb LA \u00a0CROUZETTERIE \u00a0LA \u00a0DAYMARIE\u00a0\u00bb<br \/>\nChemin de Cornebouc ( Brico-D\u00eapot )\u00a081600 \u00a0GAILLAC<br \/>\nRenseignements:\u00a0Bernard Fabre \u00a005 63 57 17 36 ou\u00a006 82 54 71 14<\/p>\n<\/div>\n<ul>\n<li><strong>CAUSSADE\u00a0<\/strong>Organis\u00e9 par le \u00ab\u00a0Tennis Quercy\u00a0Caussadais\u00a0\u00bb \u00a0au centre de loisirs Monteils\/Caussade (\u00e0 cot\u00e9 des stades)<br \/>\nR\u00e9servation et renseignements au 06 89 37 09 23 (laisser un message ou apr\u00e8s 20h00).<br \/>\nPour t\u00e9l\u00e9charger le bulletin d&rsquo;inscription, cliquez\u00a0 <strong><a href=\"https:\/\/www.o-p-i.fr\/parlonsen\/wp-content\/uploads\/Ins-VG-Tennis-Caussade.pdf\">ICI<\/a><\/strong><br \/>\nBulletin d&rsquo;inscription et r\u00e8glement \u00e0 retourner au plus tard le 04 mai 2016 \u00e0 :<br \/>\nTennis Quercy Caussadais, stade Dr Olive, BP 47, 82300 Caussade C\u00e9dex<\/li>\n<li><strong>VILLEMUR<\/strong> Le Terme (<em>Rue de l&rsquo;\u00c9glise Saint-Etienne<\/em>) Vide greniers foire exposition. Organis\u00e9 par le Comit\u00e9 des f\u00eates du Terme<br \/>\nRenseignements :\u00a0Marin Dominique :\u00a00683948572<\/li>\n<\/ul>\n<h5>Dimanche 15 mai 2016<\/h5>\n<ul>\n<li><strong>COURSAC (24)<\/strong>\u00a0\u00a0 \u00e0 12 km de P\u00e9rigueux de 8h00 \u00e0 17h00 dans la cour des \u00e9coles,<br \/>\n.Jeux gratuits pour les enfants et restauration + buvette sur place<br \/>\nContact\u00a0 : Bru M\u00e9lanie :\u00a00665655104<br \/>\nPour t\u00e9l\u00e9charger le bulletin d&rsquo;inscription, cliquez\u00a0 <strong><a href=\"https:\/\/www.o-p-i.fr\/parlonsen\/wp-content\/uploads\/inscription-VG-Coursac.pdf\">ICI<\/a><\/strong><\/li>\n<li><strong>ALBIAS<\/strong> Vide greniers et bourse aux jouets organis\u00e9 par l&rsquo;\u00e9cole\u00a0publique \u00e9l\u00e9mentaire (<em>12 Rue Raymond Serbier<\/em>).\u00a0Dans la cour et sur le parking int\u00e9rieur de l&rsquo;\u00e9cole publique \u00e9l\u00e9mentaire.<br \/>\nBuvette et snack sur place : sandwichs, frites, boissons&#8230; .<\/li>\n<\/ul>\n<h5><strong>Dimanche 22 mai 2016<\/strong><\/h5>\n<ul>\n<li><strong>SAINT NAUPHARY<\/strong>\u00a0L\u2019Amicale des Parents d\u2019El\u00e8ves organise son vide grenier sur la place du village.<br \/>\nBuvette toute la journ\u00e9e, Restauration le midi ( grillade\/frites ).<br \/>\nPour t\u00e9l\u00e9charger le bulletin d&rsquo;inscription, cliquez <strong><a href=\"https:\/\/www.o-p-i.fr\/parlonsen\/wp-content\/uploads\/Ins-VG-APE-St-Nauphary-2016.pdf\">ICI<\/a><\/strong><\/li>\n<li><strong>MONCLAR DE QUERCY<\/strong>\u00a0Le club des A\u00een\u00e9s de Saint Etienne de Tulmont\u00a0organise son\u00a0vide grenier \u00e0 l&rsquo;esplanade des lacs \u00e0 Monclar de Quercy<br \/>\nTarif du m\u00e8tre lin\u00e9aire : 2 \u20ac\u00a0ext\u00e9rieur et boulodrome, 3 \u20ac\u00e0 l&rsquo;\u00a0int\u00e9rieur.\u00a0Les tables ne sont pas fournies aux exposants.<br \/>\nInstallation des exposants \u00e0 partir de 7 H.\u00a0Restauration et buvette sur place : grillades, frites, cr\u00eapes<br \/>\nRenseignements au : 06.43.64.97.68 ou\u00a005.63.66.68.79<br \/>\nClub des A\u00een\u00e9s St\u00e9phanois,\u00a0Guiral Josiane,\u00a05 r\u00e9sidence Galm\u00e9s Impasse des Loriots,\u00a082410-Saint Etienne de Tulmont<\/li>\n<li><strong>MONTAUBAN<\/strong> Vide greniers organis\u00e9 par l&rsquo;Institut Familial et Th\u00e9as, 1 all\u00e9es\u00a0Montarieu, cour du coll\u00e8ge (entre CCI et Pr\u00e9fecture)<br \/>\nRenseignements: Eric ROBERT o6 03 29 70 62 apr\u00e8s 16h30<\/li>\n<li><strong>CAUSSADE<\/strong> Organis\u00e9 par le Hand Ball Caussadais.\u00a0Le vide greniers se d\u00e9roulera autour de la salle Bonnais mais en cas de mauvais temps il sera \u00e0 l&rsquo;int\u00e9rieur de la salle donc les places \u00e0 l int\u00e9rieur \u00e9tant limit\u00e9 seuls les premiers inscrits seront pris<\/li>\n<li><strong>REYNIES<\/strong> Puces des couturi\u00e8re,\u00a0salle des f\u00eates (<em>Place du Souvenir<\/em>)<\/li>\n<\/ul>\n<h5>Dimanche 5 juin 2016<\/h5>\n<ul>\n<li><strong>NOHIC\u00a0<\/strong>\u00a0Espace Boris Vian : Vide-greniers organis\u00e9 par le Comit\u00e9 des F\u00eates<br \/>\nPour t\u00e9l\u00e9charger le bulletin d&rsquo;inscription, cliquez:\u00a0<a href=\"https:\/\/www.o-p-i.fr\/parlonsen\/wp-content\/uploads\/VG-NOHIC-ins.pdf\">VG NOHIC ins<\/a><br \/>\nUne apr\u00e8s-midi d\u00e9tente avec vos enfants\u00a0 (entr\u00e9e gratuite) : Espace des All\u00e8gres (plan d&rsquo;eau de Nohic) :\u00a0 \u00c9chapp\u00e9e douce autour du Lac de Nohic organis\u00e9e par la communaut\u00e9 de communes du Terroir de Grisolles et Villebrumier<br \/>\nDes contes et des jeux pour enfants &#8211; d\u00e9couverte de la faune et de la flore &#8211; fabrication de produits d&rsquo;entretien naturels &#8211; Fabrication de compost &#8211; et bien d&rsquo;autres animations &#8211; Boissons et p\u00e2tisseries pour le go\u00fbter<\/li>\n<li><b>SAINT BEAUZILE<\/b> Le Comit\u00e9 des f\u00eates de St Beauzile organise un vide-greniers sur la place de l&rsquo;\u00e9glise de 9h \u00e0 19h.<br \/>\nBuvette et petite restauration sur place.<br \/>\nPour les exposants installation \u00e0 partir de 8h, r\u00e9serv\u00e9 aux particuliers (places limit\u00e9es) ; 2 \u20ac le m\u00e8tre lin\u00e9aire. Caf\u00e9 offert aux exposants. Renseignements, inscription : 05 63 57 41 13.<\/li>\n<li><strong>RABASTENS<\/strong> 6eme Vide greniers du Foot organis\u00e9 par\u00a0\u00a0le <strong><a href=\"http:\/\/fcvignoble81.com\/vide-grenier.html\" target=\"_blank\" rel=\"noopener noreferrer\">\u00ab\u00a0Football Club Vignoble 81\u00a0\u00bb<\/a>\u00a0 <\/strong>Sur la promenade des Lices<br \/>\nRestauration: buvette, sandwiches, frites. Renseignements: 07 68 91 37 82<\/li>\n<li><strong>MONTAUBAN<\/strong>\u00a0L\u2019\u00e9cole Hugues Panassi\u00e9 (Sapiac) situ\u00e9e 12 Rue Barry Courtaud \u00e0 Montauban organise, de 8h \u00e0 17h un vide grenier sp\u00e9cial enfants .<br \/>\nRestauration sur place. Animations pour les enfants.<br \/>\nSi vous souhaitez participer, inscrivez-vous d\u00e8s maintenant au 06 21 52 28 50 ou <a href=\"https:\/\/webmail.eu.com\/?_task=mail&amp;_action=show&amp;_uid=5490&amp;_mbox=INBOX&amp;_caps=pdf%3D1%2Cflash%3D1%2Ctif%3D0#NOP\">\u00e9cole.sapiac82@gmail.com<\/a><\/li>\n<\/ul>\n<h5>Dimanche 12 juin 2016<\/h5>\n<ul>\n<li><strong>GAILLAC<\/strong> Organis\u00e9 par La Calandreta de GAILLAC, Square Joffre \u00e0 GAILLAC (81).<br \/>\nBuvette et restauration sur place<br \/>\nInscriptions et renseignements : <a href=\"mailto:vide.grenier.oc@gmail.com\" target=\"_blank\" rel=\"noopener noreferrer\">vide.grenier.oc@gmail.com<\/a> \/ 06 64 64 27 55.<br \/>\n<a href=\"http:\/\/www.calandreta-galhac.org\/index.php?post\/2016\/06\/01\/A-vos-agendas-%3A-Vide-Grenier-de-la-Calandreta-le-Dimanche-12-Juin-%28Square-Joffre-Gaillac%29-%21\" target=\"_blank\" rel=\"noopener noreferrer\"><strong>En savoir +<\/strong>\u00a0<\/a><\/li>\n<li><strong>CORDES SUR CIEL<\/strong> \u00a0Organisateur \u00a0<a id=\"mnfDetail_pseudo\" class=\"lienUtilisateur clickable link\" title=\"Profil de Amicale des sapeurs pompiers de Cordes\" href=\"http:\/\/www.manageo.fr\/fiche_info\/814289344\/16\/amicale-des-sapeurs-pompiers-de-cordes-sur-ciel.html\" target=\"_blank\" rel=\"noopener noreferrer\">Amicale des sapeurs pompiers de Cordes<\/a>\u00a0Stade de cordes (<em>Rue du C\u00e9rou<\/em>)<br \/>\nInscription le matin avec pi\u00e8ce d&rsquo;identit\u00e9 \u00e0 partir de 6h : pas de r\u00e9servation &#8211; 13\u20ac les 5 metres<br \/>\nSandwich plateau repas boisson a la buvette sur le site<\/li>\n<li><strong>CAUSSADE<\/strong> Grand vide greniers du coll\u00e8ge Pierre Darasse.\u00a0Espace BONNAIS interieur et ext\u00e9rieur (<em>Rue de la Solidarit\u00e9<\/em>)<br \/>\nBuvette et restauration sur place<\/li>\n<li><strong>REYNIES<\/strong>\u00a0Organis\u00e9 par l&rsquo;association des parents d&rsquo;\u00e9l\u00e8ves;\u00a0Esplanade de moulis<br \/>\nSite ombrag\u00e9.\u00a0Buvette et restauration possible.<\/li>\n<\/ul>\n<h5>Samedi 18 juin 2016<\/h5>\n<ul>\n<li><strong>ORGUEIL<\/strong> Vide greniers\/vide poussettes et march\u00e9 gourmand avec producteurs locaux.\n<div class=\"content\">\n<div class=\"telPublic\">\n<div class=\"telPublicNumero\">Renseignements\/Inscriptions: 06 71 10 37 67\u00a0Mr MONTET Christian<br \/>\nRepas de la f\u00eate de la musique le soir avec le DUO CONTRASTE. R\u00e9servations du repas au m\u00eame num\u00e9ro . 15\u20ac \/ personne<\/div>\n<\/div>\n<\/div>\n<\/li>\n<\/ul>\n<h5>Dimanche 19 juin 2016<\/h5>\n<ul>\n<li><strong>VILLEMUR SUR TARN<\/strong> Place de Magnanac (<em>Route de Villaudric<\/em>)<br \/>\npour les exposants de 7 h 00-19 h 00. Inscriptions avant le 17 juin 2016.<br \/>\nEmplacements de 4 m 9 Euros, 7 m 13 Euros, 10 m 19 Euros<br \/>\nRenseignements:\u00a0Mme BRINGUIER\u00a00665495156<\/li>\n<li><strong>GAILLAC<\/strong>\u00a0Parc PICHERY &#8211; MJC GAILLAC (<em>10 Avenue Aspirant Buffet<\/em>)\u00a0Restauration sur place<\/li>\n<\/ul>\n<h5>Dimanche 26 juin 2016<\/h5>\n<ul>\n<li><strong>BRUNIQUEL\/SAINT MAFFRE<\/strong> \u00a0Organis\u00e9 par l&rsquo;association \u00ab\u00a0Saint Maffre Dynamique\u00a0\u00bb<br \/>\nTarif : 5 euros pour 3 m\u00e8tres lin\u00e9aire, 1 euro le m\u00e8tre suppl\u00e9mentaire.<br \/>\nRenseignements et inscription : \u00a0au 06.21.58.56.93 ou au 06.08.57.23.39<br \/>\nDossier d\u2019inscription \u00e0 remplir<\/li>\n<li><strong>SAINT NAUPHARY<\/strong> Organis\u00e9 par le SNAC Omnisport, au stade de Saint Nauphary<br \/>\nTarif exposants : 10\u20ac les 5ml (possibilit\u00e9 de v\u00e9hicule derri\u00e8re le stand)<br \/>\nPetite restauration sur place<br \/>\nRenseignements :\u00a0Mr BOURGEOIS Michel\u00a005 63 67 96 37 et 06 74 43 48 82 ou\u00a006 16 80 06 20<br \/>\nPour t\u00e9l\u00e9charger le bulletin de r\u00e9servation, cliquez : <strong><a href=\"https:\/\/www.o-p-i.fr\/parlonsen\/wp-content\/uploads\/INSC.-V.G.-St-No-26_16.pdf\">INSC. V.G. St No 26_16<\/a><\/strong><\/li>\n<\/ul>\n<h5>Dimanche 3 juillet 2016<\/h5>\n<ul>\n<li><strong>RABASTENS \/ VERTUS<\/strong> Organis\u00e9 par l&rsquo;association <strong><a href=\"http:\/\/www.lesamisdevertus.fr\/\" target=\"_blank\" rel=\"noopener noreferrer\">\u00ab\u00a0Les Amis de Vertus\u00a0\u00bb<\/a><\/strong> pour la 5\u00e8me ann\u00e9e cons\u00e9cutive.<br \/>\nVide-greniers champ\u00eatre sur un terrain situ\u00e9 sur la D 20 \u00e0 300 ml de l&rsquo;\u00e9glise de Vertus et \u00e0 5 km de Rabastens<br \/>\nTous les b\u00e9n\u00e9fices de la manifestations serviront \u00e0 restaurer l&rsquo;\u00e9glise du hameau en vue de sa r\u00e9ouverture.<br \/>\nPour t\u00e9l\u00e9charger le bulletin d&rsquo;inscription <strong>:<a href=\"https:\/\/www.o-p-i.fr\/parlonsen\/wp-content\/uploads\/R\u00e9servation_videgrenier_VERTUS-2016.pdf\">R\u00e9servation_videgrenier_VERTUS 2016<\/a><\/strong><\/li>\n<\/ul>\n<h5>Samedi 9 juillet 2016<\/h5>\n<ul>\n<li><strong>GAILLAC<\/strong> Ventre de livrers retir\u00e9s des collections de la M\u00e9diath\u00e8que (M\u00e9diath\u00e8que Intercommunale Tarn &amp; Dadou (<em>Place d&rsquo;Hautpoul<\/em>)<br \/>\nLa m\u00e9diath\u00e8que est le seul exposant de cette vente.<\/li>\n<\/ul>\n<h5>Dimanche 10 juillet 2016<\/h5>\n<ul>\n<li><strong>MONTGAILLARD<\/strong> La soci\u00e9t\u00e9 de chasse de Montgaillard organise un vide greniers\/brocante\/bourse toutes collections.<br \/>\nRenseignements : 05 63 64 55 75 apr\u00e8s 19h. ou 05 63 40 56 23 heures des repas.<br \/>\nPour t\u00e9l\u00e9charger le bulletin d&rsquo;inscription, cliquez\u00a0 <strong><a href=\"https:\/\/www.o-p-i.fr\/parlonsen\/wp-content\/uploads\/Inscription-V-G-Montgaillard.pdf\">ICI<\/a><\/strong><\/li>\n<li><strong>MONCLAR de QUERCY<\/strong> Vide-biblioth\u00e8que place des Capitouls \u00e0 Monclar-de-Quercy . <a href=\"https:\/\/www.o-p-i.fr\/parlonsen\/parlons-en\/culture\/marches-occitans-la-saison-commence-a-monclar-de-quercy-82\/\">En savoir +<\/a><br \/>\nEmplacement disponible uniquement sur r\u00e9servation. Office de Tourisme T\u00e9l. 05.63.30.31.72<\/li>\n<\/ul>\n<h5><strong>Dimanche 24 Juillet 2016<br \/>\n<\/strong><\/h5>\n<ul>\n<li><strong>MONCLAR de QUERCY<\/strong> Vide-biblioth\u00e8que place des Capitouls \u00e0 Monclar-de-Quercy . <a href=\"https:\/\/www.o-p-i.fr\/parlonsen\/parlons-en\/culture\/marches-occitans-la-saison-commence-a-monclar-de-quercy-82\/\">En savoir +<\/a><br \/>\nEmplacement disponible uniquement sur r\u00e9servation. Office de Tourisme T\u00e9l. 05.63.30.31.72<\/li>\n<\/ul>\n<h5>Dimanche 31 Juillet 2016<\/h5>\n<ul>\n<li><strong>MONCLAR de QUERCY<\/strong> Vide-biblioth\u00e8que place des Capitouls \u00e0 Monclar-de-Quercy . <a href=\"https:\/\/www.o-p-i.fr\/parlonsen\/parlons-en\/culture\/marches-occitans-la-saison-commence-a-monclar-de-quercy-82\/\">En savoir +<\/a><br \/>\nEmplacement disponible uniquement sur r\u00e9servation. Office de Tourisme T\u00e9l. 05.63.30.31.72<\/li>\n<li><strong>LARROQUE<\/strong> Vide Grenier de 7h \u00e0 18h, sur terrain ombrag\u00e9 en bord de la V\u00e8re \u2013 Restauration sur place<br \/>\nTarif Exposants : 3\u20ac le ml \/ Inscriptions : 06 20 89 03 77<\/li>\n<li><strong>PEYROLE<\/strong> Vide Grenier du Comit\u00e9 des F\u00eates En savoir +<\/li>\n<li><strong>MONTGAILLARD<\/strong> Vide maison \u00ab\u00a0La dague haute\u00a0\u00bb 1430 route de Verlhac<br \/>\nMeubles, iterie, \u00e9clairage, petit tapis, objets d&rsquo;art, linge de maison<\/li>\n<li><strong>BRUNIQUEL<\/strong> Organis\u00e9 par le Comit\u00e9 des F\u00eates, promenade du Ravelin<br \/>\nPetite restauration, boissons fra\u00eeches.<\/li>\n<\/ul>\n<h5><strong>Dimanche 7 ao\u00fbt 2016<\/strong><\/h5>\n<ul>\n<li><strong>SAINT ETIENNE DE TULMONT<\/strong> Organis\u00e9\u00a0par\u00a0le\u00a0Comit\u00e9\u00a0des\u00a0F\u00eates (F\u00eate\u00a0Votive\u00a0du\u00a005\u00a0au\u00a008\u00a0Ao\u00fbt)<br \/>\ninstallation\u00a0des\u00a0exposants\u00a0de\u00a06h\u00a0\u00e0\u00a08h30 &#8211; Grande\u00a0tombola\u00a0gratuite\u00a0le\u00a0jour\u00a0du\u00a0vide-greniers<br \/>\nTarif\u00a0:\u00a08\u20ac\u00a0les\u00a03ml\u00a0\u00a0\/ quelques\u00a0places\u00a0pour\u00a0camionnettes \/\/ Restauration\u00a0sur\u00a0place\u00a0\/ WC\u00a0public<br \/>\nContact\u00a0:\u00a005\u00a063\u00a020\u00a018\u00a048<br \/>\nPour t\u00e9l\u00e9charger le bulletin d&rsquo;inscription, cliquez <strong><a href=\"https:\/\/www.o-p-i.fr\/parlonsen\/wp-content\/uploads\/Ins-VG-st-etienne-tulmont-2016.pdf\">ICI<\/a><\/strong><\/li>\n<\/ul>\n<ul>\n<li><strong>MONCLAR de QUERCY<\/strong> Vide-biblioth\u00e8que place des Capitouls \u00e0 Monclar-de-Quercy . <a href=\"https:\/\/www.o-p-i.fr\/parlonsen\/parlons-en\/culture\/marches-occitans-la-saison-commence-a-monclar-de-quercy-82\/\">En savoir +<\/a><br \/>\nEmplacement disponible uniquement sur r\u00e9servation. Office de Tourisme T\u00e9l. 05.63.30.31.72<\/li>\n<li><strong>GAILLAC<\/strong>. \u00a0Rue Portal GAILLAC \u00a0(<em>Rue Saint-Pierre<\/em>) Reservee en priorite aux habitants particuliers du quartier. pas de professionnel.<\/li>\n<\/ul>\n<h5>Dimanche 14 Ao\u00fbt 2016<\/h5>\n<ul>\n<li><strong>MONCLAR de QUERCY<\/strong> Vide-biblioth\u00e8que place des Capitouls \u00e0 Monclar-de-Quercy . <a href=\"https:\/\/www.o-p-i.fr\/parlonsen\/parlons-en\/culture\/marches-occitans-la-saison-commence-a-monclar-de-quercy-82\/\">En savoir +<\/a><br \/>\nEmplacement disponible uniquement sur r\u00e9servation. Office de Tourisme T\u00e9l. 05.63.30.31.72<\/li>\n<\/ul>\n<h5>Lundi 15 ao\u00fbt 2016<\/h5>\n<ul>\n<li><strong>LISLE SUR TARN<\/strong> \u00a033eme\u00a0bourse toutes collections,\u00a0de 10 \u00e0 18 heures\u00a0sous les couverts et la place centrale. Inscriptions et\u00a0 renseignements\u00a0uniquement par \u00e9crit \u00e0 : Lisle je t&rsquo;aime,\u00a06 rue Porte Peyrole,\u00a081310 Lisle sur Tarn<\/li>\n<\/ul>\n<h5>Vendredi 19 Ao\u00fbt 2016<\/h5>\n<ul>\n<li><strong>PUYCELSI<\/strong> Vide Greniers nocturne organis\u00e9 par le Comit\u00e9 des F\u00eates, \u00e0 partir de 17h<br \/>\nPetite restauration sur place <a href=\"https:\/\/www.o-p-i.fr\/parlonsen\/parlons-en\/culture\/fete-de-village-a-puycelsi-81\/\">En savoir +<\/a><\/li>\n<\/ul>\n<h5>Dimanche 21 Ao\u00fbt 2016<\/h5>\n<ul>\n<li><strong>MONCLAR de QUERCY<\/strong> Vide-biblioth\u00e8que place des Capitouls \u00e0 Monclar-de-Quercy . <a href=\"https:\/\/www.o-p-i.fr\/parlonsen\/parlons-en\/culture\/marches-occitans-la-saison-commence-a-monclar-de-quercy-82\/\">En savoir +<\/a><br \/>\nEmplacement disponible uniquement sur r\u00e9servation. Office de Tourisme T\u00e9l. 05.63.30.31.72<\/li>\n<\/ul>\n<h5>Dimanche 28 Ao\u00fbt 2016<\/h5>\n<ul>\n<li><strong>MONCLAR de QUERCY<\/strong> Vide-biblioth\u00e8que place des Capitouls \u00e0 Monclar-de-Quercy . <a href=\"https:\/\/www.o-p-i.fr\/parlonsen\/parlons-en\/culture\/marches-occitans-la-saison-commence-a-monclar-de-quercy-82\/\">En savoir +<\/a><br \/>\nEmplacement disponible uniquement sur r\u00e9servation. Office de Tourisme T\u00e9l. 05.63.30.31.72<\/li>\n<\/ul>\n<ul>\n<li><strong>MONCLAR de QUERCY <\/strong>Vide Greniers et Bourse toutes collections\u00a0 Esplanade des Lacs<br \/>\n(2\u20ac le ml) et boulodrome couvert (3\u20ac le ml). Contact\u00a0: 06 70 73 46 55 le soir , ou 06 27 39 87 50 le soir.<br \/>\n<a href=\"https:\/\/www.o-p-i.fr\/7alire\/7-a-lire-actu\/13eme-salon-du-livre-de-monclar-de-quercy-82-dimanche-28-aout-2016\/\">En savoir +<\/a><\/li>\n<li><strong>MONTAUBAN\u00a0<\/strong>L&rsquo;association Quartier 13 organise son traditionnel vide grenierS dans le parc du Cours Foucault .\n<div>Comme chaque ann\u00e9e vous pourrez chiner \u00e0 l&rsquo;ombre des arbres centenaire du parc au milieu de plus de 200 exposants. Sur place vous retrouverez un espace buvette et restauration rapide, mais aussi un espace infos sur les activit\u00e9s et ateliers de l&rsquo;association.<\/div>\n<div>Lors de cette journ\u00e9e, il y aura une expo \/ concours \u00a0photos , ou chacun pourra voter pour la plus belle photo.<\/div>\n<div>Pour vous inscrire au vide grenier et pour avoir des informations sur le concours photos, appelez le 06.20.35.24.59 \/ <a href=\"mailto:assoquartier13@gmail.com\">assoquartier13@gmail.com<\/a> \/ <a href=\"http:\/\/www.assoquartier13.com\" target=\"_blank\" rel=\"noopener noreferrer\">www.assoquartier13.com<\/a> \/ notre page facebook Quartier 13.<\/div>\n<div>Tous les samedis du mois d&rsquo;Ao\u00fbt de 9h \u00e0 12h, il y aura une permanence pour les inscriptions devant le bar des Lansquenets.<\/div>\n<\/li>\n<\/ul>\n<h5>Dimanche 4 septembre 2016<\/h5>\n<ul>\n<li><strong>NEGREPELISSE<\/strong> Bourse de Musique, \u00e0 la salle des F\u00eates. Organis\u00e9e par \u00ab\u00a0Les amis de la Musique\u00a0\u00bb en collaboration avec \u00ab\u00a0l&rsquo;atelier\u00a0\u00bb<br \/>\nRenseignements: NathalieJONARD : 06 08 76 37 70<\/li>\n<\/ul>\n<h5>Dimanche 11 septembre 2016<\/h5>\n<ul>\n<li><strong>BRUNIQUEL<\/strong> Vide Maisons, de 9h. \u00e0 18h<br \/>\nRenseignements et inscriptions : association <strong><a href=\"https:\/\/www.o-p-i.fr\/aupays\/annuaire\/loisirs\/vert-tige-bruniquel\/\">\u00ab\u00a0Vert Tige\u00a0\u00bb<\/a>\u00a0 \u00a0<\/strong>\u00a006 62 27 97 98<\/li>\n<li><strong>CANALS<\/strong>\u00a0\u00a0Vide greniers de l&rsquo;association \u00ab\u00a0Loisirs et Culture\u00a0\u00bb de 9h \u00e0 18h.<br \/>\nTarif exposant : 2\u20ac le m\u00e8tre lin\u00e9aire.<br \/>\nContact\u00a0: 05 63 02 72 71 ou 06 77 07 25 35\u00a0\u00a0 ; <a href=\"mailto:daniel.cristin@wanadoo.fr\">daniel.cristin@wanadoo.fr<\/a>\u00a0;<\/li>\n<li><strong>NEGREPELISSE<\/strong> Organis\u00e9 par l&rsquo;USM p\u00e9tanque\u00a0\u00e0 l&rsquo;espace de loisirs de la Sorbonne-Aim\u00e9 Padi\u00e9 (<em>Chemin de Bioule<\/em>)<br \/>\nTarif exposant : 2 euros le m\u00e8tre, caf\u00e9 offert aux exposants.<br \/>\nRenseignements : 06 98 00 11 04<\/li>\n<\/ul>\n<h5>Dimanche 18 septembre 2016<\/h5>\n<ul>\n<li><strong>SALVAGNAC<\/strong> Organis\u00e9 par l&rsquo;association \u00ab\u00a0AMIS\u00a0\u00bb en collaboration avec le club de randonn\u00e9e<br \/>\nTarif : 2\u20ac le ml (mini 3ml) Pour voiture derri\u00e8re le stand, minimum 7 ml ATTENTION! nombre de places limit\u00e9es, pensez \u00e0 r\u00e9server.<br \/>\nRenseignements et r\u00e9servation ; 05 63 40 55 07 heure repas<br \/>\nPour t\u00e9l\u00e9charger le bulletin d&rsquo;inscription, cliquez: <a href=\"https:\/\/www.o-p-i.fr\/parlonsen\/wp-content\/uploads\/INS-VG-AMIS-SALVAGNAC-18SEPT2016.pdf\">INS VG AMIS SALVAGNAC 18SEPT2016<\/a><\/li>\n<li><strong>GAILLAC<\/strong> Organis\u00e9 par \u00a0\u00ab\u00a0L&rsquo;<strong>Association des Municipaux Actifs de Gaillac\u00a0\u00bb,\u00a0<\/strong>\u00e0 l&rsquo;espace Pichery<br \/>\nRenseignements par mail \u00a0 &#8211; \u00a0 <a href=\"mailto:lesactifsmunicipaux@gmail.com\">lesactifsmunicipaux@gmail.com<br \/>\n<\/a>Tarif exposants : 3\u20ac le m\u00e8tre lin\u00e9aire\u00a0R\u00e9servations au 06 32 60 03 21<br \/>\nPour t\u00e9l\u00e9charger le bulletin d&rsquo;inscription, cliquez:<strong><a href=\"https:\/\/www.o-p-i.fr\/parlonsen\/localisation\/a-cote-de-chez-nous\/les-vide-greniers-2016-au-pays-des-tescous\/attachment\/inscription-vg-gaillac\/\" rel=\"attachment wp-att-30494\">Inscription VG Gaillac<\/a><\/strong><\/li>\n<li><strong>FRONTON<\/strong>\u00a0L&rsquo;association <strong>\u00ab\u00a0Loulou 5 pas\u00a0\u00bb<\/strong> fait son vide grenier sur l&rsquo;esplanade Marcorelle, les all\u00e9es Jean Ferran, l&rsquo;esplanade Campech.<br \/>\nBuvette, sandwiches, p\u00e2tisseries.<br \/>\nPour les enfants, p\u00e8che aux canards<br \/>\nInscriptions \u00e0 retirer :\u00a0en Mairie, \u00e0 Intermarch\u00e9 ou \u00e0 la Presse du Buguet.<br \/>\nContact : Anne-Marie FAURE 06 79 90 98 10<\/li>\n<\/ul>\n<h5>Samedi 24 septembre<\/h5>\n<ul>\n<li><strong>CAUSSADE<\/strong> \u00a0 Culturemania 2016 &#8211; Vide-grenier culturel du GALU,\u00a0Boulevard Didier Rey<br \/>\nUniquement : Livres, Vinyles, CD,\u00a0DVD,\u00a0Affiches,\u00a0Timbres ,\u0152uvres d\u2019art, Photos , Monnaies,Cartes Postales, Jeux de soci\u00e9t\u00e9, Multim\u00e9dia<\/li>\n<\/ul>\n<h5>Dimanche 25 septembre 2016<\/h5>\n<ul>\n<li><strong>MONTANS<\/strong> \u00ab\u00a0Le Relais\u00a0\u00bb organise son vide greniers dans le cadre de la journ\u00e9e \u00ab\u00a0Portes ouvertes\u00a0\u00bb Puech du Taur<br \/>\nBuvette et restauration sur place<br \/>\nTarif exposant: 3 Euros le m\u00e8tre lin\u00e9aire<br \/>\n<span style=\"font-size: large;\">Infos et r\u00e9servations\u00a0: 05 63 33 37 65 \u00a0<\/span><\/li>\n<li><strong>GAILLAC\u00a0<\/strong>L&rsquo;\u00e9cole <strong><a href=\"https:\/\/www.facebook.com\/ecolecalandretagaillac\/\" target=\"_blank\" rel=\"noopener noreferrer\">Calandreta de Gaillac<\/a><\/strong> organise son vide grenier au square Joffre, \u00e0\u00a0l&rsquo;intersection entre l&rsquo;avenue Foch et l&rsquo;avenue Georges Cl\u00e9menceau.\u00a0Sur place restauration et buvette.<br \/>\nTarif : 3 \u20ac le m., 2 m. minimum.<br \/>\nInscriptions au 06 64 64 27 55 ou par mail \u00e0\u00a0l&rsquo;adresse <a href=\"mailto:vide.grenier.oc@gmail.com\">vide.grenier.oc@gmail.com<\/a>.<br \/>\nVenez nombreux !\u00a0Les b\u00e9n\u00e9fices r\u00e9colt\u00e9s seront utiles pour mettre en place des projets p\u00e9dagogiques de l&rsquo;\u00e9cole.<\/li>\n<li><strong>VILLEBRUMIER<\/strong> Organis\u00e9 par le Comit\u00e9 des F\u00eates, place de la mairie<br \/>\nTarif: 2\u20ac le ml. Renseignements et r\u00e9servations : 06 16 01 00 78 ou 06 52 54 04 96<\/li>\n<li><strong>ALBIAS<\/strong> \u00a0Bourse aux jouets et pu\u00e9riculture de l&rsquo;\u00e9cole maternelle;<br \/>\nLe vide grenier se d\u00e9roulera dans la cour de l&rsquo;\u00e9cole par beau temps \/ dans la salle des f\u00eates si pluie.<\/li>\n<li><strong>SAINT ETIENNE DE TULMONT <\/strong>Organis\u00e9 par l&rsquo;APEL \u00e9cole Saintt Joseph<br \/>\nRestauration et buvette sur place<\/li>\n<\/ul>\n<h5>Dimanche 2 octobre 2016<\/h5>\n<ul>\n<li><strong>SAINT ETIENNE DE TULMONT<\/strong>\u00a0 \u00a0ANNULE ( manque d&rsquo;exposants)<br \/>\nSite \u00a0BB CAILLOUX 82 :\u00a0<strong><a href=\"http:\/\/www.bb-cailloux-82.com\/\" target=\"_blank\" rel=\"noopener noreferrer\" data-saferedirecturl=\"https:\/\/www.google.com\/url?hl=fr&amp;q=http:\/\/www.bb-cailloux-82.com\/&amp;source=gmail&amp;ust=1472284048273000&amp;usg=AFQjCNHTZZDpkUmxKKDYPmFsAPCvRFlkwg\">http:\/\/www.bb-cailloux-82.<wbr \/>com\/<\/a><\/strong><\/li>\n<li><strong>LISLE SUR TARN<\/strong> Bourse aux jouets et v\u00eatements d&rsquo;enfants \u00e0\u00a0l&rsquo;\u00e9cole du Sacr\u00e9 C\u0153ur.<br \/>\nBoissons et petite restauration.<br \/>\nRenseignements et inscription : 06 87 17 12 45<\/li>\n<\/ul>\n<h5>Dimanche 9 octobre 2016<\/h5>\n<ul>\n<li><strong>LA SALVETAT<\/strong> \u00a0Organis\u00e9 par le comit\u00e9 des f\u00eates La Salvetat-Belmontet &#8211; Saint-Caprais,<br \/>\nVide grenier \/ Bourse aux jouets sur le parking de l&rsquo;\u00e9glise<br \/>\nTarif exposants : 2 \u20ac\u00a0 le ml en ext\u00e9rieur, inscription aupr\u00e8s d&rsquo;Alexandra : 05 63 64 63 99<br \/>\nRestauration sur place<\/li>\n<li><strong>NEGREPELISSE<\/strong> Bourse des enfants, Jouets, V\u00e8tements, Pu\u00e9riculture. Salle des f\u00eates et Place Nationale<br \/>\nPossibilit\u00e9 de restauration sur place: Panier repas \u00e0 5\u20ac, buvette, stand gourmandises.<\/li>\n<li><strong>CAUSSADE<\/strong> Vide grenier et Bourse aux jouets organis\u00e9 par <strong>StudDance<\/strong>,\u00a0Espace Aim\u00e9 Bonna\u00cfs (<em>Rue de la Solidarit\u00e9<\/em>)<br \/>\nRestauration sur place: sandwiches, saucisses, jambon \/frites\/cr\u00eapes.<\/li>\n<\/ul>\n<h5>Dimanche 16 octobre 2016<\/h5>\n<ul>\n<li><strong>COUFFOULEUX<\/strong> Broc&rsquo;Enfants d&rsquo;automne\u00a0Salle Guerdavid, salle des A\u00een\u00e9s et Gymnase. Organis\u00e9 par l&rsquo;Association de Parents d&rsquo;El\u00e8ves<br \/>\nTarif exposants: 12\u20ac pour un stand de 3 m\u00e8tres de long avec 1 table et 2 chaises, le tout sera pr\u00eat \u00e0 votre arriv\u00e9e d\u00e8s 7h30.<br \/>\nRenseignements et inscription : 06 70 01 98 73 (Marceline LE BLANC)<br \/>\nLe petit-d\u00e9jeuner est offert pour les exposants d\u00e8s 8h30.<br \/>\nBuvette et restauration sur place au profit des \u00e9coles de Couffouleux<\/li>\n<li><strong>SAINT ETIENNE DE TULMONT<\/strong> Organis\u00e9 par <strong>\u00ab\u00a0Culture et Loisirs\u00a0\u00bb<\/strong>,\u00a0Place Tulmonec<br \/>\nTarif : emplacement de 3 m sur 2m 8\u20ac. Tous les emplacements sont \u00e0 l&rsquo;ext\u00e9rieur.<br \/>\nRenseignements et inscriptions : 07 86 73 26 60 apr\u00e8s 18h.<\/li>\n<li><strong>NEGREPELISSE<\/strong> Puces loisirs cr\u00e9atifs \u00e0 la Salle des F\u00eates<\/li>\n<\/ul>\n<h5>Dimanche 23 octobre 2016<\/h5>\n<ul>\n<li><strong>NEGREPELISSE<\/strong> Organis\u00e9 par l&rsquo;ADAREA (Les Amis des r\u00e9sidents de la R\u00e9sidence Eug\u00e8ne AUJALEU)\u00a0Salle des f\u00eates (<em>Place nationale<\/em>)<br \/>\nSur r\u00e9servation. 3\u20ac la table de 1.60 m\u00e8tre, Madame Charron:\u00a0 06 76 67 44 03 \u00a0Ouvert \u00e0 partir de 7 heures pour les exposants.<br \/>\nRestauration sur place.<\/li>\n<\/ul>\n<h5>Dimanche 30 octobre 2016<\/h5>\n<ul>\n<li><strong>LAMAGISTERE<\/strong>\u00a0Organis\u00e9 par Cap Vers l&rsquo;Avenir<br \/>\nRenseignements et inscriptions : 06 80 13 58 57<\/li>\n<li><strong>GENEBRIERES<\/strong> Bourse aux jouets, v\u00eatements enfants, mat\u00e9riel de pu\u00e9riculture.\u00a0Organis\u00e9e par l&rsquo;\u00e9cole de rugby Entente N\u00e8grepelisse\/ Monclar. A la\u00a0salle des fetes (<em>Genebri\u00e8res<\/em>).\u00a0Possibilit\u00e9 de restauration sur place.<br \/>\nRenseignements : Isabelle, 06 22 62 20 68<\/li>\n<\/ul>\n<h5>Dimanche 6 novembre 2016<\/h5>\n<ul>\n<li><strong>VERLHAC-TESCOU<\/strong>\u00a0\u00ab\u00a0Vide ta chambre\u00a0\u00bb organis\u00e9 par <strong>Verlhac-Oxyg\u00e8ne<\/strong> \u00e0 la Salle des F\u00eates<br \/>\nTarif exposants : 1 table : 4\u20ac, 2 tables : 6\u20ac<br \/>\nRestauration \u00a0sur place<br \/>\nRenseignements : Lise DELTEIL : 06 03 66 57 07<br \/>\nPour t\u00e9l\u00e9charger le bulletin d&rsquo;inscription :<strong>\u00a0<a href=\"https:\/\/www.o-p-i.fr\/parlonsen\/wp-content\/uploads\/Ins-Vide-Chambre.pdf\">inscription-vide-ta chambre<\/a><\/strong><\/li>\n<li><strong>CAHUZAC SUR VERE<\/strong> \u00a0Le Ballon Voyageur organise un Broc&rsquo;Enfant.<b>\u00a0<\/b>\u00e0 la salle des f\u00eates,<br \/>\nEmplacement 8 \u20ac (table et chaise fournies),<br \/>\nInscriptions au 06 01 14 53 11 \u00a0<a href=\"mailto:sosodefff@gmail.com\" target=\"_blank\" rel=\"noopener noreferrer\"><strong>sosodefff@gmail.com<\/strong><\/a><br \/>\nBuvette et petite restauration<\/li>\n<li><strong>GIROUSSENS<\/strong> Bourse Mat\u00e9riel Loisirs Cr\u00e9atifs Organis\u00e9 par l&rsquo;association <strong>\u00ab\u00a0Alternatives\u00a0\u00bb <\/strong>\u00e0 la salle des f\u00eates,\u00a0de 10h \u00e0 17h<br \/>\nSi vous avez du mat\u00e9riel de scrapbooking, de peinture, de couture, de p\u00e2te fimo &#8230;. dont vous ne voulez plus et que vous souhaitez vendre,<br \/>\nTarif exposants : 5\u20ac la table.Renseignements et inscription : 06 02 60 48 01<\/li>\n<li><strong>NEGREPELISSE<\/strong> Bric \u00e0 brac organis\u00e9 par le SCN Twirling avec l&rsquo;appui de la municipalit\u00e9; A la salle des f\u00eates et au centre ville.<br \/>\nRestauration sur place, boisson chaudes et froides, cr\u00eapes, sanwichs&#8230;<br \/>\nTarif des emplacements :<br \/>\n&#8211; dans la salle des f\u00eates, 1 table 1.60 m : 6 \u20ac (table fournie, nombre limit\u00e9)<br \/>\n&#8211; espaces couverts (limit\u00e9s) : 4 \u20ac le m\u00e8tre lin\u00e9aire<br \/>\n&#8211; \u00e0 l\u2019ext\u00e9rieur, place nationale,\u2026. :4 \u20ac les 2 m\u00e8tres lin\u00e9aires,\u00a08 \u20ac les 5 m\u00e8tres lin\u00e9aires,\u00a015 \u20ac les 10 m\u00e8tres lin\u00e9aires<br \/>\nR\u00e9servation: 06 43 31 64 71 ou courriel: <strong><a href=\"mailto:scntwirling@aol.com\">scntwirling@aol.com<\/a><\/strong><br \/>\nPour t\u00e9l\u00e9charger le bulletin d&rsquo;inscription,\u00a0cliquez:\u00a0<strong><a href=\"https:\/\/www.o-p-i.fr\/parlonsen\/wp-content\/uploads\/bric-a-brac-bulletin-inscription-2016.pdf\">bric-a-brac-bulletin-inscription-2016<\/a><\/strong><\/li>\n<\/ul>\n<h5>Dimanche 13 novembre 2016<\/h5>\n<ul>\n<li><strong>GIROUSSENS<\/strong>.\u00a0Bourse aux jouets et aux mat\u00e9riels de sport,\u00a0Salle de la boulonnette. Organis\u00e9 par \u00ab\u00a0Lespitchouns\u00a0\u00bb<br \/>\nBuvette et restauration sur place<\/li>\n<\/ul>\n<h5>Dimanche 27 novembre 2016<\/h5>\n<ul>\n<li><strong>GAILLAC<\/strong>. Bourse aux jouets,v\u00eatements, enfants, mat\u00e9riel de pu\u00e9riculture.\u00a0Ecole\u00a0El\u00e9mentaire LA CLAVELLE VEND\u00d4ME (<em>Rue Jules Ferry<\/em>)<br \/>\nBourse aux jouets v\u00eatements d enfants jusqu&rsquo;\u00e0 16 ans dans la salle de sport couverte et ferm\u00e9e de l \u00e9cole La Clavelle Vend\u00f4me.\u00a0Grands parkings a proximit\u00e9 de l \u00e9cole<br \/>\nInscription obligatoire a retirer a l \u00e9cole (tableau d affichage orange) ou par mail avant le 26 novembre 2015<br \/>\nprix 6\u20ac les 2 m\u00e8tres 12\u20ac les 4 m\u00e8tres (4 m\u00e8tres maximum)<br \/>\nInstallation dans la salle \u00e0 partir de 8h pour les exposants et de 9h00 a 17h30 pour les visiteurs.<br \/>\nEntr\u00e9e gratuite pour les visiteurs.<br \/>\nPetite restauration sur place<br \/>\nRenseignements :\u00a0Anne lise BRU:\u00a006 68 94 93 79<\/li>\n<\/ul>\n<ul>\n<li><strong>MONTANS<\/strong>\u00a0L&rsquo;Association des Parents d&rsquo;El\u00e8ves de l&rsquo;\u00e9cole \u00a0de Montans \u00a0organise sa traditionnelle \u00a0bourse aux jouets, livres, articles de pu\u00e9riculture et v\u00eatements \u00a0d&rsquo;enfants \u00e0 la salle des f\u00eates.<br \/>\nUne cinquantaine d&rsquo;exposants seront pr\u00e9sents. C&rsquo;est l&rsquo;occasion pour certains de faire le vide avant les f\u00eates et pour d&rsquo;autres de faire de bonnes affaires.\u20ac<br \/>\nProfitez de l&rsquo;entr\u00e9e gratuite pour effectuer \u00a0des achats \u00e0\u00a0prix malins et d\u00e9nicher le cadeau de No\u00ebl id\u00e9al pour faire plaisir aux enfants.<br \/>\nPossibilit\u00e9 de restauration sur place: soupe, pizzas, g\u00e2teaux, boissons chaudes et froides et bonbons pour les gourmand(e)s.<br \/>\nExposants : 6\u20ac la table de 1.8m dans la salle des f\u00eates \/\u00a0 4\u20ac les 2 m sous le pr\u00e9au<br \/>\nR\u00e9servation \u00a0aupr\u00e8s de Youna 06.74.19.37.82. ou \u00e0 <a href=\"mailto:ape.de.montans@gmail.com\">ape.de.montans@gmail.com<\/a><\/li>\n<\/ul>\n<ul>\n<li><strong>SAINT NAUPHARY<\/strong>\u00a0Bourse aux Jouets Tout pour l\u2019enfant : livres, v\u00eatements, pu\u00e9riculture\u2026 Organis\u00e9e par l&rsquo;Association des Parents d&rsquo;El\u00e8ves \u00e0 la salle des f\u00eates. CONTACT: Mr. Olivier Aspe 06.14.73.51.95.<br \/>\nBuvette et restauration sur place.<br \/>\nPouir t\u00e9l\u00e9charger le bulletin d&rsquo;inscription, cliquez:<strong><a href=\"https:\/\/www.o-p-i.fr\/parlonsen\/wp-content\/uploads\/Insc-VG-St-Nauphary.pdf\">insc-vg-st-nauphary<\/a><\/strong><\/li>\n<\/ul>\n<ul>\n<li><strong>VILLEBRUMIER<\/strong> Bourse aux jouets et v\u00eatements d&rsquo;enfants organis\u00e9 par l&rsquo;A.P.E. de 10h. \u00e0 17h. salle des f\u00eates<br \/>\nTarif exposant: 3\u20ac la table de 1.20&#215;0.60. Renseignements: 07 81 70 79 34 ou 06 64 1 31<br \/>\nCr\u00eapes, caf\u00e9, chocolat chaud<\/li>\n<\/ul>\n<h5>Samedi 3 d\u00e9cembre 2016<\/h5>\n<ul>\n<li><strong>CORDES<\/strong>\u00a0Bourse aux jouets et v\u00eatements d&rsquo;enfants, de 9h \u00e0 18h.\u00a0Salle du C\u00e9rou au stade\n<div class=\"columnGroup noSpace\">\n<div class=\"column100Eq moduleContent\">5\u20ac la table de 2 m\u00e8tres. Inscription \u00e0 L&rsquo;ESCALE (Espace de vie sociale de la 4C) avant le 30\/11.<\/div>\n<\/div>\n<div class=\"columnGroup noSpace\">\n<div class=\"moduleIcon bubbleHolder\" data-tooltip=\"Informations diverses\" data-tooltipposition=\"right\">\u00a0Nombreuses animations toute la journ\u00e9e pour les enfants : stand maquillage, bo\u00eete \u00e0 photos, lettre au p\u00e8re No\u00ebl et stand cr\u00e9atif.<br \/>\nSur place, vente de cr\u00eapes , g\u00e2teaux et boissons.<br \/>\nRepas de midi partag\u00e9 sous forme d&rsquo;auberge espagnole. Amener assiette, couverts et verre.<\/div>\n<\/div>\n<\/li>\n<\/ul>\n<h5>Dimanche 4 d\u00e9cembre 2016<\/h5>\n<ul>\n<li>\n<div id=\"yui_3_16_0_ym19_1_1479404435836_33544\" dir=\"ltr\"><strong>VAISSAC<\/strong>\u00a0 \u00a0Organis\u00e9 par l&rsquo;Association des Parents d&rsquo;El\u00e8ves, \u00ab\u00a0VIDE TA CHAMBRE AVANT NOEL\u00a0\u00bb bourse aux jouets, livres, v\u00eatements enfants, pu\u00e9riculture &#8230;<\/div>\n<div id=\"yui_3_16_0_ym19_1_1479404435836_18418\" dir=\"ltr\">Avec un invit\u00e9 VIP: Le P\u00e8re No\u00ebl;\u00a0De 9h30 \u00e0 17h00 \u00e0 la salle des f\u00eates de Vaissac<\/div>\n<div id=\"yui_3_16_0_ym19_1_1479404435836_36975\" dir=\"ltr\">Restauration, Buvette, Vente de Sapins, Promenade en cal\u00e8che, Photos avec le\u00a0 P\u00e8re No\u00ebl et Animations gratuites dont les envol\u00e9es de ballons avec les lettres au p\u00e8re no\u00ebl(10h30 et 16h30).<\/div>\n<div id=\"yui_3_16_0_ym19_1_1479404435836_9979\" dir=\"ltr\">5 euros la table, caf\u00e9 offert pour les exposants<\/div>\n<div id=\"yui_3_16_0_ym19_1_1479404435836_3261\" dir=\"ltr\">Renseignements et inscription au 06 76 28 74 78<\/div>\n<\/li>\n<\/ul>\n<h5>Dimanche 11 d\u00e9cembre 2016<\/h5>\n<ul>\n<li><strong>GENEBRIERES<\/strong> vide grenier organis\u00e9 par le club des A\u00een\u00e9s \u00ab\u00a0La Concorde\u00a0\u00bb de Genebri\u00e8res, de 8 heures \u00e0 19 heures, salle polyvalente, avenue du lac, . et ext\u00e9rieur couvert .<br \/>\nPour les exposants, installation \u00e0 partir de 6h45.<br \/>\nRestauration et buvette sur place\u00a0: grillades((saucisse, merguez), frites, p\u00e2tisserie.<br \/>\nTarifs\u00a0: 3\u20ac en salle\u00a0; 2\u20ac ext\u00e9rieur couvert.<br \/>\nRenseignements\u00a0; 05 63 30 45 85 ou 05 63 30 41 82<\/li>\n<\/ul>\n<h5>Samedi 14 janvier 2017<\/h5>\n<ul>\n<li><strong>LE CARREYRAT<\/strong> \u00e0 \u00a0la salle des f\u00eates (chauff\u00e9e) Buvette et restauration<\/li>\n<\/ul>\n<h5>Dimanche 15 janvier 2017<\/h5>\n<ul>\n<li><strong>LE CARREYRAT<\/strong> \u00e0 \u00a0la salle des f\u00eates (chauff\u00e9e) Buvette et restauration<\/li>\n<\/ul>\n<h5>Dimanche 29 janvier 2017<\/h5>\n<ul>\n<li><strong>CAUSSADE<\/strong> Organis\u00e9 par l&rsquo; A.P.E de l\u2019\u00e9cole Marcel Pagnol, \u00e0 l&rsquo;Espace BONNAIS (<em>Rue de la Solidarit\u00e9<\/em>)<br \/>\nRenseignements:06 75 74 29 17 . Premier contact par mail pour les inscriptions<br \/>\nTarifs: \u00a0\u00e0 l&rsquo;int\u00e9rieur : 4mlX2ml avec une table et deux chaises : 10\u20ac. \u00a0\u00e0 l&rsquo;ext\u00e9rieur :5ml*5ml possibilit\u00e9 de stationner le v\u00e9hicule sur l&#8217;emplacement<br \/>\nBuvette et restauration sur place<\/li>\n<\/ul>\n<h5>Dimanche 12 f\u00e9vrier 2017<\/h5>\n<ul>\n<li><strong>RABASTENS<\/strong> \u00a0Salon de l&rsquo;Arme Ancienne (organis\u00e9 par le<strong> <a href=\"http:\/\/www.sarcxv.com\" target=\"_blank\" rel=\"noopener noreferrer\">SARC XV<\/a><\/strong>) )Salle Roger B\u00e9teille (stade municipal) (<em>Rue du Moulin \u00c0 Vent<\/em>), de 8h. \u00e0 18h.<br \/>\nEntr\u00e9e payante: 2\u20acuros<\/li>\n<\/ul>\n<h5>Dimanche 26 f\u00e9vrier 2017<\/h5>\n<ul>\n<li><strong>BRESSOLS<\/strong> Organis\u00e9 par \u00ab\u00a0La cour des Grands\u00a0\u00bb salle polyvalente<\/li>\n<\/ul>\n<h5>Dimanche 5 Mars 2017<\/h5>\n<ul>\n<li><strong>MONCLAR de QUERCY<\/strong> Grand Vide Grenier de Printemps organis\u00e9 par l&rsquo;APEL Saint-Joseph, de 6h \u00e0 18h, esplanade des lacs.<br \/>\nTarifs exposants : 2\u20ac le Ml \u00e0 l\u2019ext\u00e9rieur \/\u00a0 3\u20ac le Ml sous le boulodrome \/ 4\u20ac le Ml dans la salle polyvalente<br \/>\nPetite restauration sucr\u00e9\/sal\u00e9 et buvette sur place toute la journ\u00e9e.<br \/>\nContact : <a href=\"mailto:apelmonclar@gmail.com\">apelmonclar@gmail.com<\/a> \/ T\u00e9l. :\u00a006 99 11 43 21<\/li>\n<li><strong>BRESSOLS<\/strong> Organis\u00e9 par \u00ab\u00a0l&rsquo;Amicale du Personnel\u00a0\u00bb \u00e0 la salle polyvalente<\/li>\n<\/ul>\n<h5>Dimanche 12 mars 2017<\/h5>\n<ul>\n<li><strong>LABASTIDE SAINT PIERRE<\/strong> Vide poussettes organis\u00e9 par l&rsquo;association \u00ab\u00a0Les Petits Pierrots\u00a0\u00bb au Foyer Rural<br \/>\nV\u00e8tement, jouets, accessoires pour enfants jusqu&rsquo;\u00e0 six ans.<br \/>\nBuvette et douceurs sucr\u00e9es sur place.<br \/>\nTarif: 6\u20ac la table. Renseignements et inscription: 06 79 28 49 36 \u00a0ou 06 03 63 60 24<\/li>\n<li><strong>MONTAUBAN<\/strong>\u00a0Organis\u00e9 par l&rsquo;association Quartier 13 \u00e0 la salle des f\u00eates du march\u00e9 \u00e0 Montauban, de 8h00 \u00e0 18h00.<br \/>\nAu profit de la Ligue contre le cancer Tarn et Garonne.<\/p>\n<div>Restauration et buvette sur place.<\/div>\n<div>Tarif des emplacements: 10\u20ac les 3 m\u00e8tres\u00a0dans la salle avec 1 table et 2 chaises et 10\u20ac dehors pour 5 m\u00e8tres.<\/div>\n<div>Pour r\u00e9server\u00a0un seul num\u00e9ro le 06.20.35.24.59.<\/div>\n<div>Lors de cette journ\u00e9e un stand\u00a0d&rsquo;informations\u00a0de la ligue sera sur place.<\/div>\n<\/li>\n<\/ul>\n<h5>Dimanche 19 mars 2017<\/h5>\n<ul>\n<li><strong>COUFFOULEUX<\/strong>\u00a0 Broc&rsquo;enfants \u00a0organis\u00e9 par l&rsquo;association des parents d\u2019\u00e9l\u00e8ves de Couffouleux\u00a0de 8h30 \u00e0 17h, \u00e0 la salle Herv\u00e9 de Guerdavid et au gymnase. Des jeux, des livres, des v\u00eatements et du mat\u00e9riel de pu\u00e9riculture d\u2019occasion.<br \/>\nBuvette et restauration sur place.<br \/>\nPlus d\u2019infos et r\u00e9servation d\u2019emplacements\u00a0: <a href=\"mailto:ape.couffouleux@yahoo.fr\">ape.couffouleux@yahoo.fr<\/a>\u00a0 ou \u00e0 la mairie.<\/li>\n<li><strong>BRUNIQUEL<\/strong> Organis\u00e9 par l&rsquo;Association Vert-tige\u00a0Vide Biblioth\u00e8que Livres, Bandes Dessin\u00e9es\n<div id=\"wrapper\">\n<div id=\"gauche\">\n<div id=\"fiche2\"><span class=\"texte\">Salle des F\u00eates Place Georges Gandil<\/span><\/div>\n<\/div>\n<\/div>\n<div><\/div>\n<h5>Dimanche 26 mars 2017<\/h5>\n<\/li>\n<li><strong>MONCLAR de QUERCY<\/strong>\u00a0 Vide Grenier \u00a0organis\u00e9 par\u00a0l&rsquo;Office de Tourisme \u00e0,l&rsquo;Esplanade des Lacs<br \/>\nTarif exposants : 2\u20ac le ml en ext\u00e9rieur, 3\u20ac salle polyvalente et boulodrome couvert.<br \/>\nBuvette et restauration sur place.<br \/>\nPour voir d\u00e9tail, r\u00e9glement et bulletin d&rsquo;inscription cliquez :\u00a0<strong><a href=\"https:\/\/www.o-p-i.fr\/parlonsen\/wp-content\/uploads\/VG-Monclar-OT-26_03_16-.pdf\">vg-monclar-ot-26_03_16<\/a>\u00a0<\/strong><\/li>\n<li><strong>SAINT NAUPHARY<\/strong> Vide dressing jouets organis\u00e9 par l association gym Club danse de Saint Nauphary<\/li>\n<li><strong>RABASTENS\u00a0<\/strong>Vide grenier du <a href=\"http:\/\/www.sarcxv.com\" target=\"_blank\" rel=\"noopener noreferrer\">SARC XV<\/a> Promenade des Lices. 4 \u20ac le m\u00e8tre<br \/>\nFournir pour l&rsquo;inscription :<\/p>\n<div id=\"pageContectFull\">\n<div id=\"detailContent\">\n<div class=\"blockContent modulesGroup marginHeightFit\">\n<div class=\"columnGroup noSpace\">\n<div class=\"column100Eq moduleContent\">&#8211; Fiche avec Nom, pr\u00e9nom, n\u00b0 de t\u00e9l\u00e9phone, adresse email + Nombre de m\u00e8tre souhait\u00e9<br \/>\n&#8211; Ch\u00e8que \u00e0 l&rsquo;ordre de SARC XV<br \/>\n&#8211; Copie recto verso carte d&rsquo;identit\u00e9 ou passeport en cours de validit\u00e9<br \/>\n&#8211; Attestation sur l&rsquo;honneur (mod\u00e8le : <a href=\"https:\/\/vide-greniers.org\/reglementation\" target=\"_blank\" rel=\"noopener noreferrer\">R\u00e8glementation Vide Greniers<\/a>)<br \/>\nEnvoyer votre inscription par courrier \u00e0 l&rsquo;adresse suivante :<br \/>\nSARC XV \/ Vide grenier, Rue du Moulin \u00e0 Vent, 81800 Rabastens<\/div>\n<\/div>\n<\/div>\n<\/div>\n<\/div>\n<div class=\"column100Eq moduleContent\">\n<h5>Dimanche 2 avril 2017<\/h5>\n<\/div>\n<\/li>\n<li><strong>CAUSSADE<\/strong> \u00a0Organis\u00e9 par La Croix-rouge, espace Bona\u00efs<br \/>\nRenseignements: 05 63 65 15 29<\/li>\n<li><strong>MONTAUBAN<\/strong> Organis\u00e9 par l&rsquo;APE \u00e9cole Coulonges<br \/>\nRenseignements: 06 66 00 44 58<\/li>\n<li><strong>SAINT ETIENNE DE TULMONT<\/strong> Organis\u00e9 par l&rsquo;association \u00ab\u00a0BB Cailloux 82\u00a0\u00bb, place de Tulmonenc<br \/>\nRestauration possible sur place<\/li>\n<li><strong>REYNIES<\/strong> 4eme puces des couturi\u00e8res, Salle des f\u00eates (<em>Place du Souvenir<\/em>)<br \/>\nTable de 1,80m 6 euros pour les particuliers, 8 euros pour les professionnels. Installation \u00e0 partir de 7h30Renseignements: MadameMarie-Paule BELDA 05 63 30 56 88 \u00a0ou \u00a006 79 49 29 18Pour t\u00e9l\u00e9charger la fiche d&rsquo;inscription cliquez:\u00a0<strong><a href=\"https:\/\/www.o-p-i.fr\/parlonsen\/wp-content\/uploads\/puces_couture2017.pdf\">puces_couture2017<\/a><\/strong><\/li>\n<\/ul>\n<div class=\"column100Eq moduleContent\">\n<h5>Samedi 15 avril\u00a02017<\/h5>\n<ul>\n<li><strong>CAUSSADE<\/strong> \u00a0Vide-grenier culturel de l&rsquo;association des commer\u00e7ants de Caussade :<br \/>\nLivres \u2013 vinyles \u2013 CD \u2013 DVD &#8211; affiches \u2013 timbres \u2013 \u0152uvres d\u2019art &#8211; Photos \u2013 Monnaies &#8211; Cartes Postales \u2013 Jeux \u2013 multim\u00e9dia &#8230;<br \/>\nSeront refus\u00e9s les v\u00eatements, chaussures ..<\/li>\n<\/ul>\n<h5>Dimanche 16 avril 2017<\/h5>\n<ul>\n<li><strong>LISLE S\/TARN<\/strong> Organis\u00e9 par l&rsquo;Amicale des Ecoles Publiques Bellevue,\u00a0Rue des Promenades<\/li>\n<li><strong>RABASTENS<\/strong> Vide ta chambre organis\u00e9 par l&rsquo;\u00e9cole \u00ab\u00a0Las Peyras\u00a0\u00bb Promenade des lices<br \/>\nPour t\u00e9l\u00e9charger le bulletin d&rsquo;inscription, cliquez:<strong><a href=\"https:\/\/www.o-p-i.fr\/parlonsen\/wp-content\/uploads\/Ins-VG-Las-Peyras.pdf\">Ins VG Las Peyras<\/a><\/strong><\/li>\n<\/ul>\n<h5>Lundi 17 avril 2017<\/h5>\n<ul>\n<li><strong>SAINT NAUPHARY<\/strong> Organis\u00e9 par \u00ab\u00a0Lo R\u00e9viscol\u00a0\u00bb<br \/>\nRenseignements: Edm\u00e9 Campagnoli: 06 79 60 58 76<br \/>\nPour t\u00e9l\u00e9charger le bulletn d&rsquo;inscription, cliquez:\u00a0<strong><a href=\"https:\/\/www.o-p-i.fr\/parlonsen\/wp-content\/uploads\/VG-Lo-Reviscol-2017.pdf\">VG Lo Reviscol 2017<\/a><\/strong><\/li>\n<\/ul>\n<h5>Lundi 1er mai 2017<\/h5>\n<ul>\n<li><strong>LEOJAC<\/strong> Organis\u00e9 par l&rsquo;association de chasse, Salle des f\u00eates et sur son parking<br \/>\nTarif exposants : ext\u00e9rieur, 10 \u20ac l&#8217;emplacement de 5X5 (avec v\u00e9hicule). Int\u00e9rieur, 5\u20ac le ml,tables et chaises fournies.<br \/>\nRenseignements: 06 81 42 08 63 ou par courriel:\u00a0<a href=\"mailto:accaleojac@hotmail.com\">accaleojac@hotmail.com<\/a> Inscription avant le 23 avril 2017.<br \/>\nLes visiteurs seront attendus de 8h \u00e0 18h. Buvette et restauration sur place.<\/li>\n<\/ul>\n<h5>Dimanche 7 mai 2017<\/h5>\n<ul>\n<li><strong>GAILLAC<\/strong> \u00a0Organis\u00e9 par l&rsquo;Association du Quai St Jacques .Quai Saint-Jacques (<em>Rue du Quai<\/em>)<br \/>\nLe tarif est de 2,50 euros le ml (2 m\u00e8tres minimum \u00e0 r\u00e9server).Les v\u00e9hicules ne peuvent rester sur l&rsquo;espace vide grenier.<br \/>\nUne cinquantaine de places maximum, priorit\u00e9 si\u00a0dossier complet : photocopie d&rsquo;une pi\u00e8ce d&rsquo;identit\u00e9 et r\u00e8glement \u00e0 adresser: Mr Jacques Reynaud &#8211; 4, rue du moulin 81600 Gaillac<br \/>\nCaf\u00e9 offert aux exposants. Stand caf\u00e9, croissants, chocolatines le matin et des sandwichs, bi\u00e8res dans la journ\u00e9e.<\/li>\n<li><strong>RABASTENS<\/strong> Floralie, foire brocante de printemps, promenade des lices.<br \/>\nRenseignements Evelyne REVOL 06 31 90 24 40 \u00a0 <a href=\"mailto:revol.evelyne@orange.fr\">revol.evelyne@orange.fr<\/a><\/li>\n<\/ul>\n<h5>Lundi 8 mai 2017<\/h5>\n<ul>\n<li><strong>VILLEMUR\/LE TERME<\/strong> Organis\u00e9 par le comit\u00e9 des F\u00eates du Terme, au Terme (commune de villemur sur Tarn).\n<div>Tarif exposants: 2 \u20ac le m\u00e8tre lin\u00e9aire (2 ml minimum). Particulier et professionnel accept\u00e9.<br \/>\nPour t\u00e9l\u00e9charger le buletin d&rsquo;inscription, cliquez:\u00a0<a href=\"https:\/\/www.o-p-i.fr\/parlonsen\/wp-content\/uploads\/bul-ins-VG-Le-Terme-2017.pdf\">bul ins VG Le Terme 2017<br \/>\n<\/a>Restauration et buvette sur place.<\/div>\n<\/li>\n<li><strong>NEGREPELISSE<\/strong> Organis\u00e9 par le Comit\u00e9 des F\u00eates, Place Nationale\n<div class=\"columnGroup noSpace\">\n<div class=\"column100Eq moduleContent\">Tarif: si r\u00e9servation \u00a02\u20ac le ml (par \u00a05 m\u00e8tres)\u00a0(avant le 30\/04\/17). Le jour du vide grenier : 3\u20ac le ml<\/div>\n<\/div>\n<div class=\"columnGroup noSpace\">\n<div class=\"moduleIcon bubbleHolder\" data-tooltip=\"Informations diverses\" data-tooltipposition=\"right\">R\u00e9servation avant le 30\u00a0avril par ch\u00e8que \u00e0 l&rsquo;ordre de : FAON (comit\u00e9 des f\u00eates) 7 rue Andr\u00e9 Castel 82800 N\u00e8grepelisse<\/div>\n<\/div>\n<div class=\"content\">\n<div class=\"telPublic\">\n<div class=\"telPublicInformations\">Renseignements: Denis \u00a006 76 96 76 68.<\/div>\n<\/div>\n<\/div>\n<div class=\"telPublicInformations\"><\/div>\n<\/li>\n<\/ul>\n<h5>Dimanche 14 mai 2017<\/h5>\n<ul>\n<li><strong>MONTAUBAN<\/strong> Organis\u00e9 par l&rsquo;Institut Familial et Th\u00e9as, 1 all\u00e9es Mortarieu (Entre la Pr\u00e9fecture et la C.C.I.<br \/>\nBuvette et restauration sur place<\/li>\n<\/ul>\n<h5>Samedi 20 et dimanche 21 mai 2017<\/h5>\n<ul>\n<li><strong>VILLEMUR SUR TARN<\/strong> \u00a0Brocante vide greniers organis\u00e9s par l&rsquo;<strong><a href=\"http:\/\/os.villemur.over-blog.org\/2017\/04\/brocante-vide-grenier-par-l-association-henri-iv.html?utm_source=_ob_share&amp;utm_medium=_ob_facebook&amp;utm_campaign=_ob_sharebar\" target=\"_blank\" rel=\"noopener noreferrer\">association Henry IV<\/a>,<\/strong> parc de Bernadou<br \/>\nPour t\u00e9l\u00e9charger le bulletin d&rsquo;inscription, cliquez :<strong><a href=\"https:\/\/www.o-p-i.fr\/parlonsen\/wp-content\/uploads\/Ins-VG-Villemur-2017.pdf\">Ins VG Villemur 2017<\/a><\/strong><\/li>\n<\/ul>\n<h5>Dimanche 21 mai 2017<\/h5>\n<ul>\n<li><strong>SAINT SULPICE<\/strong> Vide ta Chambre et ton Grenier\u00a0organis\u00e9 par l&rsquo;Association St Sulpicienne des Parents d&rsquo;El\u00e8ves Ind\u00e9pendants. De 8h.30 \u00e0 17h. stade de La Messale (pr\u00e8s de la gare).<br \/>\nTarif: 10\u20ac les 5 ml<br \/>\nBuvette et restauration sur place<br \/>\nRenseignements et r\u00e9servation: 06 62 88 84 18 \u00a0ou \u00a006 65 67 66 62. \u00a0courriel: <a href=\"mailto:videtachambre.81370@yahoo.fr\"><strong>videtachambre.81370@yahoo.fr<\/strong><br \/>\n<\/a><\/li>\n<li><strong>SAINT NAUPHARY<\/strong> organis\u00e9 par l&rsquo;APE,<br \/>\nR\u00e9servez vite votre emplacement&#8230;Cliquez: .<strong><a href=\"https:\/\/www.o-p-i.fr\/parlonsen\/wp-content\/uploads\/VG-APE-St-Nauph.pdf\">Inscription Vide Greniers APE<\/a><\/strong><\/li>\n<li><strong>MONCLAR DE QUERCY<\/strong> \u00a0Le club des A\u00een\u00e9s St\u00e9phanois organise un grand vide grenier \u00e0 l\u2019esplanade des lacs de Monclar de Quercy.<br \/>\nTarif du m\u00e8tre lin\u00e9aire : ext\u00e9rieur et boulodrome : 2\u20ac ; int\u00e9rieur : 3\u20ac (Tables et chaises ne sont pas fournies. )<br \/>\nPour tous renseignements et r\u00e9servations,\u00a0 prendre contact au : 06 43 64 97 68\u00a0 ou 05 63 66 68 79<\/li>\n<li><strong>FRONTON\u00a0<\/strong>Organis\u00e9 par les \u00e9colesLieu : Parking de l\u2019\u00e9cole Marianne, Buvette et restauration sur place.<\/li>\n<li><strong>PUYCELSI<\/strong> Organis\u00e9 par l&rsquo;\u00e9cole au terrain de foot; Report\u00e9 au 4 juin si mauvais temps<\/li>\n<li><strong>GAILLAC<\/strong> \u00a0Vide grenier de l&rsquo;\u00e9cole de Sainte C\u00e9cile d&rsquo;Av\u00e8s \u00e0 Gaillac\u00a0(<em>Chemin Toulze<\/em>)<\/li>\n<\/ul>\n<h5>Jeudi 25 mai 2017<\/h5>\n<ul>\n<li><strong>GIROUSSENS<\/strong> Organis\u00e9 par le Comit\u00e9 des F\u00eates<br \/>\n3.50\u20ac le ml\u00a0particulier, 4.50\u20ac le ml professionnel, r\u00e9servation avant le 05 mai 2014.<br \/>\nModalit\u00e9s d&rsquo;inscription sur le site <a href=\"https:\/\/sites.google.com\/site\/comitegiroussens\/vide-grenier\">https:\/\/sites.google.com\/site\/comitegiroussens\/vide-grenier<\/a>.<\/li>\n<li><strong>TAURIAC<\/strong> 8eme vide greniers organis\u00e9 par l&rsquo;association AVEM LESER<br \/>\nTarif 5 m\u00e8tres fixe Particuliers 6\u20ac \/ Pro 20\u20ac<br \/>\nRenseignements:\u00a0CARME Jacques 05 63 40 51 76<br \/>\nT\u00e9l\u00e9charger le bulletin d&rsquo;inscription: <a href=\"https:\/\/www.o-p-i.fr\/parlonsen\/wp-content\/uploads\/VG-Tauriac2017.pdf\">VG Tauriac2017<\/a><\/li>\n<li><strong>CAUSSADE<\/strong> Organis\u00e9 par le \u00ab\u00a0Stade Caussadais Football\u00a0\u00bb Promenades boulevard Didier Rey<br \/>\nRenseignements et inscriptions:\u00a006 73 72 89 10 \u00a0ou 06 75 92 72 87<\/li>\n<\/ul>\n<h5>Dimanche 28 mai 2017<\/h5>\n<ul>\n<li><strong>NEGREPELISSE<\/strong> Organis\u00e9 par le SCN P\u00e9tanque espace Sorbonne, route de Bioule<\/li>\n<li><strong>FIAC<\/strong> Vide-maison et d\u00e9pendances \u00ab\u00a0Au pain d&rsquo;en baut\u00a0\u00bb Pour pr\u00e9cisions cliquez\u00a0<strong><a href=\"https:\/\/www.o-p-i.fr\/parlonsen\/wp-content\/uploads\/FIAC-Vide-maison.pdf\">FIAC Vide maison<\/a><\/strong><\/li>\n<\/ul>\n<h5>Dimanche 4 juin 2017<\/h5>\n<ul>\n<li><strong>NEGREPELISSE<\/strong> Organis\u00e9 par les pompiers<\/li>\n<li><strong>BRUNIQUEL<\/strong>\u00a0 rue de la Fraternit\u00e9 et place de la Vierge<\/li>\n<\/ul>\n<h5>Lundi 5 juin 2017<\/h5>\n<ul>\n<li><strong>MONTANS<\/strong> Au terrain de Rugby. Renseignements: 06 26 93 93 79<\/li>\n<\/ul>\n<\/div>\n<div id=\"pageContectFull\">\n<h5>Dimanche 11 juin 2017<\/h5>\n<ul>\n<li><strong>NEGREPELISSE<\/strong> Organis\u00e9 par l&rsquo; ACNAL, place nationale et place du ch\u00e2teau<br \/>\nExposants: 1\u20ac le ml (Minimum 3Ml). Renseignements: \u00a006 74 82 21 76<\/li>\n<li><strong>CORDES SUR CIEL<\/strong> Organis\u00e9 par les pompiers<br \/>\nTarif: 13 \u20ac les 5 m. Renseignements: 05 63 56 07 50<br \/>\nBuvette et possibilit\u00e9 de restauration sur place. Grand Parking<\/li>\n<li><strong>MONTAUBAN<\/strong> (SAPIAC) Organis\u00e9 par l&rsquo;Association des Habitants de Sapiac, pr\u00e8s du stade de rugby\n<div class=\"columnGroup noSpace\">\n<div class=\"column100Eq moduleContent\">Renseignements: \u00a005 63 91 32 95 \u00a0<a class=\"link\" href=\"http:\/\/assosapiac.e-monsite.com\/\" target=\"_blank\" rel=\"noopener noreferrer\">http:\/\/assosapiac.e-monsite.com\/<\/a><\/div>\n<\/div>\n<div class=\"column100Eq moduleContent\"><\/div>\n<\/li>\n<\/ul>\n<h5>Dimanche 18 juin 2017<\/h5>\n<ul>\n<li><strong>MONTRICOUX<\/strong> Organis\u00e9 par \u00ab\u00a0Le R\u00e9veil Occitan\u00a0\u00bb dans le cadre de la \u00ab\u00a0F\u00eate des musiques traditionnelles\u00a0\u00bb. Place de la salle des f\u00eates et du monument aux morts.\n<div class=\"telPublicNumero\">Renseignements: ASTORG Jeanine:\u00a006 16 09 51 41<br \/>\nPour t\u00e9l\u00e9charger le bulletin d&rsquo;inscription, cliquez:\u00a0<a href=\"https:\/\/www.o-p-i.fr\/parlonsen\/wp-content\/uploads\/VG-R\u00e9veil-Occ-2017.pdf\">VG R\u00e9veil Occ 2017<\/a><\/div>\n<\/li>\n<li><strong>GAILLAC<\/strong>\u00a0 Organis\u00e9 par la M.J.C. Au parc Pichery Renseignements: 05 63 57 03 70<\/li>\n<li><strong>RABASTENS<\/strong> Organis\u00e9 par le foot <a href=\"http:\/\/www.fcvignoble81.com\/\" target=\"_blank\" rel=\"noopener noreferrer\">en savoir + cliquez<\/a><\/li>\n<\/ul>\n<h5>Samedi 24 juin 2017<\/h5>\n<ul>\n<li><strong>VAOUR\u00a0<\/strong><\/li>\n<\/ul>\n<h5>Dimanche 25 juin 2017<\/h5>\n<ul>\n<li><strong>St MAFFRE\u00a0<\/strong>organis\u00e9 par St Maffre Dynamique de 8h \u00e0 18h, face \u00e0 l\u2019\u00e9cole. Restauration et rafra\u00eechissements sur place.<br \/>\nTarif : 5\u20ac pour 3 m\u00e8tres lin\u00e9aires, 1\u20ac le m\u00e8tre suppl\u00e9mentaire. Inscription au 06 21 58 56 93 \u2013 06 08 57 23 39.<\/li>\n<\/ul>\n<h5>Dimanche 2 juillet 2017<\/h5>\n<ul>\n<li><strong>GAILLAC\u00a0<\/strong>Organis\u00e9 par l&rsquo;association Ludoga,\u00a0Stade Laborie (Bernard LAPORTE) (<em>Avenue Flandres Dunkerque<\/em>)<br \/>\nRenseignements: 06 72 04 42 52<\/li>\n<\/ul>\n<h5>Dimanche 9 juillet 2017<\/h5>\n<ul>\n<li><strong>COUFFOULEUX<\/strong>\u00a0Organis\u00e9 par le Club d\u2019animation de Couffouleux organise de 7h \u00e0 18h, sur la place de la Mairie.<br \/>\nBuvette et restauration sur place. Pour les inscriptions et plus de renseignements\u00a0: t\u00e9l. 05 63 40 61 28 ou 06 77 59 20 61.<\/li>\n<\/ul>\n<h5>Dimanche 16 juillet 2017<\/h5>\n<ul>\n<li><strong>MONTGAILLARD\u00a0<\/strong>Organis\u00e9 par la Soci\u00e9t\u00e9 de Chasse de Montgaillard. \u00e0 la salle des f\u00eates<br \/>\nTarif: 1\u20ac le ml, int\u00e9rieur ou ext\u00e9rieur. R\u00e9servation: 05 63 40 56 23<br \/>\nRepas et buvette pr\u00e8s des stands<\/li>\n<\/ul>\n<h5>Dimanche 23 juillet 2017<\/h5>\n<ul>\n<li><strong>MONTRICOUX<\/strong> Organis\u00e9 par l&rsquo;A.D.M.<br \/>\nRenseignements: Serayssol Thibaut 06 83 42 34 29 \u00a0ou 06 30 45 84 95<br \/>\nRestauration, Buvette, Man\u00e8ges pour adultes et enfants<br \/>\nExposition de voitures anciennes<\/li>\n<li><strong>BIOULE<\/strong> \u00a0\u00a0Organis\u00e9 par le Comit\u00e9 des F\u00eates de Bioule,\u00a0<span class=\"texte\">au Camping ombrag\u00e9, au Bord de l&rsquo;Aveyron\u00a08h-18h<br \/>\nEmplacements : 2\u20ac50 le ml, Renseignements: 06 11 30 11 83<br \/>\nBuvette et restauration sur place.<\/span><\/li>\n<\/ul>\n<h5>Dimanche 30 juillet 2017<\/h5>\n<ul>\n<li><strong>RABASTENS<\/strong> Organis\u00e9 par les Pompiers\u00a0Promenade des Lices<br \/>\nRenseignements: 06 63 69 11 44 Christophe MOULIS<\/li>\n<li><strong>LARROQUE<\/strong> Organis\u00e9 par l&rsquo;association Tourisme Vere<br \/>\nSTAND: 2\u20ac m\u00e8tre lin\u00e9aire. R\u00e9servation: courriel: Tourismevere@gmail.com Tel: o6-20-89-03-77<br \/>\nBuvette\/Restauration sur place Sur l\u2019aire de repos, ombrag\u00e9e<\/li>\n<\/ul>\n<h5>Dimanche 6 ao\u00fbt 2017<\/h5>\n<ul>\n<li><strong>BRUNIQUEL<\/strong>\u00a0 organis\u00e9 par le comit\u00e9 des f\u00eates<strong> :<\/strong> 5 \u20ac pour les habitants de la Commune de BRUNIQUEL et 10 \u20ac pour les gens des environs. Petite restauration, boissons fra\u00eeches.<br \/>\nRenseignements : 05.63.24.14.31 ou OT : 05.63.67.29.84 \u2013 <a href=\"mailto:tourisme-bruniquel@wanadoo.fr\">tourisme-bruniquel@wanadoo.fr<\/a><\/li>\n<li><strong>SAINT ETIENNE de TULMONT<\/strong> Organis\u00e9 par le Comit\u00e9 des F\u00eates<br \/>\nExposants de 6h \u00e0 18h, Tarif : 8 \u20ac les 3 ml, Caf\u00e9 offert. R\u00e9servation:\u00a005 63 20 18 48<\/li>\n<li><strong>LAMAGISTERE<\/strong> Organis\u00e9 par \u00ab\u00a0Cap sur l&rsquo;Avenir\u00a0\u00bb, place du pont place de la lib\u00e9ration<br \/>\nTarif exposant: 2\u20ac le m lin\u00e9aire. Possibilit\u00e9 d&rsquo;arriver la veille,\u00a0 ouverture du site pour les exposants 03h30<br \/>\nRenseignements et r\u00e9servation: Jean-Louis COUDIN 06 80 13 58 57 ou 06 07 34 04 57<br \/>\nOuverture au public 8h\/19h \u00a0Buvette-grillades<\/li>\n<\/ul>\n<h5>Dimanche 13 ao\u00fbt 2017<\/h5>\n<ul>\n<li><strong>SALVAGNAC<\/strong> Vide greniers dans le cadre du \u00ab\u00a0festival de la R\u00e9cup\u00a0\u00bb au lieu dit \u00ab\u00a0Les Camboulasses\u00a0\u00bb<br \/>\nTarif: 3\u20ac le ml.<br \/>\nRenseignements et inscriptions:\u00a0Mme Funel, 09 50 25 98 29<\/li>\n<li><strong>NEGREPELISSE\u00a0<\/strong>Organis\u00e9 par les\u00a0Amis de la R\u00e9sidence Eug\u00e8ne Aujaleu,\u00a0Salle des F\u00eates et Place Nationale<br \/>\nRenseignements: 05 63 24 67 70<\/li>\n<li><strong>VILLEMADE<\/strong> Organis\u00e9 par le comit\u00e9 des f\u00eates<\/li>\n<\/ul>\n<h5>Vendredi 18 ao\u00fbt 2017<\/h5>\n<ul>\n<li><strong> PUYCELSI<\/strong>\u00a0Organis\u00e9 par le comit\u00e9 des f\u00eates Promenade saint Roch Ouvert au public d\u00e8s 17 heures.<br \/>\nAccueil des exposants d\u00e8s 15 heures.Tarif 3 euros le metre lin\u00e9aire. Restauration sur place animation et bal avec l&rsquo;orchestre Domingo.<br \/>\nR\u00e9servation:06 03 27 28 81 Le pr\u00e9sident du comit\u00e9 Mr RIVIERE Eric<br \/>\nModalit\u00e9s d&rsquo;inscription,<strong><a href=\"http:\/\/www.fete-puycelsi.fr\/videgrenier2010\/index.html\" target=\"_blank\" rel=\"noopener noreferrer\"> cliquez ici<\/a><\/strong><\/li>\n<\/ul>\n<h5>Dimanche 27 ao\u00fbt 2017<\/h5>\n<ul>\n<li><strong>MONCLAR de QUERCY<\/strong> Dans le cadre du Salon du Livre, esplanade des lacs\/salle polyvalente<br \/>\n&#8211; Bourse toutes collections<br \/>\n&#8211; Vide greniers organis\u00e9 par le comit\u00e9 d&rsquo;animation de Bonanech, Esplanade des lacs (ext\u00e9rieur) et boulodrome couvert<br \/>\nTarif: 2\u20ac \u00e0 l&rsquo;ext\u00e9rieur, 3\u20ac boulodrome couvert<\/li>\n<li><strong>MONTAUBAN<\/strong> Organis\u00e9 par l&rsquo;association \u00ab\u00a0Quartier 13\u00a0\u00bb\u00a0cours Foucault (<em>Avenue du 10&prime; Dragons<\/em>)<br \/>\nPrix: (nouvelle grille tarifaire) 12\u20ac les 4 m\u00e8tres, 22\u20ac les 8 m\u00e8tres, 30\u20ac les 12 m\u00e8tres maximum<br \/>\nBuvette et restauration sur place.<br \/>\nPermanence pour les inscriptions les samedis d\u2019ao\u00fbt de 9h \u00e0 12h devant le bar des lansquenets<\/li>\n<\/ul>\n<h5>Dimanche 3 septembre 2017<\/h5>\n<ul>\n<li><strong>NEGREPELISSE<\/strong> \u00a0Organis\u00e9 par l&rsquo; A.C.N.A.L. \u00a0Place Nationale et place du Ch\u00e2teau<br \/>\nTarif: 1\u20ac le ml. R\u00e9servation: 06 74 82 21 76.<br \/>\nRestauration sur place<\/li>\n<\/ul>\n<h5><strong>Dimanche 10 septembre 2017<\/strong><\/h5>\n<ul>\n<li><strong>BRUNIQUEL<\/strong>\u00a0Grand Vide Maisons\u00a0organis\u00e9 par Vert-Tige dans les rues du village de 9h \u00e0 18h.<\/li>\n<li><strong>SAINT SULPICE LA POINTE\u00a0<\/strong>Organis\u00e9 par \u00ab\u00a0St Sulpice les 3 clochers\u00a0\u00bb\u00a0place soult (D630)<br \/>\nR\u00e9servations:\u00a006 62 23 06 09<\/li>\n<li><strong>VILLEBRUMIER<\/strong> Organis\u00e9 par le Comit\u00e9 des F\u00eates, place de la mairie.<br \/>\nInscriptions au 06.16.01.00.78 apr\u00e8s 17h00. Tarif: 2\u20ac le ml<\/li>\n<\/ul>\n<h5>Dimanche 17 septembre 2017<\/h5>\n<ul>\n<li><strong>NEGREPELISSE<\/strong> \u00a0Organis\u00e9 par l&rsquo;Amicale des Sapeurs-pompiers Volontaires,\u00a0Place Nationale<\/li>\n<li>\n<div id=\"yui_3_16_0_ym19_1_1503584349788_2837\"><strong>FRONTON<\/strong> sur le parking de l&rsquo;\u00e9cole \u00e9l\u00e9mentaire Marianne, avec l&rsquo;aide de l&rsquo;association des parents d&rsquo;\u00e9l\u00e8ves de Fronton \u00ab\u00a0<i id=\"yui_3_16_0_ym19_1_1503584349788_3273\">Les petits frontonnais<\/i>\u00a0\u00bb<br \/>\nPour t\u00e9l\u00e9charger le r\u00e8glement, cliquez:\u00a0<strong><a href=\"https:\/\/www.o-p-i.fr\/parlonsen\/wp-content\/uploads\/Reglement-VG-Fronton.pdf\">Reglement VG Fronton<\/a><\/strong><br \/>\nPour t\u00e9l\u00e9charger le bulletin d&rsquo;inscription, cliquez:\u00a0<strong><a href=\"https:\/\/www.o-p-i.fr\/parlonsen\/wp-content\/uploads\/Bulletin-dinscription-VG-Fronton.pdf\">Bulletin d&rsquo;inscription VG Fronton<\/a><\/strong><\/div>\n<div id=\"yui_3_16_0_ym19_1_1503584349788_2899\">Nous restons \u00e0 votre disposition concernant cet \u00e9v\u00e9nement :<\/div>\n<div id=\"yui_3_16_0_ym19_1_1503584349788_3154\">&#8211; par e-mail : veromaxou@wanadoo.fr<\/div>\n<div id=\"yui_3_16_0_ym19_1_1503584349788_3155\" dir=\"ltr\">&#8211; par t\u00e9l\u00e9phone : 06.07.68.60.49<\/div>\n<\/li>\n<li>\n<div id=\"yui_3_16_0_ym19_1_1503584349788_3155\" dir=\"ltr\">\u00a0<strong>SALVAGNAC<\/strong> Organis\u00e9 par l&rsquo;association AMIS avec le concours du Club de Randonn\u00e9e<br \/>\nPour t\u00e9l\u00e9charger le r\u00e8glement et le bulletin d&rsquo;inscription, cliquez :<strong><a href=\"https:\/\/www.o-p-i.fr\/parlonsen\/wp-content\/uploads\/2017-VIDE-GRENIER-SALVAGNAC.pdf\">2017 VIDE GRENIER SALVAGNAC<\/a><\/strong><\/div>\n<\/li>\n<li><strong>SAINT SULPICE LA POINTE<\/strong> Bourse toutes collections,\u00a0Salle Joel Braconnier pr\u00e8s de la gare SNCF (<em>Chemin de la Messale<\/em>)<\/li>\n<li><strong>MONTAUBAN<\/strong> Organis\u00e9 par l&rsquo;association LOS CARCINOLS DE MONTALBAN, salle des f\u00eates et parking de FALGUIERES<br \/>\nTarif: \u00a0int\u00e9rieur 4\u20ac avec table; ext\u00e9rieur 5\u20ac 3ml.\u00a0Inscriptions et renseignements 06 84 62 64 89<\/p>\n<h5>Dimanche 24 septembre 2017<\/h5>\n<ul>\n<li><strong>LISLE SUR TARN<\/strong>\u00a0Maison de Retraite \u00ab\u00a0La R\u00e9sidence\u00a0\u00bb (<em>7 R\u00e9sidence Hameau Pierre Salvet<\/em>)<br \/>\nBuvette et restauration sur place toute la journ\u00e9e.<br \/>\nParking gratuit exposants et visiteurs face \u00e0 la Maison de Retraite.<br \/>\n3 euros le M\u00e8tre (2 m minimum) arriv\u00e9e des exposants \u00e0 partir de 7 h jusqu&rsquo;\u00e0 8 h, un caf\u00e9 vous sera offert.<br \/>\nRenseignements: H\u00e9l\u00e8ne\u00a006 50 01 81 22<\/li>\n<li><strong>MONTAUBAN<\/strong>\u00a0Organis\u00e9 par l&rsquo;association des quartiers du March\u00e9 Gare Coul\u00e9e Verte \u2013 Rue Henri Tourni\u00e9<br \/>\nAnimation\u00a0&#8211; Buvette &#8211; Restauration sur place<br \/>\nRenseignements et R\u00e9servations: association : 06 66 16 22 55 et Karine PINOL, 326 rue Issanchou 82000 Montauban Mail :\u00a0<strong><a href=\"mailto:kpinol@yahoo.fr\" target=\"_blank\" rel=\"noopener noreferrer\">kpinol@yahoo.fr<br \/>\n<\/a><\/strong>Parking exposants et visiteurs a proximit\u00e9<\/li>\n<li><strong>SAINT ETIENNE DE TULMONT<\/strong>\u00a0Organis\u00e9 par l&rsquo;APEL \u00e9cole St Joseph.\u00a0Place du Tulmonenc (En salle des f\u00eates en cas de mauvais temps)<br \/>\nTarif: 8\u20ac les 3 m\u00e8tres \/ 15\u20ac les 6 m\u00e8tres \/ 20\u20ac les 9 m\u00e8tres \/ 25\u20ac les 12 m\u00e8tres<br \/>\nPour information: pas de v\u00e9hicule sur les emplacements Accueil des exposants \u00e0 partir de 7h00<\/li>\n<\/ul>\n<h5>Dimanche 1er octobre 2017<\/h5>\n<ul>\n<li><strong>SAINT SULPICE LA POINTE<\/strong>\u00a0Vide ta chambre organis\u00e9 par l&rsquo; APEL\u00a0Salle Braconnier (<em>Chemin de la Messale<\/em>)<br \/>\n8\u20ac la table et 16\u20ac les 3 tables. Renseignements et r\u00e9servation: 06 87 34 68 85 ou 06 16 10 34 01<\/li>\n<li><strong>SAINT ETIENNE DE TULMONT<\/strong>\u00a0Organis\u00e9 par l&rsquo;association BB&rsquo;Cailloux 82, Place du Tulmonenc (ou \u00e0 la salle des f\u00eates en cas de mauvais temps) , de 8h \u00e0 18h pour les visiteurs, \u00e0 partir de 7 h pour les exposants .<br \/>\nR\u00e9servez vos emplacements d\u00e8s maintenant\u00a0: 3m \u00e0 9\u20ac\u00a0; 6m \u00e0 15\u20ac\u00a0; 9m \u00e0 20\u20ac\u00a0; 12m \u00e0 25\u20ac . Voiture \u00e0 proximit\u00e9 pour les premiers inscrits .\u00a0 R\u00e9servation\u00a0: 06 81 94 20 97 .\u00a0 Restauration possible sur place.<\/li>\n<\/ul>\n<\/li>\n<\/ul>\n<\/div>\n<p><span style=\"border-radius: 2px; text-indent: 20px; width: auto; padding: 0px 4px 0px 0px; text-align: center; font: bold 11px\/20px 'Helvetica Neue',Helvetica,sans-serif; color: #ffffff; background: #bd081c no-repeat scroll 3px 50% \/ 14px 14px; position: absolute; opacity: 1; z-index: 8675309; display: none; cursor: pointer;\">Enregistrer<\/span><\/p>\n<p><span style=\"border-radius: 2px; text-indent: 20px; width: auto; padding: 0px 4px 0px 0px; text-align: center; font: bold 11px\/20px 'Helvetica Neue',Helvetica,sans-serif; color: #ffffff; background: #bd081c no-repeat scroll 3px 50% \/ 14px 14px; position: absolute; opacity: 1; z-index: 8675309; display: none; cursor: pointer;\">Enregistrer<\/span><\/p>\n","protected":false},"excerpt":{"rendered":"<div class=\"mh-excerpt\">Dimanche 27 Novembre 2016 :   Gaillac  (81) \/  Montans (81) \/  Saint-Nauphary (82) \/ Villebrumier (82)<\/div>\n<p> <a class=\"mh-excerpt-more\" href=\"https:\/\/www.o-p-i.fr\/parlonsen\/localisation\/au-pays-des-tescous\/villebrumier\/les-vide-greniers-2016-au-pays-des-tescous\/\" title=\"Les Vide-Greniers 2016\/2017 &#8230; au Pays des Tescou&rsquo;s\">[&#8230;]<\/a><\/p>\n","protected":false},"author":4,"featured_media":0,"comment_status":"open","ping_status":"open","sticky":false,"template":"","format":"standard","meta":{"om_disable_all_campaigns":false,"advanced_seo_description":"","jetpack_seo_html_title":"","jetpack_seo_noindex":false,"_jetpack_memberships_contains_paid_content":false,"footnotes":"","_links_to":"","_links_to_target":""},"categories":[828,42,2013,27,19,2402,2517,2518],"tags":[517,758,961,1342,1601,1602,2614,2616],"class_list":{"0":"post-28212","1":"post","2":"type-post","3":"status-publish","4":"format-standard","6":"category-au-pays-des-tescous","7":"category-a-cote-de-chez-nous","8":"category-les-vides-greniers","9":"category-verlhac-tescou","10":"category-villebrumier","11":"category-n118-janvier-2016","12":"category-n-127-octobre-2016","13":"category-n-128-novembre-2016","14":"tag-vide-atelier","15":"tag-bourse-aux-jouets","16":"tag-vide-jardin","17":"tag-fiac","18":"tag-vide-garage","19":"tag-vide-ecurie","20":"tag-culturemania","21":"tag-bourse-aux-vetements-denfants"},"jetpack_featured_media_url":"","views":{"total":0,"cached_at":"","cached_date":1738466231},"jetpack_likes_enabled":true,"jetpack_sharing_enabled":true,"jetpack_shortlink":"https:\/\/wp.me\/pg7Wxj-7l2","jetpack-related-posts":[],"_links":{"self":[{"href":"https:\/\/www.o-p-i.fr\/parlonsen\/wp-json\/wp\/v2\/posts\/28212","targetHints":{"allow":["GET"]}}],"collection":[{"href":"https:\/\/www.o-p-i.fr\/parlonsen\/wp-json\/wp\/v2\/posts"}],"about":[{"href":"https:\/\/www.o-p-i.fr\/parlonsen\/wp-json\/wp\/v2\/types\/post"}],"author":[{"embeddable":true,"href":"https:\/\/www.o-p-i.fr\/parlonsen\/wp-json\/wp\/v2\/users\/4"}],"replies":[{"embeddable":true,"href":"https:\/\/www.o-p-i.fr\/parlonsen\/wp-json\/wp\/v2\/comments?post=28212"}],"version-history":[{"count":0,"href":"https:\/\/www.o-p-i.fr\/parlonsen\/wp-json\/wp\/v2\/posts\/28212\/revisions"}],"wp:attachment":[{"href":"https:\/\/www.o-p-i.fr\/parlonsen\/wp-json\/wp\/v2\/media?parent=28212"}],"wp:term":[{"taxonomy":"category","embeddable":true,"href":"https:\/\/www.o-p-i.fr\/parlonsen\/wp-json\/wp\/v2\/categories?post=28212"},{"taxonomy":"post_tag","embeddable":true,"href":"https:\/\/www.o-p-i.fr\/parlonsen\/wp-json\/wp\/v2\/tags?post=28212"}],"curies":[{"name":"wp","href":"https:\/\/api.w.org\/{rel}","templated":true}]}}