{"id":28275,"date":"2015-11-25T09:39:47","date_gmt":"2015-11-25T08:39:47","guid":{"rendered":"\/parlonsen\/?p=28275"},"modified":"2015-11-25T14:12:57","modified_gmt":"2015-11-25T13:12:57","slug":"concours-de-dessin-la-maison-du-pere-noel-a-saint-nauphary-82","status":"publish","type":"post","link":"https:\/\/www.o-p-i.fr\/parlonsen\/parlons-en\/culture\/concours-de-dessin-la-maison-du-pere-noel-a-saint-nauphary-82\/","title":{"rendered":"Concours de Dessin \u00ab\u00a0La Maison du P\u00e8re No\u00ebl\u00a0\u00bb&#8230; \u00e0 Saint-Nauphary (82)"},"content":{"rendered":"<p style=\"text-align: justify;\">L&rsquo;association St No&rsquo;Livres organise un concours de dessins sur le th\u00e8me de No\u00ebl : \u00ab\u00a0La Maison du P\u00e8re No\u00ebl\u00a0\u00bb. Ainsi tous les enfants de moins de 12 ans\u00a0 qui souhaitent y participer doivent d\u00e9poser leur dessin\u00a0 \u00e0 la M\u00e9diath\u00e8que <span style=\"text-decoration: underline;\">au plus tard le Mercredi 9 D\u00e9cembre 2015<\/span> !<!--more--><\/p>\n<figure id=\"attachment_28276\" aria-describedby=\"caption-attachment-28276\" style=\"width: 300px\" class=\"wp-caption alignright\"><a href=\"https:\/\/i0.wp.com\/www.o-p-i.fr\/parlonsen\/wp-content\/uploads\/concoursdessinnoelstnolivres2014.jpg?ssl=1\"><img data-recalc-dims=\"1\" loading=\"lazy\" decoding=\"async\" class=\"size-medium wp-image-28276\" src=\"https:\/\/i0.wp.com\/www.o-p-i.fr\/parlonsen\/wp-content\/uploads\/concoursdessinnoelstnolivres2014.jpg?resize=300%2C269&#038;ssl=1\" alt=\"Zo\u00e9, laur\u00e9ate CM2 du concours 2014\" width=\"300\" height=\"269\" srcset=\"https:\/\/i0.wp.com\/www.o-p-i.fr\/parlonsen\/wp-content\/uploads\/concoursdessinnoelstnolivres2014.jpg?resize=300%2C269&amp;ssl=1 300w, https:\/\/i0.wp.com\/www.o-p-i.fr\/parlonsen\/wp-content\/uploads\/concoursdessinnoelstnolivres2014.jpg?resize=150%2C134&amp;ssl=1 150w, https:\/\/i0.wp.com\/www.o-p-i.fr\/parlonsen\/wp-content\/uploads\/concoursdessinnoelstnolivres2014.jpg?resize=400%2C359&amp;ssl=1 400w, https:\/\/i0.wp.com\/www.o-p-i.fr\/parlonsen\/wp-content\/uploads\/concoursdessinnoelstnolivres2014.jpg?w=800&amp;ssl=1 800w\" sizes=\"auto, (max-width: 300px) 100vw, 300px\" \/><\/a><figcaption id=\"caption-attachment-28276\" class=\"wp-caption-text\">Zo\u00e9, gagnante \u00ab\u00a0Cat\u00e9gorie 6\u00e8me\u00a0\u00bb du concours 2014<\/figcaption><\/figure>\n<p style=\"text-align: justify;\">Au dos du dessin, <strong>cr\u00e9ation personnelle de l&rsquo;enfant\u00a0 sur papier format A4<\/strong>\u00a0 (21 cm\/29.7 cm), veuillez inscrire : Nom, Pr\u00e9nom, Age,\u00a0 Classe, Adresse et N\u00b0 de T\u00e9l\u00e9phone.<\/p>\n<p style=\"text-align: justify;\">Un Jury se r\u00e9unira pour d\u00e9lib\u00e9rer et attribuer les prix par classe.<\/p>\n<p style=\"text-align: justify;\">La remise des pris se d\u00e9roulera le Mercredi 16 D\u00e9cembre 2015 \u00e0 partir de 17h30 \u00e0 la M\u00e9diath\u00e8que. Tous les participants auront un dipl\u00f4me et des friandises et chaque gagnant par classe repartira avec de nombreux cadeaux tels que : \u00a0livres, sacs de sport, places de cin\u00e9ma, entr\u00e9es dans des parcs d\u2019attractions, parties de bowling, peluches et jeux pour les plus petits, etc.<\/p>\n<p style=\"text-align: justify;\">Par la suite, tous les dessins seront affich\u00e9s \u00e0 la m\u00e9diath\u00e8que suivant votre accord.<\/p>\n<p style=\"text-align: justify;\">Soyez nombreux \u00e0 participer !<\/p>\n<p style=\"text-align: justify;\"><strong>Contact :<\/strong> <a href=\"https:\/\/www.o-p-i.fr\/aupays\/annuaire\/loisirs\/st-nolivres\/\" rel=\"bookmark\">St No\u2019Livres<\/a><\/p>\n<div class=\"entry-thumbnails\" style=\"text-align: justify;\"><a href=\"https:\/\/www.o-p-i.fr\/aupays\/annuaire\/loisirs\/st-nolivres\/\"><img decoding=\"async\" title=\"St No\u2019Livres\" src=\"https:\/\/www.o-p-i.fr\/aupays\/wp-content\/themes\/arras-theme\/library\/timthumb.php?src=https:\/\/www.o-p-i.fr\/aupays\/wp-content\/uploads\/logo_stnolivres.jpg&amp;w=190&amp;h=100&amp;zc=1\" alt=\"St No\u2019Livres\" \/><\/a><span class=\"entry-meta\"><abbr class=\"published\" title=\"2015-10-05T13:00:22+00:00\">&#8230;<\/abbr><\/span><\/div>\n<p style=\"text-align: justify;\"><em>Communiqu\u00e9 par Isabelle Serny<\/em><\/p>\n","protected":false},"excerpt":{"rendered":"<div class=\"mh-excerpt\">L&rsquo;association St No&rsquo;Livres organise un concours de dessins sur le th\u00e8me de No\u00ebl : \u00ab\u00a0La Maison du P\u00e8re No\u00ebl\u00a0\u00bb. Ainsi tous les enfants de moins de 12 ans\u00a0 qui souhaitent y participer doivent d\u00e9poser leur <a class=\"mh-excerpt-more\" href=\"https:\/\/www.o-p-i.fr\/parlonsen\/parlons-en\/culture\/concours-de-dessin-la-maison-du-pere-noel-a-saint-nauphary-82\/\" title=\"Concours de Dessin \u00ab\u00a0La Maison du P\u00e8re No\u00ebl\u00a0\u00bb&#8230; \u00e0 Saint-Nauphary (82)\">[&#8230;]<\/a><\/div>\n","protected":false},"author":2,"featured_media":0,"comment_status":"open","ping_status":"open","sticky":false,"template":"","format":"standard","meta":{"om_disable_all_campaigns":false,"advanced_seo_description":"","jetpack_seo_html_title":"","jetpack_seo_noindex":false,"_jetpack_memberships_contains_paid_content":false,"footnotes":"","_links_to":"","_links_to_target":""},"categories":[1,54,775,17,2371],"tags":[2542,131,354,554,1514],"class_list":{"0":"post-28275","1":"post","2":"type-post","3":"status-publish","4":"format-standard","6":"category-culture","7":"category-loisirs","8":"category-cest-noel","9":"category-saint_nauphary","10":"category-n-117-decembre-2015","11":"tag-saint_nauphary","12":"tag-noel","13":"tag-concours","14":"tag-dessin","15":"tag-mediatheque"},"jetpack_featured_media_url":"","views":{"total":0,"cached_at":"","cached_date":1738220341},"jetpack_likes_enabled":true,"jetpack_sharing_enabled":true,"jetpack_shortlink":"https:\/\/wp.me\/pg7Wxj-7m3","jetpack-related-posts":[],"_links":{"self":[{"href":"https:\/\/www.o-p-i.fr\/parlonsen\/wp-json\/wp\/v2\/posts\/28275","targetHints":{"allow":["GET"]}}],"collection":[{"href":"https:\/\/www.o-p-i.fr\/parlonsen\/wp-json\/wp\/v2\/posts"}],"about":[{"href":"https:\/\/www.o-p-i.fr\/parlonsen\/wp-json\/wp\/v2\/types\/post"}],"author":[{"embeddable":true,"href":"https:\/\/www.o-p-i.fr\/parlonsen\/wp-json\/wp\/v2\/users\/2"}],"replies":[{"embeddable":true,"href":"https:\/\/www.o-p-i.fr\/parlonsen\/wp-json\/wp\/v2\/comments?post=28275"}],"version-history":[{"count":0,"href":"https:\/\/www.o-p-i.fr\/parlonsen\/wp-json\/wp\/v2\/posts\/28275\/revisions"}],"wp:attachment":[{"href":"https:\/\/www.o-p-i.fr\/parlonsen\/wp-json\/wp\/v2\/media?parent=28275"}],"wp:term":[{"taxonomy":"category","embeddable":true,"href":"https:\/\/www.o-p-i.fr\/parlonsen\/wp-json\/wp\/v2\/categories?post=28275"},{"taxonomy":"post_tag","embeddable":true,"href":"https:\/\/www.o-p-i.fr\/parlonsen\/wp-json\/wp\/v2\/tags?post=28275"}],"curies":[{"name":"wp","href":"https:\/\/api.w.org\/{rel}","templated":true}]}}