{"id":28342,"date":"2015-12-04T06:59:13","date_gmt":"2015-12-04T05:59:13","guid":{"rendered":"\/parlonsen\/?p=28342"},"modified":"2015-12-01T23:02:27","modified_gmt":"2015-12-01T22:02:27","slug":"the-dansant-a-vaissac-82-6","status":"publish","type":"post","link":"https:\/\/www.o-p-i.fr\/parlonsen\/localisation\/a-cote-de-chez-nous\/the-dansant-a-vaissac-82-6\/","title":{"rendered":"Th\u00e9 Dansant &#8230; \u00e0 Va\u00efssac (82)"},"content":{"rendered":"<p>Le comit\u00e9 des f\u00eates organise un th\u00e9 dansant le <strong>Dimanche 20 D\u00e9cembre 2015<\/strong>, de 14h30 \u00e0 19h, anim\u00e9 par Claude Pontac.<!--more--><span id=\"more-28232\"><\/span><\/p>\n<figure id=\"attachment_16060\" aria-describedby=\"caption-attachment-16060\" style=\"width: 150px\" class=\"wp-caption alignright\"><a href=\"https:\/\/i0.wp.com\/www.o-p-i.fr\/parlonsen\/wp-content\/uploads\/claude_pontac1.jpg?ssl=1\"><img data-recalc-dims=\"1\" loading=\"lazy\" decoding=\"async\" class=\"size-thumbnail wp-image-16060\" src=\"https:\/\/i0.wp.com\/www.o-p-i.fr\/parlonsen\/wp-content\/uploads\/claude_pontac1.jpg?resize=150%2C150&#038;ssl=1\" alt=\"Claude Pontac\" width=\"150\" height=\"150\" srcset=\"https:\/\/i0.wp.com\/www.o-p-i.fr\/parlonsen\/wp-content\/uploads\/claude_pontac1.jpg?resize=150%2C150&amp;ssl=1 150w, https:\/\/i0.wp.com\/www.o-p-i.fr\/parlonsen\/wp-content\/uploads\/claude_pontac1.jpg?zoom=2&amp;resize=150%2C150&amp;ssl=1 300w, https:\/\/i0.wp.com\/www.o-p-i.fr\/parlonsen\/wp-content\/uploads\/claude_pontac1.jpg?zoom=3&amp;resize=150%2C150&amp;ssl=1 450w\" sizes=\"auto, (max-width: 150px) 100vw, 150px\" \/><\/a><figcaption id=\"caption-attachment-16060\" class=\"wp-caption-text\">Claude Pontac<\/figcaption><\/figure>\n<p>Venez nombreux passer un bel apr\u00e8s-midi de danse, le meilleur accueil vous sera r\u00e9serv\u00e9.<\/p>\n<p>A la pause, p\u00e2tisserie, rafraichissements et caf\u00e9 vous seront offerts.<\/p>\n<p><strong>Tarifs :<\/strong><br \/>\nEntr\u00e9e : 8 \u20ac<\/p>\n<p><strong>Contact : <\/strong><a href=\"https:\/\/www.o-p-i.fr\/aupays\/ils-adherent\/comite-des-fetes-de-vaissac\/\" rel=\"bookmark\">Comit\u00e9 des F\u00eates de Va\u00efssac<\/a><\/p>\n<p><em>Communiqu\u00e9 de\u00a0 Jean-Jacques Bettega<\/em><\/p>\n","protected":false},"excerpt":{"rendered":"<div class=\"mh-excerpt\">Le comit\u00e9 des f\u00eates organise un th\u00e9 dansant le Dimanche 20 D\u00e9cembre 2015, de 14h30 \u00e0 19h, anim\u00e9 par Claude Pontac.<\/div>\n","protected":false},"author":2,"featured_media":0,"comment_status":"open","ping_status":"open","sticky":false,"template":"","format":"standard","meta":{"om_disable_all_campaigns":false,"advanced_seo_description":"","jetpack_seo_html_title":"","jetpack_seo_noindex":false,"_jetpack_memberships_contains_paid_content":false,"footnotes":"","_links_to":"","_links_to_target":""},"categories":[42,54,2371],"tags":[80,82,315,1232],"class_list":{"0":"post-28342","1":"post","2":"type-post","3":"status-publish","4":"format-standard","6":"category-a-cote-de-chez-nous","7":"category-loisirs","8":"category-n-117-decembre-2015","9":"tag-the-dansant","10":"tag-aines","11":"tag-vaissac","12":"tag-claude-pontac"},"jetpack_featured_media_url":"","views":{"total":0,"cached_at":"","cached_date":1738432301},"jetpack_likes_enabled":true,"jetpack_sharing_enabled":true,"jetpack_shortlink":"https:\/\/wp.me\/pg7Wxj-7n8","jetpack-related-posts":[],"_links":{"self":[{"href":"https:\/\/www.o-p-i.fr\/parlonsen\/wp-json\/wp\/v2\/posts\/28342","targetHints":{"allow":["GET"]}}],"collection":[{"href":"https:\/\/www.o-p-i.fr\/parlonsen\/wp-json\/wp\/v2\/posts"}],"about":[{"href":"https:\/\/www.o-p-i.fr\/parlonsen\/wp-json\/wp\/v2\/types\/post"}],"author":[{"embeddable":true,"href":"https:\/\/www.o-p-i.fr\/parlonsen\/wp-json\/wp\/v2\/users\/2"}],"replies":[{"embeddable":true,"href":"https:\/\/www.o-p-i.fr\/parlonsen\/wp-json\/wp\/v2\/comments?post=28342"}],"version-history":[{"count":0,"href":"https:\/\/www.o-p-i.fr\/parlonsen\/wp-json\/wp\/v2\/posts\/28342\/revisions"}],"wp:attachment":[{"href":"https:\/\/www.o-p-i.fr\/parlonsen\/wp-json\/wp\/v2\/media?parent=28342"}],"wp:term":[{"taxonomy":"category","embeddable":true,"href":"https:\/\/www.o-p-i.fr\/parlonsen\/wp-json\/wp\/v2\/categories?post=28342"},{"taxonomy":"post_tag","embeddable":true,"href":"https:\/\/www.o-p-i.fr\/parlonsen\/wp-json\/wp\/v2\/tags?post=28342"}],"curies":[{"name":"wp","href":"https:\/\/api.w.org\/{rel}","templated":true}]}}