{"id":28348,"date":"2015-12-07T07:39:56","date_gmt":"2015-12-07T06:39:56","guid":{"rendered":"\/parlonsen\/?p=28348"},"modified":"2025-11-09T14:29:10","modified_gmt":"2025-11-09T13:29:10","slug":"la-cle-des-chants-prepare-noel-a-villemur-sur-tarn-31","status":"publish","type":"post","link":"https:\/\/www.o-p-i.fr\/parlonsen\/parlons-en\/culture\/la-cle-des-chants-prepare-noel-a-villemur-sur-tarn-31\/","title":{"rendered":"La Cl\u00e9 des Chants pr\u00e9pare No\u00ebl &#8230; \u00e0 Villemur sur Tarn (31)"},"content":{"rendered":"<p style=\"text-align: justify;\">D\u00e9cembre est synonyme de f\u00eate, et comme chaque ann\u00e9e dans le cadre des festivit\u00e9s de fin d\u2019ann\u00e9e, la chorale intercommunale \u00ab La Cl\u00e9 des Chants \u00bb produira le <strong>Dimanche 20 D\u00e9cembre 2015<\/strong> \u00e0 l\u2019\u00e9glise de Villemur sur Tarn son 7\u00e9me concert de No\u00ebl, \u00e0 partir de 16 h.<!--more--><\/p>\n<p style=\"text-align: justify;\">Ce concert devenu p\u00e9renne au fil des ans, associe le chant et la musique, pour offrir au public pr\u00e9sent un spectacle culturel vari\u00e9, de grande qualit\u00e9.<br \/>\nApr\u00e8s avoir pr\u00e9sent\u00e9 l\u2019an dernier un trio de Harpistes, qui faisait suite \u00e0 un quatuor de violons, un r\u00e9cital d\u2019orgue, une Harmonie musicale venue de Fleurance, Saxo et Piano, etc. ayant anim\u00e9 les concerts pr\u00e9c\u00e9dents, c\u2019est l\u2019accord\u00e9on qui cette ann\u00e9e est mis en vedette avec le duo MIKIMIKI, Christine ROSSI et Myriam LAFFARGUE, qui interpr\u00e8teront des \u0153uvres classiques compos\u00e9es pour cet instrument que l\u2019on \u00e0 plus l\u2019habitude d\u2019entendre dans des soir\u00e9es musette, mais qui prend une autre dimension dans un usage musical diff\u00e9rent qui donne ses lettres de noblesse \u00e0 cet instrument populaire.<\/p>\n<figure id=\"attachment_28350\" aria-describedby=\"caption-attachment-28350\" style=\"width: 640px\" class=\"wp-caption aligncenter\"><a href=\"https:\/\/i0.wp.com\/www.o-p-i.fr\/parlonsen\/wp-content\/uploads\/chorale_villebrumier.jpg?ssl=1\"><img data-recalc-dims=\"1\" loading=\"lazy\" decoding=\"async\" class=\"size-large wp-image-28350\" src=\"https:\/\/i0.wp.com\/www.o-p-i.fr\/parlonsen\/wp-content\/uploads\/chorale_villebrumier.jpg?resize=640%2C313&#038;ssl=1\" alt=\"La Cl\u00e9 des Chants en r\u00e9p\u00e9tition. \" width=\"640\" height=\"313\" srcset=\"https:\/\/i0.wp.com\/www.o-p-i.fr\/parlonsen\/wp-content\/uploads\/chorale_villebrumier.jpg?w=1024&amp;ssl=1 1024w, https:\/\/i0.wp.com\/www.o-p-i.fr\/parlonsen\/wp-content\/uploads\/chorale_villebrumier.jpg?resize=300%2C146&amp;ssl=1 300w, https:\/\/i0.wp.com\/www.o-p-i.fr\/parlonsen\/wp-content\/uploads\/chorale_villebrumier.jpg?resize=150%2C73&amp;ssl=1 150w, https:\/\/i0.wp.com\/www.o-p-i.fr\/parlonsen\/wp-content\/uploads\/chorale_villebrumier.jpg?resize=400%2C195&amp;ssl=1 400w\" sizes=\"auto, (max-width: 640px) 100vw, 640px\" \/><\/a><figcaption id=\"caption-attachment-28350\" class=\"wp-caption-text\">La Cl\u00e9 des Chants en r\u00e9p\u00e9tition.<\/figcaption><\/figure>\n<p style=\"text-align: justify;\">Comme \u00e0 son habitude la Cl\u00e9 des Chants assurera la partie chant\u00e9e du concert, accompagn\u00e9e musicalement pour certains chants par JUDITH qui a mis ses talents de pianiste au service des choristes, et pour d\u2019autres par le duo MIKIMIKI, avec un programme qui reprendra outre des chansons connues et airs d\u2019op\u00e9ra c\u00e9l\u00e8bres, une seconde partie consacr\u00e9e aux traditionnels chants de No\u00ebl que l\u2019on ne se lasse pas d\u2019entendre.<br \/>\nToujours sous la Direction de Maud, Chef de Ch\u0153ur talentueuse de la chorale, les r\u00e9p\u00e9titions qui ont lieu tous les lundis soir dans une salle mise aimablement \u00e0 disposition par la Mairie de Villebrumier, s\u2019intensifient \u00e0 l\u2019approche de ce concert, qui devrait comme par le pass\u00e9 voir un public nombreux investir la belle \u00e9glise de Villemur que le P\u00e8re Philippe BACHET met tous les ans \u00e0 la disposition de La Cl\u00e9 des Chants pour ce concert unique \u00e0 ne pas manquer, ce dont nous ne saurions trop le remercier.<\/p>\n<p style=\"text-align: justify;\">Il est possible et recommand\u00e9 de se procurer les billets d\u2019entr\u00e9e \u00e0 l\u2019avance aupr\u00e8s des choristes de La Cl\u00e9 des chants.<\/p>\n<p style=\"text-align: justify;\"><strong>Contact :<\/strong> <a href=\"https:\/\/www.o-p-i.fr\/aupays\/annuaire\/loisirs\/la-cle-des-chants\/\" rel=\"bookmark\">La Cl\u00e9 des Chants<\/a><\/p>\n<div class=\"entry-thumbnails\" style=\"text-align: justify;\"><a href=\"https:\/\/www.o-p-i.fr\/aupays\/annuaire\/loisirs\/la-cle-des-chants\/\"><img decoding=\"async\" title=\"La Cl\u00e9 des Chants\" src=\"https:\/\/www.o-p-i.fr\/aupays\/wp-content\/themes\/arras-theme\/library\/timthumb.php?src=https:\/\/www.o-p-i.fr\/aupays\/wp-content\/uploads\/logo_cledeschants.jpg&amp;w=190&amp;h=100&amp;zc=1\" alt=\"La Cl\u00e9 des Chants\" \/><\/a><span class=\"entry-meta\"><abbr class=\"published\" title=\"2015-11-02T18:06:45+00:00\">&#8230;<\/abbr><\/span><\/div>\n<div class=\"entry-thumbnails\" style=\"text-align: justify;\"><\/div>\n<div class=\"entry-thumbnails\" style=\"text-align: justify;\"><em>Communiqu\u00e9 de Christian Favier, pr\u00e9sident <\/em><\/div>\n","protected":false},"excerpt":{"rendered":"<div class=\"mh-excerpt\">D\u00e9cembre est synonyme de f\u00eate, et comme chaque ann\u00e9e dans le cadre des festivit\u00e9s de fin d\u2019ann\u00e9e, la chorale intercommunale \u00ab La Cl\u00e9 des Chants \u00bb produira le Dimanche 20 D\u00e9cembre 2015 \u00e0 l\u2019\u00e9glise de <a class=\"mh-excerpt-more\" href=\"https:\/\/www.o-p-i.fr\/parlonsen\/parlons-en\/culture\/la-cle-des-chants-prepare-noel-a-villemur-sur-tarn-31\/\" title=\"La Cl\u00e9 des Chants pr\u00e9pare No\u00ebl &#8230; \u00e0 Villemur sur Tarn (31)\">[&#8230;]<\/a><\/div>\n","protected":false},"author":2,"featured_media":0,"comment_status":"open","ping_status":"open","sticky":false,"template":"","format":"standard","meta":{"om_disable_all_campaigns":false,"advanced_seo_description":"","jetpack_seo_html_title":"","jetpack_seo_noindex":false,"_jetpack_memberships_contains_paid_content":false,"footnotes":"","_links_to":"","_links_to_target":""},"categories":[42,1,54,775,2371],"tags":[43,131,450,1949,3890],"class_list":{"0":"post-28348","1":"post","2":"type-post","3":"status-publish","4":"format-standard","6":"category-a-cote-de-chez-nous","7":"category-culture","8":"category-loisirs","9":"category-cest-noel","10":"category-n-117-decembre-2015","11":"tag-concert","12":"tag-noel","13":"tag-villemur-sur-tarn","14":"tag-la-cle-des-chants","15":"tag-chorales"},"jetpack_featured_media_url":"","views":{"total":0,"cached_at":"","cached_date":1738532154},"jetpack_likes_enabled":true,"jetpack_sharing_enabled":true,"jetpack_shortlink":"https:\/\/wp.me\/pg7Wxj-7ne","jetpack-related-posts":[],"_links":{"self":[{"href":"https:\/\/www.o-p-i.fr\/parlonsen\/wp-json\/wp\/v2\/posts\/28348","targetHints":{"allow":["GET"]}}],"collection":[{"href":"https:\/\/www.o-p-i.fr\/parlonsen\/wp-json\/wp\/v2\/posts"}],"about":[{"href":"https:\/\/www.o-p-i.fr\/parlonsen\/wp-json\/wp\/v2\/types\/post"}],"author":[{"embeddable":true,"href":"https:\/\/www.o-p-i.fr\/parlonsen\/wp-json\/wp\/v2\/users\/2"}],"replies":[{"embeddable":true,"href":"https:\/\/www.o-p-i.fr\/parlonsen\/wp-json\/wp\/v2\/comments?post=28348"}],"version-history":[{"count":1,"href":"https:\/\/www.o-p-i.fr\/parlonsen\/wp-json\/wp\/v2\/posts\/28348\/revisions"}],"predecessor-version":[{"id":67119,"href":"https:\/\/www.o-p-i.fr\/parlonsen\/wp-json\/wp\/v2\/posts\/28348\/revisions\/67119"}],"wp:attachment":[{"href":"https:\/\/www.o-p-i.fr\/parlonsen\/wp-json\/wp\/v2\/media?parent=28348"}],"wp:term":[{"taxonomy":"category","embeddable":true,"href":"https:\/\/www.o-p-i.fr\/parlonsen\/wp-json\/wp\/v2\/categories?post=28348"},{"taxonomy":"post_tag","embeddable":true,"href":"https:\/\/www.o-p-i.fr\/parlonsen\/wp-json\/wp\/v2\/tags?post=28348"}],"curies":[{"name":"wp","href":"https:\/\/api.w.org\/{rel}","templated":true}]}}