{"id":28353,"date":"2015-12-03T16:05:28","date_gmt":"2015-12-03T15:05:28","guid":{"rendered":"\/parlonsen\/?p=28353"},"modified":"2015-12-03T16:05:28","modified_gmt":"2015-12-03T15:05:28","slug":"cine-monclar-le-programme-du-11-decembre-2015-au-15-janvier-2016","status":"publish","type":"post","link":"https:\/\/www.o-p-i.fr\/parlonsen\/parlons-en\/culture\/cine-monclar-le-programme-du-11-decembre-2015-au-15-janvier-2016\/","title":{"rendered":"Cin\u00e9 Monclar, le programme du  11 D\u00e9cembre 2015 au 15 Janvier 2016."},"content":{"rendered":"<p>A vos agendas ! Voil\u00e0 le programme de Cin\u00e9 Monclar <strong>du 11 D\u00e9cembre 2015 au 15 Janvier 2016<\/strong>.<!--more--><\/p>\n<figure id=\"attachment_28355\" aria-describedby=\"caption-attachment-28355\" style=\"width: 400px\" class=\"wp-caption alignright\"><a href=\"https:\/\/i0.wp.com\/www.o-p-i.fr\/parlonsen\/wp-content\/uploads\/cinemonclarlhiverfeerique.jpg?ssl=1\"><img data-recalc-dims=\"1\" loading=\"lazy\" decoding=\"async\" class=\"size-full wp-image-28355\" src=\"https:\/\/i0.wp.com\/www.o-p-i.fr\/parlonsen\/wp-content\/uploads\/cinemonclarlhiverfeerique.jpg?resize=400%2C600&#038;ssl=1\" alt=\"L'Hiver F\u00e9\u00e9rique\" width=\"400\" height=\"600\" srcset=\"https:\/\/i0.wp.com\/www.o-p-i.fr\/parlonsen\/wp-content\/uploads\/cinemonclarlhiverfeerique.jpg?w=400&amp;ssl=1 400w, https:\/\/i0.wp.com\/www.o-p-i.fr\/parlonsen\/wp-content\/uploads\/cinemonclarlhiverfeerique.jpg?resize=200%2C300&amp;ssl=1 200w, https:\/\/i0.wp.com\/www.o-p-i.fr\/parlonsen\/wp-content\/uploads\/cinemonclarlhiverfeerique.jpg?resize=100%2C150&amp;ssl=1 100w\" sizes=\"auto, (max-width: 400px) 100vw, 400px\" \/><\/a><figcaption id=\"caption-attachment-28355\" class=\"wp-caption-text\">L&rsquo;Hiver F\u00e9\u00e9rique<\/figcaption><\/figure>\n<p>ANGE ET GABRIELLE <a href=\"https:\/\/www.o-p-i.fr\/parlonsen\/wp-content\/uploads\/cinemonclar_decjanv201516.pdf\">En savoir +<\/a><br \/>\nVendredi 11 d\u00e9cembre \u00e0 21h<\/p>\n<p>007 SPECTRE <a href=\"https:\/\/www.o-p-i.fr\/parlonsen\/wp-content\/uploads\/cinemonclar_decjanv201516.pdf\">En savoir +<\/a><br \/>\nSamedi 12 d\u00e9cembre \u00e0 21h (\u00c9lections le 13)<\/p>\n<p>LE FILS DE SAUL <a href=\"https:\/\/www.o-p-i.fr\/parlonsen\/wp-content\/uploads\/cinemonclar_decjanv201516.pdf\">En savoir +<\/a><br \/>\nMardi 15 d\u00e9cembre \u00e0 21h<\/p>\n<p>LES NOUVELLES AVENTURES D\u2019ALADIN <a href=\"https:\/\/www.o-p-i.fr\/parlonsen\/wp-content\/uploads\/cinemonclar_decjanv201516.pdf\">En savoir +<\/a><br \/>\nVendredi 18 d\u00e9cembre \u00e0 21h<\/p>\n<p>AU C\u0152UR DE L\u2019OC\u00c9AN (2D) <a href=\"https:\/\/www.o-p-i.fr\/parlonsen\/wp-content\/uploads\/cinemonclar_decjanv201516.pdf\">En savoir +<\/a><br \/>\nDimanche 20 d\u00e9cembre \u00e0 16h<\/p>\n<p>B\u00c9LIERS <a href=\"https:\/\/www.o-p-i.fr\/parlonsen\/wp-content\/uploads\/cinemonclar_decjanv201516.pdf\">En savoir +<\/a><br \/>\nMardi 22 d\u00e9cembre \u00e0 21h<\/p>\n<p>STAR WARS : LE R\u00c9VEIL DE LA FORCE <a href=\"https:\/\/www.o-p-i.fr\/parlonsen\/wp-content\/uploads\/cinemonclar_decjanv201516.pdf\">En savoir +<\/a><br \/>\nVendredi 25 D\u00e9cembre \u00e0 16h<\/p>\n<p>L\u2019HIVER F\u00c9\u00c9RIQUE <a href=\"https:\/\/www.o-p-i.fr\/parlonsen\/wp-content\/uploads\/cinemonclar_decjanv201516.pdf\">En savoir +<\/a><br \/>\nDimanche 27 d\u00e9cembre \u00e0 16h<br \/>\n<em>(Tarif unique 3\u20ac)<\/em><\/p>\n<p>NOTRE PETITE S\u0152UR <a href=\"https:\/\/www.o-p-i.fr\/parlonsen\/wp-content\/uploads\/cinemonclar_decjanv201516.pdf\">En savoir +<\/a><br \/>\nMardi 29 d\u00e9cembre \u00e0 21h<\/p>\n<p>NOUS TROIS OU RIEN <a href=\"https:\/\/www.o-p-i.fr\/parlonsen\/wp-content\/uploads\/cinemonclar_decjanv201516.pdf\">En savoir +<\/a><br \/>\nVendredi 1 janvier \u00e0 21h<\/p>\n<p>BELLE ET S\u00c9BASTIEN <a href=\"https:\/\/www.o-p-i.fr\/parlonsen\/wp-content\/uploads\/cinemonclar_decjanv201516.pdf\">En savoir +<\/a><br \/>\nDimanche 3 janvier \u00e0 16h<\/p>\n<p>DOPE <a href=\"https:\/\/www.o-p-i.fr\/parlonsen\/wp-content\/uploads\/cinemonclar_decjanv201516.pdf\">En savoir +<\/a><br \/>\nMardi 5 janvier \u00e0 21h<\/p>\n<p><a title=\"Cliquez pour ouvrir la fiche dans l'annuaire\" href=\"https:\/\/www.o-p-i.fr\/aupays\/annuaire\/loisirs\/cine-monclar\/\"><strong>D\u00e9couvrez\u00a0 les bandes annonces sur le site du cin\u00e9ma.<\/strong><\/a><\/p>\n<p><strong>Contact : <\/strong><a href=\"https:\/\/www.o-p-i.fr\/aupays\/annuaire\/loisirs\/cine-monclar\/\" rel=\"bookmark\">Cin\u00e9 Monclar<\/a><\/p>\n<p><em>Communiqu\u00e9 par Les Amis du Cin\u00e9ma<\/em><\/p>\n","protected":false},"excerpt":{"rendered":"<div class=\"mh-excerpt\">A vos agendas ! Voil\u00e0 le programme de Cin\u00e9 Monclar du 11 D\u00e9cembre 2015 au 15 Janvier 2016.<\/div>\n","protected":false},"author":2,"featured_media":0,"comment_status":"open","ping_status":"open","sticky":false,"template":"","format":"standard","meta":{"om_disable_all_campaigns":false,"advanced_seo_description":"","jetpack_seo_html_title":"","jetpack_seo_noindex":false,"_jetpack_memberships_contains_paid_content":false,"footnotes":"","_links_to":"","_links_to_target":""},"categories":[1,16,54,775,6,2371,2402],"tags":[2541,82,92,323,1768,1833,2113],"class_list":{"0":"post-28353","1":"post","2":"type-post","3":"status-publish","4":"format-standard","6":"category-culture","7":"category-monclar","8":"category-loisirs","9":"category-cest-noel","10":"category-pratique","11":"category-n-117-decembre-2015","12":"category-n118-janvier-2016","13":"tag-monclar","14":"tag-aines","15":"tag-cine","16":"tag-enfant","17":"tag-cinemonclar","18":"tag-programme-cinema","19":"tag-court-metrage"},"jetpack_featured_media_url":"","views":{"total":0,"cached_at":"","cached_date":1738384351},"jetpack_likes_enabled":true,"jetpack_sharing_enabled":true,"jetpack_shortlink":"https:\/\/wp.me\/pg7Wxj-7nj","jetpack-related-posts":[],"_links":{"self":[{"href":"https:\/\/www.o-p-i.fr\/parlonsen\/wp-json\/wp\/v2\/posts\/28353","targetHints":{"allow":["GET"]}}],"collection":[{"href":"https:\/\/www.o-p-i.fr\/parlonsen\/wp-json\/wp\/v2\/posts"}],"about":[{"href":"https:\/\/www.o-p-i.fr\/parlonsen\/wp-json\/wp\/v2\/types\/post"}],"author":[{"embeddable":true,"href":"https:\/\/www.o-p-i.fr\/parlonsen\/wp-json\/wp\/v2\/users\/2"}],"replies":[{"embeddable":true,"href":"https:\/\/www.o-p-i.fr\/parlonsen\/wp-json\/wp\/v2\/comments?post=28353"}],"version-history":[{"count":0,"href":"https:\/\/www.o-p-i.fr\/parlonsen\/wp-json\/wp\/v2\/posts\/28353\/revisions"}],"wp:attachment":[{"href":"https:\/\/www.o-p-i.fr\/parlonsen\/wp-json\/wp\/v2\/media?parent=28353"}],"wp:term":[{"taxonomy":"category","embeddable":true,"href":"https:\/\/www.o-p-i.fr\/parlonsen\/wp-json\/wp\/v2\/categories?post=28353"},{"taxonomy":"post_tag","embeddable":true,"href":"https:\/\/www.o-p-i.fr\/parlonsen\/wp-json\/wp\/v2\/tags?post=28353"}],"curies":[{"name":"wp","href":"https:\/\/api.w.org\/{rel}","templated":true}]}}