{"id":28432,"date":"2015-12-14T18:33:50","date_gmt":"2015-12-14T17:33:50","guid":{"rendered":"\/parlonsen\/?p=28432"},"modified":"2015-12-14T18:33:50","modified_gmt":"2015-12-14T17:33:50","slug":"reveillon-de-la-saint-sylvestre-a-le-born-31","status":"publish","type":"post","link":"https:\/\/www.o-p-i.fr\/parlonsen\/localisation\/au-pays-des-tescous\/le-born\/reveillon-de-la-saint-sylvestre-a-le-born-31\/","title":{"rendered":"R\u00e9veillon de la Saint-Sylvestre &#8230; \u00e0 Le Born (31)"},"content":{"rendered":"<p>Le r\u00e9veillon de la Saint Sylvestre organis\u00e9 par l&rsquo;association Le Reflet de \u00celes et Claudie sa pr\u00e9sidente le <strong>Jeudi 31 D\u00e9cembre 2015<\/strong> \u00e0 la Salle des F\u00eates du Born.<!--more--><br \/>\nDes musiques de nos jours aux tango, passo, valses, madison et autres pour \u00e9gayer votre soir\u00e9e avec la participation de Dany-Sono et DJ Dan !<\/p>\n<p>Un tarif comp\u00e9titif et un menu des plus aguichant !<\/p>\n<p>R\u00e9servation avant le 26 d\u00e9cembre 2015.<\/p>\n<p>Nous vous souhaitons nombreux pour venir faire la f\u00eate avec nous jusqu&rsquo;au petit matin !<\/p>\n<p><strong>Tarifs :<\/strong><br \/>\nNormal\u00a0 : 50 \u20ac<br \/>\nR\u00e9duit : 15 \u20ac<\/p>\n<p><strong>Contact :<\/strong>\u00a0Le Reflet de \u00celes<br \/>\nT\u00e9l. : 06 47 47 64 49\u00a0 (Claudie )<\/p>\n<p><em>Communiqu\u00e9 par Daniel Albert, charg\u00e9 officiel de la promotion de\u00a0 cette manifestation.<\/em><\/p>\n","protected":false},"excerpt":{"rendered":"<div class=\"mh-excerpt\">Le r\u00e9veillon de la Saint Sylvestre organis\u00e9 par l&rsquo;association Le Reflet de \u00celes et Claudie sa pr\u00e9sidente le Jeudi 31 D\u00e9cembre 2015 \u00e0 la Salle des F\u00eates du Born.<\/div>\n","protected":false},"author":2,"featured_media":0,"comment_status":"open","ping_status":"open","sticky":false,"template":"","format":"standard","meta":{"om_disable_all_campaigns":false,"advanced_seo_description":"","jetpack_seo_html_title":"","jetpack_seo_noindex":false,"_jetpack_memberships_contains_paid_content":false,"footnotes":"","_links_to":"","_links_to_target":""},"categories":[26,54,2371],"tags":[56,156,157,2549,176,2567],"class_list":{"0":"post-28432","1":"post","2":"type-post","3":"status-publish","4":"format-standard","6":"category-le-born","7":"category-loisirs","8":"category-n-117-decembre-2015","9":"tag-fete","10":"tag-bal","11":"tag-repas","12":"tag-le-born","13":"tag-reveillon","14":"tag-saint-sylvestre"},"jetpack_featured_media_url":"","views":{"total":2,"cached_at":"","cached_date":1738535239},"jetpack_likes_enabled":true,"jetpack_sharing_enabled":true,"jetpack_shortlink":"https:\/\/wp.me\/pg7Wxj-7oA","jetpack-related-posts":[],"_links":{"self":[{"href":"https:\/\/www.o-p-i.fr\/parlonsen\/wp-json\/wp\/v2\/posts\/28432","targetHints":{"allow":["GET"]}}],"collection":[{"href":"https:\/\/www.o-p-i.fr\/parlonsen\/wp-json\/wp\/v2\/posts"}],"about":[{"href":"https:\/\/www.o-p-i.fr\/parlonsen\/wp-json\/wp\/v2\/types\/post"}],"author":[{"embeddable":true,"href":"https:\/\/www.o-p-i.fr\/parlonsen\/wp-json\/wp\/v2\/users\/2"}],"replies":[{"embeddable":true,"href":"https:\/\/www.o-p-i.fr\/parlonsen\/wp-json\/wp\/v2\/comments?post=28432"}],"version-history":[{"count":0,"href":"https:\/\/www.o-p-i.fr\/parlonsen\/wp-json\/wp\/v2\/posts\/28432\/revisions"}],"wp:attachment":[{"href":"https:\/\/www.o-p-i.fr\/parlonsen\/wp-json\/wp\/v2\/media?parent=28432"}],"wp:term":[{"taxonomy":"category","embeddable":true,"href":"https:\/\/www.o-p-i.fr\/parlonsen\/wp-json\/wp\/v2\/categories?post=28432"},{"taxonomy":"post_tag","embeddable":true,"href":"https:\/\/www.o-p-i.fr\/parlonsen\/wp-json\/wp\/v2\/tags?post=28432"}],"curies":[{"name":"wp","href":"https:\/\/api.w.org\/{rel}","templated":true}]}}