{"id":28458,"date":"2016-01-06T17:33:47","date_gmt":"2016-01-06T16:33:47","guid":{"rendered":"\/parlonsen\/?p=28458"},"modified":"2016-01-06T17:33:47","modified_gmt":"2016-01-06T16:33:47","slug":"cine-monclar-le-programme-du-8-janvier-au-2-fevrier-2016","status":"publish","type":"post","link":"https:\/\/www.o-p-i.fr\/parlonsen\/parlons-en\/culture\/cine-monclar-le-programme-du-8-janvier-au-2-fevrier-2016\/","title":{"rendered":"Cin\u00e9 Monclar, le programme du 8 Janvier au 2 F\u00e9vrier 2016."},"content":{"rendered":"<p>A vos agendas ! Voil\u00e0 le programme de Cin\u00e9 Monclar <strong>du 8 Janvier au 2 F\u00e9vrier 2016<\/strong>. <!--more--><\/p>\n<figure id=\"attachment_28460\" aria-describedby=\"caption-attachment-28460\" style=\"width: 400px\" class=\"wp-caption alignright\"><a href=\"https:\/\/i0.wp.com\/www.o-p-i.fr\/parlonsen\/wp-content\/uploads\/cinemonclaroupsjairatelarche.jpg?ssl=1\"><img data-recalc-dims=\"1\" loading=\"lazy\" decoding=\"async\" class=\"wp-image-28460\" src=\"https:\/\/i0.wp.com\/www.o-p-i.fr\/parlonsen\/wp-content\/uploads\/cinemonclaroupsjairatelarche.jpg?resize=400%2C568&#038;ssl=1\" alt=\"Oups ! J'ai rat\u00e9 l'arche ...\" width=\"400\" height=\"568\" srcset=\"https:\/\/i0.wp.com\/www.o-p-i.fr\/parlonsen\/wp-content\/uploads\/cinemonclaroupsjairatelarche.jpg?w=704&amp;ssl=1 704w, https:\/\/i0.wp.com\/www.o-p-i.fr\/parlonsen\/wp-content\/uploads\/cinemonclaroupsjairatelarche.jpg?resize=211%2C300&amp;ssl=1 211w, https:\/\/i0.wp.com\/www.o-p-i.fr\/parlonsen\/wp-content\/uploads\/cinemonclaroupsjairatelarche.jpg?resize=106%2C150&amp;ssl=1 106w, https:\/\/i0.wp.com\/www.o-p-i.fr\/parlonsen\/wp-content\/uploads\/cinemonclaroupsjairatelarche.jpg?resize=400%2C568&amp;ssl=1 400w\" sizes=\"auto, (max-width: 400px) 100vw, 400px\" \/><\/a><figcaption id=\"caption-attachment-28460\" class=\"wp-caption-text\">Oups ! J&rsquo;ai rat\u00e9 l&rsquo;arche &#8230;<\/figcaption><\/figure>\n<p>LE PONT DES ESPIONS <a href=\"https:\/\/www.o-p-i.fr\/parlonsen\/wp-content\/uploads\/cinemonclarjanvfev2016.pdf\">En savoir +<\/a><br \/>\nVendredi 8 janvier \u00e0 21h<\/p>\n<p>LE PROPH\u00c8TE <a href=\"https:\/\/www.o-p-i.fr\/parlonsen\/wp-content\/uploads\/cinemonclarjanvfev2016.pdf\">En savoir +<\/a><br \/>\nDimanche 10 janvier \u00e0 16h<\/p>\n<p>LE GO\u00dbT DES MERVEILLES <a href=\"https:\/\/www.o-p-i.fr\/parlonsen\/wp-content\/uploads\/cinemonclarjanvfev2016.pdf\">En savoir +<\/a><br \/>\nMardi 12 janvier \u00e0 21h<\/p>\n<p>UN + UNE <a href=\"https:\/\/www.o-p-i.fr\/parlonsen\/wp-content\/uploads\/cinemonclarjanvfev2016.pdf\">En savoir +<\/a><br \/>\nSamedi 16 janvier \u00e0 21h<\/p>\n<p>OUPS J\u2019AI RAT\u00c9 L\u2019ARCHE <a href=\"https:\/\/www.o-p-i.fr\/parlonsen\/wp-content\/uploads\/cinemonclarjanvfev2016.pdf\">En savoir +<\/a><br \/>\nDimanche 17 janvier \u00e0 16h<\/p>\n<p>CAFARD <a href=\"https:\/\/www.o-p-i.fr\/parlonsen\/wp-content\/uploads\/cinemonclarjanvfev2016.pdf\">En savoir +<\/a><br \/>\nMardi 19 janvier \u00e0 21h<\/p>\n<p>LE GRAND PARTAGE <a href=\"https:\/\/www.o-p-i.fr\/parlonsen\/wp-content\/uploads\/cinemonclarjanvfev2016.pdf\">En savoir +<\/a><br \/>\nVendredi 22 janvier \u00e0 21h<\/p>\n<p>SNOOPY ET LES PEANUTS (3D) <a href=\"https:\/\/www.o-p-i.fr\/parlonsen\/wp-content\/uploads\/cinemonclarjanvfev2016.pdf\">En savoir +<\/a><br \/>\nDimanche 24 janvier \u00e0 16h<\/p>\n<p>DEMAIN <a href=\"https:\/\/www.o-p-i.fr\/parlonsen\/wp-content\/uploads\/cinemonclarjanvfev2016.pdf\">En savoir +<\/a><br \/>\nMardi 26 janvier \u00e0 21h<\/p>\n<p>THE BIG SHORT : LE CASSE DU SI\u00c8CLE <a href=\"https:\/\/www.o-p-i.fr\/parlonsen\/wp-content\/uploads\/cinemonclarjanvfev2016.pdf\">En savoir +<\/a><br \/>\nVendredi 29 janvier \u00e0 21h<\/p>\n<p>COMMENT C\u2019EST LOIN <a href=\"https:\/\/www.o-p-i.fr\/parlonsen\/wp-content\/uploads\/cinemonclarjanvfev2016.pdf\">En savoir +<\/a><br \/>\nDimanche 31 janvier \u00e0 16h<\/p>\n<p>\u00c0 PEINE J\u2019OUVRE LES YEUX <a href=\"https:\/\/www.o-p-i.fr\/parlonsen\/wp-content\/uploads\/cinemonclarjanvfev2016.pdf\">En savoir +<\/a><br \/>\nMardi 2 f\u00e9vrier \u00e0 21h<\/p>\n<p><a title=\"Cliquez pour ouvrir la fiche dans l'annuaire\" href=\"https:\/\/www.o-p-i.fr\/aupays\/annuaire\/loisirs\/cine-monclar\/\"><strong>D\u00e9couvrez\u00a0 les bandes annonces sur le site du cin\u00e9ma.<\/strong><\/a><\/p>\n<p><strong>Contact : <\/strong><a href=\"https:\/\/www.o-p-i.fr\/aupays\/annuaire\/loisirs\/cine-monclar\/\" rel=\"bookmark\">Cin\u00e9 Monclar<\/a><\/p>\n<p><em>Communiqu\u00e9 par Les Amis du Cin\u00e9ma<\/em><\/p>\n","protected":false},"excerpt":{"rendered":"<div class=\"mh-excerpt\">A vos agendas ! Voil\u00e0 le programme de Cin\u00e9 Monclar du 8 Janvier au 2 F\u00e9vrier 2016.<\/div>\n","protected":false},"author":2,"featured_media":0,"comment_status":"open","ping_status":"open","sticky":false,"template":"","format":"standard","meta":{"om_disable_all_campaigns":false,"advanced_seo_description":"","jetpack_seo_html_title":"","jetpack_seo_noindex":false,"_jetpack_memberships_contains_paid_content":false,"footnotes":"","_links_to":"","_links_to_target":""},"categories":[1,16,54,6,2402],"tags":[2541,82,92,323,1264,1767,1768,1833],"class_list":{"0":"post-28458","1":"post","2":"type-post","3":"status-publish","4":"format-standard","6":"category-culture","7":"category-monclar","8":"category-loisirs","9":"category-pratique","10":"category-n118-janvier-2016","11":"tag-monclar","12":"tag-aines","13":"tag-cine","14":"tag-enfant","15":"tag-programme","16":"tag-cinema-numerique","17":"tag-cinemonclar","18":"tag-programme-cinema"},"jetpack_featured_media_url":"","views":{"total":0,"cached_at":"","cached_date":1738535078},"jetpack_likes_enabled":true,"jetpack_sharing_enabled":true,"jetpack_shortlink":"https:\/\/wp.me\/pg7Wxj-7p0","jetpack-related-posts":[],"_links":{"self":[{"href":"https:\/\/www.o-p-i.fr\/parlonsen\/wp-json\/wp\/v2\/posts\/28458","targetHints":{"allow":["GET"]}}],"collection":[{"href":"https:\/\/www.o-p-i.fr\/parlonsen\/wp-json\/wp\/v2\/posts"}],"about":[{"href":"https:\/\/www.o-p-i.fr\/parlonsen\/wp-json\/wp\/v2\/types\/post"}],"author":[{"embeddable":true,"href":"https:\/\/www.o-p-i.fr\/parlonsen\/wp-json\/wp\/v2\/users\/2"}],"replies":[{"embeddable":true,"href":"https:\/\/www.o-p-i.fr\/parlonsen\/wp-json\/wp\/v2\/comments?post=28458"}],"version-history":[{"count":0,"href":"https:\/\/www.o-p-i.fr\/parlonsen\/wp-json\/wp\/v2\/posts\/28458\/revisions"}],"wp:attachment":[{"href":"https:\/\/www.o-p-i.fr\/parlonsen\/wp-json\/wp\/v2\/media?parent=28458"}],"wp:term":[{"taxonomy":"category","embeddable":true,"href":"https:\/\/www.o-p-i.fr\/parlonsen\/wp-json\/wp\/v2\/categories?post=28458"},{"taxonomy":"post_tag","embeddable":true,"href":"https:\/\/www.o-p-i.fr\/parlonsen\/wp-json\/wp\/v2\/tags?post=28458"}],"curies":[{"name":"wp","href":"https:\/\/api.w.org\/{rel}","templated":true}]}}