{"id":28473,"date":"2016-01-07T15:21:03","date_gmt":"2016-01-07T14:21:03","guid":{"rendered":"\/parlonsen\/?p=28473"},"modified":"2016-01-13T17:11:14","modified_gmt":"2016-01-13T16:11:14","slug":"vers-la-sobriete-heureuse-rencontre-avec-pierre-rabhi-a-moissac-82","status":"publish","type":"post","link":"https:\/\/www.o-p-i.fr\/parlonsen\/parlons-en\/culture\/vers-la-sobriete-heureuse-rencontre-avec-pierre-rabhi-a-moissac-82\/","title":{"rendered":"\u00ab\u00a0Vers la sobri\u00e9t\u00e9 heureuse\u00a0\u00bb, rencontre avec Pierre Rabhi &#8230;  \u00e0 Moissac (82)"},"content":{"rendered":"<p style=\"text-align: justify;\">Pierre RABHI sera \u00e0<strong> Moissac le 21 janvier 2016<\/strong>, de 18h30 \u00e0 20h30, \u00e0 l&rsquo;espace \u00ab\u00a0Confluence\u00a0\u00bb,\u00a0dans le cadre d\u2019une conf\u00e9rence-d\u00e9bat\u00a0 intitul\u00e9e\u00a0 \u00abVers\u00a0la\u00a0sobri\u00e9t\u00e9 heureuse\u00bb organis\u00e9e par l&rsquo;association \u00ab\u00a0Pens\u00e9e f\u00e9minine 82\u00a0\u00bb sous l&rsquo;\u00e9gide de la G.L.F.F.<br \/>\n<!--more--><\/p>\n<figure id=\"attachment_28543\" aria-describedby=\"caption-attachment-28543\" style=\"width: 340px\" class=\"wp-caption alignright\"><a href=\"https:\/\/i0.wp.com\/www.o-p-i.fr\/parlonsen\/wp-content\/uploads\/Pierre-RABHI1.jpg?ssl=1\"><img data-recalc-dims=\"1\" loading=\"lazy\" decoding=\"async\" class=\"size-full wp-image-28543\" src=\"https:\/\/i0.wp.com\/www.o-p-i.fr\/parlonsen\/wp-content\/uploads\/Pierre-RABHI1.jpg?resize=340%2C481&#038;ssl=1\" alt=\"Pierre RABHI, Vers la sobri\u00e9t\u00e9 heureuse\" width=\"340\" height=\"481\" srcset=\"https:\/\/i0.wp.com\/www.o-p-i.fr\/parlonsen\/wp-content\/uploads\/Pierre-RABHI1.jpg?w=340&amp;ssl=1 340w, https:\/\/i0.wp.com\/www.o-p-i.fr\/parlonsen\/wp-content\/uploads\/Pierre-RABHI1.jpg?resize=212%2C300&amp;ssl=1 212w, https:\/\/i0.wp.com\/www.o-p-i.fr\/parlonsen\/wp-content\/uploads\/Pierre-RABHI1.jpg?resize=106%2C150&amp;ssl=1 106w\" sizes=\"auto, (max-width: 340px) 100vw, 340px\" \/><\/a><figcaption id=\"caption-attachment-28543\" class=\"wp-caption-text\">Vers la sobri\u00e9t\u00e9 heureuse<\/figcaption><\/figure>\n<p style=\"text-align: justify;\">Pierre\u00a0RABHI,\u00a0Initiateur du\u00a0 <strong><a href=\"http:\/\/www.colibris-lemouvement.org\/\" target=\"_blank\">Mouvement Colibris<\/a><\/strong>, reconnu expert international pour la lutte contre la d\u00e9sertification, il\u00a0est l\u2019un des pionniers de l\u2019agriculture \u00e9cologique en France.<\/p>\n<p style=\"text-align: justify;\">Depuis 1981, il transmet son savoir-faire en Afrique en cherchant \u00e0 redonner leur autonomie alimentaire aux plus d\u00e9munis et \u00e0 sauvegarder leur patrimoine nourricier.<\/p>\n<p style=\"text-align: justify;\">Auteur, philosophe et conf\u00e9rencier, il appelle \u00e0 \u00ab\u00a0l&rsquo;insurrection des consciences\u00a0\u00bb pour f\u00e9d\u00e9rer ce que l&rsquo;humanit\u00e9 a de meilleur et cesser de faire de notre plan\u00e8te-paradis un enfer de souffrances et de destructions. Devant l&rsquo;\u00e9chec de la condition g\u00e9n\u00e9rale de l&rsquo;humanit\u00e9 et les dommages consid\u00e9rables inflig\u00e9s \u00e0 la Nature, il nous invite \u00e0 sortir du mythe de la croissance ind\u00e9finie, \u00e0 r\u00e9aliser l&rsquo;importance vitale de notre terre nourrici\u00e8re et \u00e0 inaugurer une nouvelle \u00e9thique de vie vers une \u00ab\u00a0sobri\u00e9t\u00e9 heureuse\u00a0\u00bb.<\/p>\n<p style=\"text-align: justify;\">A l&rsquo;\u00a0occasion de cette soir\u00e9e, <strong><a href=\"http:\/\/www.alterrenat-presse.com\/\" target=\"_blank\">Alterrenat Presse<\/a><\/strong> pr\u00e9sentera le Magazine KAIZEN, ainsi que les ouvrages de Pierre RABHI.<\/p>\n<p style=\"text-align: justify;\"><strong>Tarifs :<\/strong><br \/>\nEntr\u00e9e : 3\u20ac<\/p>\n<p style=\"text-align: justify;\"><em>Communiqu\u00e9 par Claire\u00a0PICHON<br \/>\n<\/em><br \/>\n<a href=\"https:\/\/www.o-p-i.fr\/parlonsen\/agenda\/\"><strong>Retrouvez tous les \u00e9v\u00e9nements dans l&rsquo;agenda !<\/strong><\/a><\/p>\n","protected":false},"excerpt":{"rendered":"<div class=\"mh-excerpt\">Pierre RABHI sera \u00e0 Moissac le 21 janvier 2016, de 18h30 \u00e0 20h30, \u00e0 l&rsquo;espace \u00ab\u00a0Confluence\u00a0\u00bb,\u00a0dans le cadre d\u2019une conf\u00e9rence-d\u00e9bat\u00a0 intitul\u00e9e\u00a0 \u00abVers\u00a0la\u00a0sobri\u00e9t\u00e9 heureuse\u00bb organis\u00e9e par l&rsquo;association \u00ab\u00a0Pens\u00e9e f\u00e9minine 82\u00a0\u00bb sous l&rsquo;\u00e9gide de la G.L.F.F.<\/div>\n","protected":false},"author":4,"featured_media":0,"comment_status":"open","ping_status":"open","sticky":false,"template":"","format":"standard","meta":{"om_disable_all_campaigns":false,"advanced_seo_description":"","jetpack_seo_html_title":"","jetpack_seo_noindex":false,"_jetpack_memberships_contains_paid_content":false,"footnotes":"","_links_to":"","_links_to_target":""},"categories":[3,52,42,1,1276,55,6,2402],"tags":[189,234,1518,1680,2467,2468,2469,105],"class_list":{"0":"post-28473","1":"post","2":"type-post","3":"status-publish","4":"format-standard","6":"category-agriculture","7":"category-parlons-en","8":"category-a-cote-de-chez-nous","9":"category-culture","10":"category-economie-parlons-en","11":"category-environnement","12":"category-pratique","13":"category-n118-janvier-2016","14":"tag-debat","15":"tag-conference","16":"tag-moissac","17":"tag-pierre-rabhi","18":"tag-sobriete-heureuse","19":"tag-mouvement-colibris","20":"tag-terre-nourriciere","21":"tag-nature"},"jetpack_featured_media_url":"","views":{"total":0,"cached_at":"","cached_date":1738535119},"jetpack_likes_enabled":true,"jetpack_sharing_enabled":true,"jetpack_shortlink":"https:\/\/wp.me\/pg7Wxj-7pf","jetpack-related-posts":[],"_links":{"self":[{"href":"https:\/\/www.o-p-i.fr\/parlonsen\/wp-json\/wp\/v2\/posts\/28473","targetHints":{"allow":["GET"]}}],"collection":[{"href":"https:\/\/www.o-p-i.fr\/parlonsen\/wp-json\/wp\/v2\/posts"}],"about":[{"href":"https:\/\/www.o-p-i.fr\/parlonsen\/wp-json\/wp\/v2\/types\/post"}],"author":[{"embeddable":true,"href":"https:\/\/www.o-p-i.fr\/parlonsen\/wp-json\/wp\/v2\/users\/4"}],"replies":[{"embeddable":true,"href":"https:\/\/www.o-p-i.fr\/parlonsen\/wp-json\/wp\/v2\/comments?post=28473"}],"version-history":[{"count":0,"href":"https:\/\/www.o-p-i.fr\/parlonsen\/wp-json\/wp\/v2\/posts\/28473\/revisions"}],"wp:attachment":[{"href":"https:\/\/www.o-p-i.fr\/parlonsen\/wp-json\/wp\/v2\/media?parent=28473"}],"wp:term":[{"taxonomy":"category","embeddable":true,"href":"https:\/\/www.o-p-i.fr\/parlonsen\/wp-json\/wp\/v2\/categories?post=28473"},{"taxonomy":"post_tag","embeddable":true,"href":"https:\/\/www.o-p-i.fr\/parlonsen\/wp-json\/wp\/v2\/tags?post=28473"}],"curies":[{"name":"wp","href":"https:\/\/api.w.org\/{rel}","templated":true}]}}