{"id":28490,"date":"2016-01-07T17:11:35","date_gmt":"2016-01-07T16:11:35","guid":{"rendered":"\/parlonsen\/?p=28490"},"modified":"2016-01-07T17:11:35","modified_gmt":"2016-01-07T16:11:35","slug":"la-belle-montee-janv-fev-2016-loisirs-et-sports-en-quercy-vert","status":"publish","type":"post","link":"https:\/\/www.o-p-i.fr\/parlonsen\/localisation\/au-pays-des-tescous\/castelnau\/la-belle-montee-janv-fev-2016-loisirs-et-sports-en-quercy-vert\/","title":{"rendered":"La Belle Mont\u00e9e #Janv.F\u00e9v 2016 \u2026 Loisirs et sports en Quercy Vert"},"content":{"rendered":"<p>Vous trouverez ci-dessous le programme de l\u2019association<strong> du 10 Janvier au 27 F\u00e9vrier 2016<\/strong>. <!--more--><\/p>\n<ul>\n<li><span style=\"text-decoration: underline;\"><strong>POUR LES MARCHEURS<\/strong><\/span><strong> :<\/strong> Les randonn\u00e9es sont maintenues alternativement le samedi et le dimanche apr\u00e8s-midi. Rendez-vous \u00e0 14h00 \u00e0 la salle des associations (derriere l\u2019eglise) DE LA SALVETAT selon le programme suivant\u00a0:<\/li>\n<\/ul>\n<p>Dimanche 10 janvier : La Salvetat Belmontet : St Caprais \u2013 circuit du Tescounet : 9 km \u2013 2h30 \u2013 d\u00e9nivel\u00e9 75 m. Apr\u00e8s la randonn\u00e9e, nous partagerons la coque des rois \u00e0 la salle des associations.<br \/>\nSamedi 16 janvier : Corbarieu : PR3 \u2013 Le chemin du loup : 7 km \u2013 1h20 \u2013 d\u00e9nivel\u00e9 19 m.<br \/>\nDimanche 24 janvier : Va\u00efssac : PR4 \u2013 Circuit du Gouyre : 12.9 km \u2013 3h00 \u2013 d\u00e9nivel\u00e9 85 m.<br \/>\nSamedi 30 janvier : Mirepoix\/Tarn : Du Tarn au Moulin : 8km \u2013 2h30- difficult\u00e9 moyenne, une mont\u00e9e.<br \/>\nDimanche 7 f\u00e9vrier : Grisolles : De bois en canal : 11 km \u2013 3h00 \u2013 d\u00e9nivel\u00e9 103m.<br \/>\nSamedi 13 f\u00e9vrier : Bioule : PR2 &#8211; Circuit de la Bouffi\u00e8re \u2013 9.7 km \u2013 3h00 \u2013 d\u00e9nivel\u00e9 116m.<br \/>\nDimanche 20 f\u00e9vrier : La Madeleine : Les canaux de Lamadeleine : 10 km \u2013 3h45.<br \/>\nSamedi 27 f\u00e9vrier : Castelnau de Montmirail : Sentier de la Baronne : 12 km \u2013 3h00 &#8211; d\u00e9nivel\u00e9 175 m.<\/p>\n<p>Pour ceux qui d\u00e9sirent randonner en semaine un rendez-vous est fix\u00e9 les jeudis \u00e0 14h salle des associations derri\u00e8re l\u2019\u00e9glise de La Salvetat. Le circuit de la randonn\u00e9e sera d\u00e9termin\u00e9 entre les participants sur place.<br \/>\nPrintemps 2016 : Sortie de 2 jours (jeudi &amp; vendredi) en Aveyron<br \/>\nDu 18 au 22 avril 2016 : Voyage rando en Espagne \u00e0 l\u2019Estartir sur la Costa Brava.<br \/>\nContacts : Andr\u00e9 BROUSSE 06-10-05-49-04 \/ Monique MURATET 06-83-89-37-81<\/p>\n<ul>\n<li><span style=\"text-decoration: underline;\"><strong>POUR LES CYCLISTES SUR ROUTE :<\/strong><\/span> Le dimanche matin rendez-vous \u00e0 9h00 salle des associations de La Salvetat. Les parcours seront \u00e9tablis en fonction des participants et de la m\u00e9t\u00e9o (g\u00e9n\u00e9ralement de 60 \u00e0 90 km). En cas de participation \u00e0 des sorties organis\u00e9es par d\u2019autres clubs le lieu de rendez-vous et d\u00e9part pourra changer. En cas de mauvais temps, le jour ou l\u2019heure de d\u00e9part pourront \u00e9galement changer.<\/li>\n<\/ul>\n<ul>\n<li><span style=\"text-decoration: underline;\"><strong>POUR TOUS :<\/strong><\/span><br \/>\n&#8211; COQUE DES ROIS Apr\u00e8s le randonn\u00e9e du Dimanche 10 Janvier 2016, Salle des Associations<br \/>\n&#8211; LES BELLES MONTEES 2016 : SAMEDI 7 MAI 2016<\/li>\n<\/ul>\n<blockquote><p>En cas de probl\u00e8me d\u2019encadrement, de m\u00e9t\u00e9o, ou tout autre impr\u00e9vu, les organisateurs pourront \u00eatre amen\u00e9s \u00e0 changer le parcours initialement pr\u00e9vu, c\u2019est pourquoi nous vous conseillons de toujours venir au point de rendez-vous \u00e0 la Mairie de la Salvetat.<\/p>\n<p>Vous pouvez \u00e9galement trouver des informations sur le panneau d\u2019affichage situ\u00e9 \u00e0 c\u00f4t\u00e9 de la porte d\u2019entr\u00e9e de la salle \u00e0 la Mairie de la Salvetat, ou sur le site internet de l\u2019association \u00e0 l\u2019adresse <a title=\"Ouvre le site dans une nouvelle fen\u00eatre\" href=\"http:\/\/la-belle-montee.clubeo.com\" target=\"_blank\">http:\/\/la-belle-montee.clubeo.com<\/a>.<\/p><\/blockquote>\n<p><strong>Contacts : <\/strong><a href=\"https:\/\/www.o-p-i.fr\/aupays\/annuaire\/loisirs\/la-belle-montee-loisirs-et-sports-en-quercy-vert\/\" rel=\"bookmark\">La Belle Mont\u00e9e. Loisirs et sports en Quercy Vert<\/a><\/p>\n<div class=\"entry-thumbnails\"><a href=\"https:\/\/www.o-p-i.fr\/aupays\/annuaire\/loisirs\/la-belle-montee-loisirs-et-sports-en-quercy-vert\/\"><img decoding=\"async\" title=\"La Belle Mont\u00e9e. Loisirs et sports en Quercy Vert\" src=\"https:\/\/www.o-p-i.fr\/aupays\/wp-content\/themes\/arras-theme\/library\/timthumb.php?src=https:\/\/www.o-p-i.fr\/aupays\/wp-content\/uploads\/logo_bellemontee.jpg&amp;w=190&amp;h=100&amp;zc=1\" alt=\"La Belle Mont\u00e9e. Loisirs et sports en Quercy Vert\" \/><\/a><span class=\"entry-meta\"><abbr class=\"published\" title=\"2015-03-26T17:00:16+00:00\">\u2026<\/abbr><\/span><\/div>\n<p><strong>V\u00e9lo : <\/strong><br \/>\nEric VIES<br \/>\nT\u00e9l. : 06 08 88 63 37<br \/>\nChristophe ESCALETTE<br \/>\nT\u00e9l. : 06 84 09 42 99<br \/>\nJean-Marc SANGLA<br \/>\nT\u00e9l. : 05 63 30 34 16<\/p>\n<p><strong>Marche : <\/strong><br \/>\nGenevi\u00e8ve DOUREL<br \/>\nT\u00e9l. : 06 28 35 48 78<br \/>\nSandra PUERMA<br \/>\nT\u00e9l.:\u00a0 06 89 96 44 49<\/p>\n<p><em>Communiqu\u00e9 par Jean-Marc Sangla<\/em><\/p>\n","protected":false},"excerpt":{"rendered":"<div class=\"mh-excerpt\">Vous trouverez ci-dessous le programme de l\u2019association du 10 Janvier au 27 F\u00e9vrier 2016.<\/div>\n","protected":false},"author":2,"featured_media":0,"comment_status":"open","ping_status":"open","sticky":false,"template":"","format":"standard","meta":{"om_disable_all_campaigns":false,"advanced_seo_description":"","jetpack_seo_html_title":"","jetpack_seo_noindex":false,"_jetpack_memberships_contains_paid_content":false,"footnotes":"","_links_to":"","_links_to_target":""},"categories":[828,22,42,34,54,53,2402,2403],"tags":[166,181,192,1264,1714],"class_list":{"0":"post-28490","1":"post","2":"type-post","3":"status-publish","4":"format-standard","6":"category-au-pays-des-tescous","7":"category-castelnau","8":"category-a-cote-de-chez-nous","9":"category-salvetat","10":"category-loisirs","11":"category-sports","12":"category-n118-janvier-2016","13":"category-n-119-fevrier-2016","14":"tag-randonnee","15":"tag-la-salvetat-belmontet","16":"tag-velo","17":"tag-programme","18":"tag-cyclistes-sur-route"},"jetpack_featured_media_url":"","views":{"total":0,"cached_at":"","cached_date":1738535131},"jetpack_likes_enabled":true,"jetpack_sharing_enabled":true,"jetpack_shortlink":"https:\/\/wp.me\/pg7Wxj-7pw","jetpack-related-posts":[],"_links":{"self":[{"href":"https:\/\/www.o-p-i.fr\/parlonsen\/wp-json\/wp\/v2\/posts\/28490","targetHints":{"allow":["GET"]}}],"collection":[{"href":"https:\/\/www.o-p-i.fr\/parlonsen\/wp-json\/wp\/v2\/posts"}],"about":[{"href":"https:\/\/www.o-p-i.fr\/parlonsen\/wp-json\/wp\/v2\/types\/post"}],"author":[{"embeddable":true,"href":"https:\/\/www.o-p-i.fr\/parlonsen\/wp-json\/wp\/v2\/users\/2"}],"replies":[{"embeddable":true,"href":"https:\/\/www.o-p-i.fr\/parlonsen\/wp-json\/wp\/v2\/comments?post=28490"}],"version-history":[{"count":0,"href":"https:\/\/www.o-p-i.fr\/parlonsen\/wp-json\/wp\/v2\/posts\/28490\/revisions"}],"wp:attachment":[{"href":"https:\/\/www.o-p-i.fr\/parlonsen\/wp-json\/wp\/v2\/media?parent=28490"}],"wp:term":[{"taxonomy":"category","embeddable":true,"href":"https:\/\/www.o-p-i.fr\/parlonsen\/wp-json\/wp\/v2\/categories?post=28490"},{"taxonomy":"post_tag","embeddable":true,"href":"https:\/\/www.o-p-i.fr\/parlonsen\/wp-json\/wp\/v2\/tags?post=28490"}],"curies":[{"name":"wp","href":"https:\/\/api.w.org\/{rel}","templated":true}]}}