{"id":28562,"date":"2016-01-13T22:53:46","date_gmt":"2016-01-13T21:53:46","guid":{"rendered":"\/parlonsen\/?p=28562"},"modified":"2016-01-13T22:54:00","modified_gmt":"2016-01-13T21:54:00","slug":"on-a-fete-les-rois-a-la-residence-des-3-lacs-a-monclar-de-quercy-82","status":"publish","type":"post","link":"https:\/\/www.o-p-i.fr\/parlonsen\/localisation\/au-pays-des-tescous\/monclar\/on-a-fete-les-rois-a-la-residence-des-3-lacs-a-monclar-de-quercy-82\/","title":{"rendered":"On a f\u00eat\u00e9 les rois \u00e0 la r\u00e9sidence des 3 Lacs &#8230; \u00e0 Monclar de Quercy (82)"},"content":{"rendered":"<p>A la r\u00e9sidence des 3 Lacs, nos A\u00een\u00e9s viennent de f\u00eater les rois et les reines. <!--more--><\/p>\n<p>&nbsp;<\/p>\n<figure id=\"attachment_28563\" aria-describedby=\"caption-attachment-28563\" style=\"width: 300px\" class=\"wp-caption alignright\"><a href=\"https:\/\/i0.wp.com\/www.o-p-i.fr\/parlonsen\/wp-content\/uploads\/maisonderetraite-monclar.jpg?ssl=1\"><img data-recalc-dims=\"1\" loading=\"lazy\" decoding=\"async\" class=\"size-medium wp-image-28563\" src=\"https:\/\/i0.wp.com\/www.o-p-i.fr\/parlonsen\/wp-content\/uploads\/maisonderetraite-monclar.jpg?resize=300%2C225&#038;ssl=1\" alt=\"On a f\u00eat\u00e9 les rois \u00e0 la r\u00e9sidence des 3 Lacs. Monclar de Quercy (82)\" width=\"300\" height=\"225\" srcset=\"https:\/\/i0.wp.com\/www.o-p-i.fr\/parlonsen\/wp-content\/uploads\/maisonderetraite-monclar.jpg?resize=300%2C225&amp;ssl=1 300w, https:\/\/i0.wp.com\/www.o-p-i.fr\/parlonsen\/wp-content\/uploads\/maisonderetraite-monclar.jpg?resize=150%2C113&amp;ssl=1 150w, https:\/\/i0.wp.com\/www.o-p-i.fr\/parlonsen\/wp-content\/uploads\/maisonderetraite-monclar.jpg?resize=400%2C300&amp;ssl=1 400w, https:\/\/i0.wp.com\/www.o-p-i.fr\/parlonsen\/wp-content\/uploads\/maisonderetraite-monclar.jpg?w=640&amp;ssl=1 640w\" sizes=\"auto, (max-width: 300px) 100vw, 300px\" \/><\/a><figcaption id=\"caption-attachment-28563\" class=\"wp-caption-text\">On a f\u00eat\u00e9 les rois \u00e0 la r\u00e9sidence des 3 Lacs. Monclar de Quercy (82)<\/figcaption><\/figure>\n<p>Un moment de convivialit\u00e9 et de pur bonheur pour les r\u00e9sidents qui appr\u00e9cient toutes les animations, tous les efforts qui sont faits par tout le personnel pour que chacun se sente bien.<\/p>\n<p>\u00ab\u00a0Bona annada a totas e a totis\u00a0\u00bb . Bonne ann\u00e9e \u00e0 toutes et \u00e0 tous&#8230;.. et surtout bonne sant\u00e9\u00a0!<\/p>\n<p><strong>Contact :<\/strong> <a href=\"https:\/\/www.o-p-i.fr\/aupays\/vie-des-communes\/vie-a-monclar-de-quercy\/maison-de-retraite-a-monclar-de-quercy\/\" rel=\"bookmark\">Maison de retraite \u2026 \u00e0 Monclar de Quercy<\/a><\/p>\n<div class=\"entry-thumbnails\"><a href=\"https:\/\/www.o-p-i.fr\/aupays\/vie-des-communes\/vie-a-monclar-de-quercy\/maison-de-retraite-a-monclar-de-quercy\/\"><img decoding=\"async\" title=\"Maison de retraite \u2026 \u00e0 Monclar de Quercy\" src=\"https:\/\/www.o-p-i.fr\/aupays\/wp-content\/themes\/arras-theme\/library\/timthumb.php?src=https:\/\/www.o-p-i.fr\/aupays\/wp-content\/uploads\/logo_residence3lacs.jpg&amp;w=190&amp;h=100&amp;zc=1\" alt=\"Maison de retraite \u2026 \u00e0 Monclar de Quercy\" \/><\/a><span class=\"entry-meta\"><abbr class=\"published\" title=\"2013-01-09T10:57:51+00:00\">&#8230;<\/abbr><\/span><\/div>\n<p><em>Communiqu\u00e9 par Robert Linas<\/em><\/p>\n","protected":false},"excerpt":{"rendered":"<div class=\"mh-excerpt\">A la r\u00e9sidence des 3 Lacs, nos A\u00een\u00e9s viennent de f\u00eater les rois et les reines.<\/div>\n","protected":false},"author":2,"featured_media":0,"comment_status":"open","ping_status":"open","sticky":false,"template":"","format":"standard","meta":{"om_disable_all_campaigns":false,"advanced_seo_description":"","jetpack_seo_html_title":"","jetpack_seo_noindex":false,"_jetpack_memberships_contains_paid_content":false,"footnotes":"","_links_to":"","_links_to_target":""},"categories":[290,16,58,2402],"tags":[2541,819,1985],"class_list":{"0":"post-28562","1":"post","2":"type-post","3":"status-publish","4":"format-standard","6":"category-entraide","7":"category-monclar","8":"category-sante","9":"category-n118-janvier-2016","10":"tag-monclar","11":"tag-roi","12":"tag-maison-de-retraite"},"jetpack_featured_media_url":"","views":{"total":0,"cached_at":"","cached_date":1738535216},"jetpack_likes_enabled":true,"jetpack_sharing_enabled":true,"jetpack_shortlink":"https:\/\/wp.me\/pg7Wxj-7qG","jetpack-related-posts":[],"_links":{"self":[{"href":"https:\/\/www.o-p-i.fr\/parlonsen\/wp-json\/wp\/v2\/posts\/28562","targetHints":{"allow":["GET"]}}],"collection":[{"href":"https:\/\/www.o-p-i.fr\/parlonsen\/wp-json\/wp\/v2\/posts"}],"about":[{"href":"https:\/\/www.o-p-i.fr\/parlonsen\/wp-json\/wp\/v2\/types\/post"}],"author":[{"embeddable":true,"href":"https:\/\/www.o-p-i.fr\/parlonsen\/wp-json\/wp\/v2\/users\/2"}],"replies":[{"embeddable":true,"href":"https:\/\/www.o-p-i.fr\/parlonsen\/wp-json\/wp\/v2\/comments?post=28562"}],"version-history":[{"count":0,"href":"https:\/\/www.o-p-i.fr\/parlonsen\/wp-json\/wp\/v2\/posts\/28562\/revisions"}],"wp:attachment":[{"href":"https:\/\/www.o-p-i.fr\/parlonsen\/wp-json\/wp\/v2\/media?parent=28562"}],"wp:term":[{"taxonomy":"category","embeddable":true,"href":"https:\/\/www.o-p-i.fr\/parlonsen\/wp-json\/wp\/v2\/categories?post=28562"},{"taxonomy":"post_tag","embeddable":true,"href":"https:\/\/www.o-p-i.fr\/parlonsen\/wp-json\/wp\/v2\/tags?post=28562"}],"curies":[{"name":"wp","href":"https:\/\/api.w.org\/{rel}","templated":true}]}}