{"id":28577,"date":"2016-01-18T13:58:33","date_gmt":"2016-01-18T12:58:33","guid":{"rendered":"\/parlonsen\/?p=28577"},"modified":"2016-01-18T13:58:33","modified_gmt":"2016-01-18T12:58:33","slug":"retour-du-jeudi-2101-demain-le-film-a-albi-81","status":"publish","type":"post","link":"https:\/\/www.o-p-i.fr\/parlonsen\/parlons-en\/culture\/retour-du-jeudi-2101-demain-le-film-a-albi-81\/","title":{"rendered":"Retour du Jeudi 21\/01 : \u00ab\u00a0Demain, le film\u00a0\u00bb &#8230; \u00e0 Albi (81)"},"content":{"rendered":"<p style=\"text-align: justify;\">D\u00e9couvrez le programme du Retour du Jeudi de janvier \u00e0 avril 2016. Avec, d\u00e8s ce <strong>Jeudi 21 Janvier 2016<\/strong>, la projection du documentaire \u00ab\u00a0Demain, le film\u00a0\u00bb \u00e0 la salle Arc\u00e9, le cin\u00e9ma de la Sc\u00e8ne nationale.<!--more--><\/p>\n<p style=\"text-align: justify;\">\n<p style=\"text-align: justify;\"><strong>\u00ab\u00a0Demain, le film\u00a0\u00bb<\/strong>, documentaire r\u00e9alis\u00e9 par Cyril Dion et M\u00e9lanie Laurent, 2015 (1 h 58)<\/p>\n<p style=\"text-align: justify;\"><em>Jeudi 21 janvier \/ 18 h 30 \/ salle Arc\u00e9, Sc\u00e8ne nationale<\/em><\/p>\n<figure id=\"attachment_28578\" aria-describedby=\"caption-attachment-28578\" style=\"width: 250px\" class=\"wp-caption alignright\"><a href=\"https:\/\/i0.wp.com\/www.o-p-i.fr\/parlonsen\/wp-content\/uploads\/demainlefilm.jpg?ssl=1\"><img data-recalc-dims=\"1\" loading=\"lazy\" decoding=\"async\" class=\"size-full wp-image-28578\" src=\"https:\/\/i0.wp.com\/www.o-p-i.fr\/parlonsen\/wp-content\/uploads\/demainlefilm.jpg?resize=250%2C68&#038;ssl=1\" alt=\"&quot;Demain, le film&quot;, documentaire r\u00e9alis\u00e9 par Cyril Dion et M\u00e9lanie Laurent, 2015\" width=\"250\" height=\"68\" srcset=\"https:\/\/i0.wp.com\/www.o-p-i.fr\/parlonsen\/wp-content\/uploads\/demainlefilm.jpg?w=250&amp;ssl=1 250w, https:\/\/i0.wp.com\/www.o-p-i.fr\/parlonsen\/wp-content\/uploads\/demainlefilm.jpg?resize=150%2C41&amp;ssl=1 150w\" sizes=\"auto, (max-width: 250px) 100vw, 250px\" \/><\/a><figcaption id=\"caption-attachment-28578\" class=\"wp-caption-text\">\u00ab\u00a0Demain, le film\u00a0\u00bb, documentaire r\u00e9alis\u00e9 par Cyril Dion et M\u00e9lanie Laurent, 2015<\/figcaption><\/figure>\n<p style=\"text-align: justify;\">Alors que l\u2019humanit\u00e9 est menac\u00e9e par l\u2019effondrement des \u00e9cosyst\u00e8mes, six trentenaires partent explorer le monde en qu\u00eate de solutions capables de sauver leurs enfants et, \u00e0 travers eux, la nouvelle g\u00e9n\u00e9ration. A partir des exp\u00e9riences les plus abouties dans tous les domaines (agriculture, \u00e9nergie, habitat, \u00e9conomie, \u00e9ducation, d\u00e9mocratie&#8230;), ils vont tenter de reconstituer le puzzle qui permettra de construire une autre histoire de l\u2019avenir.<\/p>\n<p style=\"text-align: justify;\">Projection \u00e0 19 h, palabres \u00e0 21 h.<\/p>\n<p style=\"text-align: justify;\">Utopies concr\u00e8tes #1, soir\u00e9es documentaires &amp; d\u00e9bats propos\u00e9es par la Sc\u00e8ne Nationale d\u2019Albi, l\u2019Association des Lyc\u00e9ens, Etudiants, Stagiaires et Apprentis du campus Fonlabour-Albi, Envisage, et l\u2019Action Culturelle de l\u2019Institut National Universitaire Champollion.<\/p>\n<p style=\"text-align: justify;\">Une soir\u00e9e Utopies concr\u00e8tes #2 sera programm\u00e9e sur un lundi en f\u00e9vrier \/ mars.<\/p>\n<p style=\"text-align: justify;\">\n<p style=\"text-align: justify;\"><strong>Pour y aller &#8230;<\/strong><br \/>\n<a href=\"https:\/\/goo.gl\/maps\/uZSTg2fXWCK2\" target=\"_blank\">Salle Arc\u00e9<\/a><br \/>\n<a href=\"https:\/\/goo.gl\/maps\/uZSTg2fXWCK2\" target=\"_blank\">Rue des Cordeliers<\/a><br \/>\n<a href=\"https:\/\/goo.gl\/maps\/uZSTg2fXWCK2\" target=\"_blank\">81000 ALBI<\/a><\/p>\n<p style=\"text-align: justify;\"><strong>Tarifs :<\/strong><br \/>\nNormal : 5 \u20ac<br \/>\nR\u00e9duit (pour les \u00e9tudiants) : 4 \u20ac<\/p>\n<p style=\"text-align: justify;\"><strong>Contact : <\/strong>Action Culturelle de l\u2019Universit\u00e9 Champollion<br \/>\nT\u00e9l. : 05 63 48 19 70 (J\u00e9r\u00f4me Cabot)<br \/>\nSite :<a href=\"http:\/\/leretourdujeudi.univ-jfc.fr\" target=\"_blank\"> http:\/\/leretourdujeudi.univ-jfc.fr<\/a><\/p>\n<blockquote>\n<h4 style=\"text-align: center;\">Toute la programmation du Retour du Jeudi de Janvier \u00e0 Avril 2016 <a href=\"https:\/\/www.o-p-i.fr\/parlonsen\/wp-content\/uploads\/Champo_RetourduJeudi_Janv_2016.pdf\">ICI<\/a>.<\/h4>\n<\/blockquote>\n<p style=\"text-align: justify;\"><em>Communiqu\u00e9 de J\u00e9r\u00f4me Cabot, charg\u00e9 de mission \u00e0 l\u2019action culturelle, MCF en litt\u00e9rature fran\u00e7aise Universit\u00e9 Champollion<\/em><\/p>\n<p style=\"text-align: justify;\">\n","protected":false},"excerpt":{"rendered":"<div class=\"mh-excerpt\">D\u00e9couvrez le programme du Retour du Jeudi de janvier \u00e0 avril 2016. Avec, d\u00e8s ce Jeudi 21 Janvier 2016, la projection du documentaire \u00ab\u00a0Demain, le film\u00a0\u00bb \u00e0 la salle Arc\u00e9, le cin\u00e9ma de la Sc\u00e8ne <a class=\"mh-excerpt-more\" href=\"https:\/\/www.o-p-i.fr\/parlonsen\/parlons-en\/culture\/retour-du-jeudi-2101-demain-le-film-a-albi-81\/\" title=\"Retour du Jeudi 21\/01 : \u00ab\u00a0Demain, le film\u00a0\u00bb &#8230; \u00e0 Albi (81)\">[&#8230;]<\/a><\/div>\n","protected":false},"author":2,"featured_media":0,"comment_status":"open","ping_status":"open","sticky":false,"template":"","format":"standard","meta":{"om_disable_all_campaigns":false,"advanced_seo_description":"","jetpack_seo_html_title":"","jetpack_seo_noindex":false,"_jetpack_memberships_contains_paid_content":false,"footnotes":"","_links_to":"","_links_to_target":""},"categories":[42,1,54,2402],"tags":[47,92,110,189,330,393,1264,44,45,46],"class_list":{"0":"post-28577","1":"post","2":"type-post","3":"status-publish","4":"format-standard","6":"category-a-cote-de-chez-nous","7":"category-culture","8":"category-loisirs","9":"category-n118-janvier-2016","10":"tag-champollion","11":"tag-cine","12":"tag-documentaire","13":"tag-debat","14":"tag-rencontre","15":"tag-developpement-durable","16":"tag-programme","17":"tag-albi","18":"tag-retour-du-jeudi","19":"tag-fac"},"jetpack_featured_media_url":"","views":{"total":0,"cached_at":"","cached_date":1738261135},"jetpack_likes_enabled":true,"jetpack_sharing_enabled":true,"jetpack_shortlink":"https:\/\/wp.me\/pg7Wxj-7qV","jetpack-related-posts":[],"_links":{"self":[{"href":"https:\/\/www.o-p-i.fr\/parlonsen\/wp-json\/wp\/v2\/posts\/28577","targetHints":{"allow":["GET"]}}],"collection":[{"href":"https:\/\/www.o-p-i.fr\/parlonsen\/wp-json\/wp\/v2\/posts"}],"about":[{"href":"https:\/\/www.o-p-i.fr\/parlonsen\/wp-json\/wp\/v2\/types\/post"}],"author":[{"embeddable":true,"href":"https:\/\/www.o-p-i.fr\/parlonsen\/wp-json\/wp\/v2\/users\/2"}],"replies":[{"embeddable":true,"href":"https:\/\/www.o-p-i.fr\/parlonsen\/wp-json\/wp\/v2\/comments?post=28577"}],"version-history":[{"count":0,"href":"https:\/\/www.o-p-i.fr\/parlonsen\/wp-json\/wp\/v2\/posts\/28577\/revisions"}],"wp:attachment":[{"href":"https:\/\/www.o-p-i.fr\/parlonsen\/wp-json\/wp\/v2\/media?parent=28577"}],"wp:term":[{"taxonomy":"category","embeddable":true,"href":"https:\/\/www.o-p-i.fr\/parlonsen\/wp-json\/wp\/v2\/categories?post=28577"},{"taxonomy":"post_tag","embeddable":true,"href":"https:\/\/www.o-p-i.fr\/parlonsen\/wp-json\/wp\/v2\/tags?post=28577"}],"curies":[{"name":"wp","href":"https:\/\/api.w.org\/{rel}","templated":true}]}}