{"id":28584,"date":"2016-01-18T15:01:15","date_gmt":"2016-01-18T14:01:15","guid":{"rendered":"\/parlonsen\/?p=28584"},"modified":"2016-01-18T15:01:35","modified_gmt":"2016-01-18T14:01:35","slug":"les-voeux-de-la-cie-de-lembellie-a-montauban-82","status":"publish","type":"post","link":"https:\/\/www.o-p-i.fr\/parlonsen\/parlons-en\/culture\/les-voeux-de-la-cie-de-lembellie-a-montauban-82\/","title":{"rendered":"Les v\u0153ux de la Cie de l&rsquo;Embellie &#8230; \u00e0 Montauban (82)"},"content":{"rendered":"<p style=\"text-align: justify;\">Le Th\u00e9\u00e2tre \u00c9cole de l&rsquo;Embellie et la Cie de l&rsquo;Embellie pr\u00e9sentent aux Montalbanais leurs meilleurs v\u0153ux.<!--more--><\/p>\n<figure id=\"attachment_28585\" aria-describedby=\"caption-attachment-28585\" style=\"width: 300px\" class=\"wp-caption alignright\"><a href=\"https:\/\/i0.wp.com\/www.o-p-i.fr\/parlonsen\/wp-content\/uploads\/voeux_embellie.jpg?ssl=1\"><img data-recalc-dims=\"1\" loading=\"lazy\" decoding=\"async\" class=\"wp-image-28585 size-medium\" src=\"https:\/\/i0.wp.com\/www.o-p-i.fr\/parlonsen\/wp-content\/uploads\/voeux_embellie.jpg?resize=300%2C200&#038;ssl=1\" alt=\"Voeux au Th\u00e9\u00e2tre de l'Embellie. Montauban (82)\" width=\"300\" height=\"200\" \/><\/a><figcaption id=\"caption-attachment-28585\" class=\"wp-caption-text\">Voeux au Th\u00e9\u00e2tre de l&rsquo;Embellie. Montauban (82)<\/figcaption><\/figure>\n<p style=\"text-align: justify;\">Le Th\u00e9\u00e2tre Ecole, qui regroupe cette ann\u00e9e une soixantaine d&rsquo;enfants et d&rsquo;ados a pr\u00e9sent\u00e9 en 2015 trois cr\u00e9ations originales devant 500 spectateurs. Cette ann\u00e9e, r\u00e9partis en 5 ateliers, ils travaillent d&rsquo;arrache-pied pour les prochaines repr\u00e9sentations : \u00ab\u00a0Un p&rsquo;tit coin de po\u00e9sie\u00a0\u00bb par les petits le 6 f\u00e9vrier 2016, et \u00ab\u00a0Notre cher Victor\u00a0\u00bb, en hommage \u00e0 Victor Hugo, par les ados le 20 f\u00e9vrier 2016.<\/p>\n<p style=\"text-align: justify;\">La Cie de l&rsquo;Embellie a propos\u00e9 en 2015 neuf cr\u00e9ations devant pr\u00e8s de 2000 spectateurs. Cette ann\u00e9e, ses 50 com\u00e9diens amateurs pr\u00e9parent activement une com\u00e9die \u00e0 sketches \u00ab\u00a0<a href=\"https:\/\/www.o-p-i.fr\/aupays\/annuaire\/loisirs\/theatre-de-lembellie\/\">Ce soir on ne dine pas, on bouffe<\/a>\u00a0\u00bb le 23 janvier 2016, ainsi que 6 autres pi\u00e8ces plus importantes qui seront pr\u00e9sent\u00e9es au public en mai et juin. Quant aux lecteurs, ils ont renouvel\u00e9 le 16 janvier dernier \u00ab\u00a0Le juste rire\u00a0\u00bb et continuent d&rsquo;animer r\u00e9guli\u00e8rement des rencontres litt\u00e9raires \u00e0 la Maison du Crieur et \u00e0 la librairie Deloche.<\/p>\n<p style=\"text-align: justify;\">Un grand merci aux com\u00e9diens amateurs qui ont pu se r\u00e9aliser \u00e0 travers un projet artistique ! Que 2016 leur permette d&rsquo;approfondir des facettes d&rsquo;eux-m\u00eames pour \u00e9voluer et enrichir leur vie ! Un grand merci aux spectateurs qui ont soutenu notre action d&rsquo;\u00e9ducation populaire en 2015 ! Que 2016 nous permette de rendre le th\u00e9\u00e2tre accessible au plus grand nombre de gens possible !<\/p>\n<p style=\"text-align: justify;\"><strong>Contact :<\/strong> <a href=\"https:\/\/www.o-p-i.fr\/aupays\/annuaire\/loisirs\/theatre-de-lembellie\/\" rel=\"bookmark\">Th\u00e9\u00e2tre de l\u2019Embellie<\/a><\/p>\n<div class=\"entry-thumbnails\" style=\"text-align: justify;\"><a href=\"https:\/\/www.o-p-i.fr\/aupays\/annuaire\/loisirs\/theatre-de-lembellie\/\"><img decoding=\"async\" title=\"Th\u00e9\u00e2tre de l\u2019Embellie\" src=\"https:\/\/www.o-p-i.fr\/aupays\/wp-content\/themes\/arras-theme\/library\/timthumb.php?src=https:\/\/www.o-p-i.fr\/aupays\/wp-content\/uploads\/logo_theatredelembellie.jpg&amp;w=190&amp;h=100&amp;zc=1\" alt=\"Th\u00e9\u00e2tre de l\u2019Embellie\" \/><\/a><span class=\"entry-meta\"><abbr class=\"published\" title=\"2015-01-06T18:43:22+00:00\">&#8230;<\/abbr><\/span><\/div>\n<p style=\"text-align: justify;\"><em>Communiqu\u00e9 par Chantal BEGHIN, Coordinatrice Th\u00e9\u00e2tre de l&rsquo;Embellie<\/em><\/p>\n","protected":false},"excerpt":{"rendered":"<div class=\"mh-excerpt\">Le Th\u00e9\u00e2tre \u00c9cole de l&rsquo;Embellie et la Cie de l&rsquo;Embellie pr\u00e9sentent aux Montalbanais leurs meilleurs v\u0153ux.<\/div>\n","protected":false},"author":2,"featured_media":0,"comment_status":"open","ping_status":"open","sticky":false,"template":"","format":"standard","meta":{"om_disable_all_campaigns":false,"advanced_seo_description":"","jetpack_seo_html_title":"","jetpack_seo_noindex":false,"_jetpack_memberships_contains_paid_content":false,"footnotes":"","_links_to":"","_links_to_target":""},"categories":[42,1,54,2402],"tags":[57,99,132,806,1786],"class_list":{"0":"post-28584","1":"post","2":"type-post","3":"status-publish","4":"format-standard","6":"category-a-cote-de-chez-nous","7":"category-culture","8":"category-loisirs","9":"category-n118-janvier-2016","10":"tag-theatre","11":"tag-montauban","12":"tag-spectacle","13":"tag-voeux","14":"tag-atelier-theatre"},"jetpack_featured_media_url":"","views":{"total":1,"cached_at":"","cached_date":1738261138},"jetpack_likes_enabled":true,"jetpack_sharing_enabled":true,"jetpack_shortlink":"https:\/\/wp.me\/pg7Wxj-7r2","jetpack-related-posts":[],"_links":{"self":[{"href":"https:\/\/www.o-p-i.fr\/parlonsen\/wp-json\/wp\/v2\/posts\/28584","targetHints":{"allow":["GET"]}}],"collection":[{"href":"https:\/\/www.o-p-i.fr\/parlonsen\/wp-json\/wp\/v2\/posts"}],"about":[{"href":"https:\/\/www.o-p-i.fr\/parlonsen\/wp-json\/wp\/v2\/types\/post"}],"author":[{"embeddable":true,"href":"https:\/\/www.o-p-i.fr\/parlonsen\/wp-json\/wp\/v2\/users\/2"}],"replies":[{"embeddable":true,"href":"https:\/\/www.o-p-i.fr\/parlonsen\/wp-json\/wp\/v2\/comments?post=28584"}],"version-history":[{"count":0,"href":"https:\/\/www.o-p-i.fr\/parlonsen\/wp-json\/wp\/v2\/posts\/28584\/revisions"}],"wp:attachment":[{"href":"https:\/\/www.o-p-i.fr\/parlonsen\/wp-json\/wp\/v2\/media?parent=28584"}],"wp:term":[{"taxonomy":"category","embeddable":true,"href":"https:\/\/www.o-p-i.fr\/parlonsen\/wp-json\/wp\/v2\/categories?post=28584"},{"taxonomy":"post_tag","embeddable":true,"href":"https:\/\/www.o-p-i.fr\/parlonsen\/wp-json\/wp\/v2\/tags?post=28584"}],"curies":[{"name":"wp","href":"https:\/\/api.w.org\/{rel}","templated":true}]}}