{"id":28588,"date":"2016-01-18T15:21:09","date_gmt":"2016-01-18T14:21:09","guid":{"rendered":"\/parlonsen\/?p=28588"},"modified":"2016-01-18T15:21:09","modified_gmt":"2016-01-18T14:21:09","slug":"cine-philo-la-2eme-republique-espagnole-a-lagrave-81","status":"publish","type":"post","link":"https:\/\/www.o-p-i.fr\/parlonsen\/parlons-en\/culture\/cine-philo-la-2eme-republique-espagnole-a-lagrave-81\/","title":{"rendered":"Cin\u00e9 Philo : La 2\u00e8me R\u00e9publique Espagnole &#8230; \u00e0 Lagrave (81)"},"content":{"rendered":"<p style=\"text-align: justify;\">Soir\u00e9e exceptionnelle \u00e0 Lagrave sur le th\u00e8me de la deuxi\u00e8me r\u00e9publique espagnole le <strong>Mardi 19 Janvier 2016<\/strong>, \u00e0 18h45, Salle des F\u00eates de Lagrave.<!--more--><\/p>\n<p style=\"text-align: justify;\">Gr\u00e2ce \u00e0 la m\u00e9moire des derniers t\u00e9moins r\u00e9publicains espagnols, une r\u00e9flexion sur l&rsquo;esp\u00e8ce humaine et son adaptation \u00e0 son lieu de vie : La Terre. Une autre fa\u00e7on de voir l&rsquo;humanit\u00e9.<\/p>\n<figure id=\"attachment_28591\" aria-describedby=\"caption-attachment-28591\" style=\"width: 640px\" class=\"wp-caption aligncenter\"><a href=\"https:\/\/i0.wp.com\/www.o-p-i.fr\/parlonsen\/wp-content\/uploads\/Acratie-Lagrave.jpg?ssl=1\"><img data-recalc-dims=\"1\" loading=\"lazy\" decoding=\"async\" class=\"wp-image-28591 size-large\" src=\"https:\/\/i0.wp.com\/www.o-p-i.fr\/parlonsen\/wp-content\/uploads\/Acratie-Lagrave.jpg?resize=640%2C452&#038;ssl=1\" alt=\"Une sayn\u00e8te de Emmanuel Demansant et Le film de Fran\u00e7oise Arnoult et Jacques Pillet.\" width=\"640\" height=\"452\" srcset=\"https:\/\/i0.wp.com\/www.o-p-i.fr\/parlonsen\/wp-content\/uploads\/Acratie-Lagrave.jpg?resize=1024%2C723&amp;ssl=1 1024w, https:\/\/i0.wp.com\/www.o-p-i.fr\/parlonsen\/wp-content\/uploads\/Acratie-Lagrave.jpg?resize=300%2C212&amp;ssl=1 300w, https:\/\/i0.wp.com\/www.o-p-i.fr\/parlonsen\/wp-content\/uploads\/Acratie-Lagrave.jpg?resize=150%2C106&amp;ssl=1 150w, https:\/\/i0.wp.com\/www.o-p-i.fr\/parlonsen\/wp-content\/uploads\/Acratie-Lagrave.jpg?resize=400%2C282&amp;ssl=1 400w, https:\/\/i0.wp.com\/www.o-p-i.fr\/parlonsen\/wp-content\/uploads\/Acratie-Lagrave.jpg?w=1500&amp;ssl=1 1500w\" sizes=\"auto, (max-width: 640px) 100vw, 640px\" \/><\/a><figcaption id=\"caption-attachment-28591\" class=\"wp-caption-text\">Une sayn\u00e8te de Emmanuel Demansant et Le film de Fran\u00e7oise Arnoult et Jacques Pillet.<\/figcaption><\/figure>\n<p style=\"text-align: justify;\">Vous \u00eates invit\u00e9 vu l&rsquo;heure inhabituellement pr\u00e9coce d&rsquo;apporter un plat sal\u00e9 ou sucr\u00e9 et une boisson que nous partagerons rapidement entre les deux \u00ab\u00a0spectacles\u00a0\u00bb propos\u00e9s.<\/p>\n<p style=\"text-align: justify;\">\u00a0<strong>Tarifs :<\/strong><br \/>\nEntr\u00e9e libre.\u00a0 Un chapeau tournera pour chacune des deux pr\u00e9sentations, merci d&rsquo;aider ces artistes dans la production de leurs \u0153uvres historiques indispensables \u00e0 notre culture.<\/p>\n<p style=\"text-align: justify;\"><em>Communiqu\u00e9 par Eric Sirvin, organisateur.<\/em><\/p>\n","protected":false},"excerpt":{"rendered":"<div class=\"mh-excerpt\">Soir\u00e9e exceptionnelle \u00e0 Lagrave sur le th\u00e8me de la deuxi\u00e8me r\u00e9publique espagnole le Mardi 19 Janvier 2016, \u00e0 18h45, Salle des F\u00eates de Lagrave.<\/div>\n","protected":false},"author":2,"featured_media":0,"comment_status":"open","ping_status":"open","sticky":false,"template":"","format":"standard","meta":{"om_disable_all_campaigns":false,"advanced_seo_description":"","jetpack_seo_html_title":"","jetpack_seo_noindex":false,"_jetpack_memberships_contains_paid_content":false,"footnotes":"","_links_to":"","_links_to_target":""},"categories":[23,1,54,2402],"tags":[92,132,189,330,541,1142],"class_list":{"0":"post-28588","1":"post","2":"type-post","3":"status-publish","4":"format-standard","6":"category-au-dela-du-pays","7":"category-culture","8":"category-loisirs","9":"category-n118-janvier-2016","10":"tag-cine","11":"tag-spectacle","12":"tag-debat","13":"tag-rencontre","14":"tag-espagne","15":"tag-lagrave"},"jetpack_featured_media_url":"","views":{"total":0,"cached_at":"","cached_date":1738521522},"jetpack_likes_enabled":true,"jetpack_sharing_enabled":true,"jetpack_shortlink":"https:\/\/wp.me\/pg7Wxj-7r6","jetpack-related-posts":[],"_links":{"self":[{"href":"https:\/\/www.o-p-i.fr\/parlonsen\/wp-json\/wp\/v2\/posts\/28588","targetHints":{"allow":["GET"]}}],"collection":[{"href":"https:\/\/www.o-p-i.fr\/parlonsen\/wp-json\/wp\/v2\/posts"}],"about":[{"href":"https:\/\/www.o-p-i.fr\/parlonsen\/wp-json\/wp\/v2\/types\/post"}],"author":[{"embeddable":true,"href":"https:\/\/www.o-p-i.fr\/parlonsen\/wp-json\/wp\/v2\/users\/2"}],"replies":[{"embeddable":true,"href":"https:\/\/www.o-p-i.fr\/parlonsen\/wp-json\/wp\/v2\/comments?post=28588"}],"version-history":[{"count":0,"href":"https:\/\/www.o-p-i.fr\/parlonsen\/wp-json\/wp\/v2\/posts\/28588\/revisions"}],"wp:attachment":[{"href":"https:\/\/www.o-p-i.fr\/parlonsen\/wp-json\/wp\/v2\/media?parent=28588"}],"wp:term":[{"taxonomy":"category","embeddable":true,"href":"https:\/\/www.o-p-i.fr\/parlonsen\/wp-json\/wp\/v2\/categories?post=28588"},{"taxonomy":"post_tag","embeddable":true,"href":"https:\/\/www.o-p-i.fr\/parlonsen\/wp-json\/wp\/v2\/tags?post=28588"}],"curies":[{"name":"wp","href":"https:\/\/api.w.org\/{rel}","templated":true}]}}