{"id":28606,"date":"2016-01-19T07:43:03","date_gmt":"2016-01-19T06:43:03","guid":{"rendered":"\/parlonsen\/?p=28606"},"modified":"2016-01-18T16:47:27","modified_gmt":"2016-01-18T15:47:27","slug":"the-dansant-a-leojac-82-4","status":"publish","type":"post","link":"https:\/\/www.o-p-i.fr\/parlonsen\/localisation\/au-pays-des-tescous\/leojac\/the-dansant-a-leojac-82-4\/","title":{"rendered":"Th\u00e9 dansant &#8230; \u00e0 L\u00e9ojac (82)"},"content":{"rendered":"<p>Les A\u00een\u00e9s de L\u00e9ojac et des environs organisent un th\u00e9 dansant le\u00a0 <strong>Jeudi 21 Janvier 2016<\/strong> \u00e0 14 heures, \u00e0 la salle des f\u00eates.<!--more--><\/p>\n<figure id=\"attachment_28607\" aria-describedby=\"caption-attachment-28607\" style=\"width: 150px\" class=\"wp-caption alignright\"><a href=\"https:\/\/i0.wp.com\/www.o-p-i.fr\/parlonsen\/wp-content\/uploads\/thedansantleojac6.jpg?ssl=1\"><img data-recalc-dims=\"1\" loading=\"lazy\" decoding=\"async\" class=\"wp-image-28607 size-thumbnail\" src=\"https:\/\/i0.wp.com\/www.o-p-i.fr\/parlonsen\/wp-content\/uploads\/thedansantleojac6.jpg?resize=150%2C150&#038;ssl=1\" alt=\"Th\u00e9 dansant \u00e0 L\u00e9ojac (82)\" width=\"150\" height=\"150\" srcset=\"https:\/\/i0.wp.com\/www.o-p-i.fr\/parlonsen\/wp-content\/uploads\/thedansantleojac6.jpg?resize=150%2C150&amp;ssl=1 150w, https:\/\/i0.wp.com\/www.o-p-i.fr\/parlonsen\/wp-content\/uploads\/thedansantleojac6.jpg?zoom=2&amp;resize=150%2C150&amp;ssl=1 300w, https:\/\/i0.wp.com\/www.o-p-i.fr\/parlonsen\/wp-content\/uploads\/thedansantleojac6.jpg?zoom=3&amp;resize=150%2C150&amp;ssl=1 450w\" sizes=\"auto, (max-width: 150px) 100vw, 150px\" \/><\/a><figcaption id=\"caption-attachment-28607\" class=\"wp-caption-text\">Th\u00e9 dansant \u00e0 L\u00e9ojac (82)<\/figcaption><\/figure>\n<p>Th\u00e9 dansant anim\u00e9 par Les Copains du Musette.<\/p>\n<p><strong>Contact :<\/strong><br \/>\nT\u00e9l. :\u00a0 05 63 63 56 70 ou 05 63 03 11 90<\/p>\n<p><em>Communiqu\u00e9 par Robert Linas<\/em><\/p>\n","protected":false},"excerpt":{"rendered":"<div class=\"mh-excerpt\">Les A\u00een\u00e9s de L\u00e9ojac et des environs organisent un th\u00e9 dansant le\u00a0 Jeudi 21 Janvier 2016 \u00e0 14 heures, \u00e0 la salle des f\u00eates.<\/div>\n","protected":false},"author":2,"featured_media":0,"comment_status":"open","ping_status":"open","sticky":false,"template":"","format":"standard","meta":{"om_disable_all_campaigns":false,"advanced_seo_description":"","jetpack_seo_html_title":"","jetpack_seo_noindex":false,"_jetpack_memberships_contains_paid_content":false,"footnotes":"","_links_to":"","_links_to_target":""},"categories":[30,54],"tags":[2553,80,82],"class_list":{"0":"post-28606","1":"post","2":"type-post","3":"status-publish","4":"format-standard","6":"category-leojac","7":"category-loisirs","8":"tag-leojac","9":"tag-the-dansant","10":"tag-aines"},"jetpack_featured_media_url":"","views":{"total":0,"cached_at":"","cached_date":1738285274},"jetpack_likes_enabled":true,"jetpack_sharing_enabled":true,"jetpack_shortlink":"https:\/\/wp.me\/pg7Wxj-7ro","jetpack-related-posts":[],"_links":{"self":[{"href":"https:\/\/www.o-p-i.fr\/parlonsen\/wp-json\/wp\/v2\/posts\/28606","targetHints":{"allow":["GET"]}}],"collection":[{"href":"https:\/\/www.o-p-i.fr\/parlonsen\/wp-json\/wp\/v2\/posts"}],"about":[{"href":"https:\/\/www.o-p-i.fr\/parlonsen\/wp-json\/wp\/v2\/types\/post"}],"author":[{"embeddable":true,"href":"https:\/\/www.o-p-i.fr\/parlonsen\/wp-json\/wp\/v2\/users\/2"}],"replies":[{"embeddable":true,"href":"https:\/\/www.o-p-i.fr\/parlonsen\/wp-json\/wp\/v2\/comments?post=28606"}],"version-history":[{"count":0,"href":"https:\/\/www.o-p-i.fr\/parlonsen\/wp-json\/wp\/v2\/posts\/28606\/revisions"}],"wp:attachment":[{"href":"https:\/\/www.o-p-i.fr\/parlonsen\/wp-json\/wp\/v2\/media?parent=28606"}],"wp:term":[{"taxonomy":"category","embeddable":true,"href":"https:\/\/www.o-p-i.fr\/parlonsen\/wp-json\/wp\/v2\/categories?post=28606"},{"taxonomy":"post_tag","embeddable":true,"href":"https:\/\/www.o-p-i.fr\/parlonsen\/wp-json\/wp\/v2\/tags?post=28606"}],"curies":[{"name":"wp","href":"https:\/\/api.w.org\/{rel}","templated":true}]}}