{"id":28626,"date":"2016-01-20T08:03:54","date_gmt":"2016-01-20T07:03:54","guid":{"rendered":"\/parlonsen\/?p=28626"},"modified":"2016-01-20T00:17:04","modified_gmt":"2016-01-19T23:17:04","slug":"fabrication-de-papier-de-plantes-a-caylus-82","status":"publish","type":"post","link":"https:\/\/www.o-p-i.fr\/parlonsen\/parlons-en\/culture\/fabrication-de-papier-de-plantes-a-caylus-82\/","title":{"rendered":"Fabrication de \u00ab Papier de plantes \u00bb &#8230; \u00e0 Caylus (82)"},"content":{"rendered":"<p>Un atelier de cueillette, cuisson et fabrication du papier sera organis\u00e9 le <strong>Samedi 30 Janvier 2016<\/strong> de 9h30 \u00e0 17h30,\u00a0 puis un temps d&rsquo;\u00e9changes autour de l&rsquo;\u00e9criture donnant \u00e0 voir et mettre en \u0153uvre le processus de cr\u00e9ation le <strong>Samedi 6 F\u00e9vrier 2016<\/strong> de 10h30 \u00e0 12h30.<!--more--><\/p>\n<figure id=\"attachment_28627\" aria-describedby=\"caption-attachment-28627\" style=\"width: 339px\" class=\"wp-caption alignright\"><a href=\"https:\/\/i0.wp.com\/www.o-p-i.fr\/parlonsen\/wp-content\/uploads\/aidee_bernard.jpg?ssl=1\"><img data-recalc-dims=\"1\" loading=\"lazy\" decoding=\"async\" class=\"size-full wp-image-28627\" src=\"https:\/\/i0.wp.com\/www.o-p-i.fr\/parlonsen\/wp-content\/uploads\/aidee_bernard.jpg?resize=339%2C227&#038;ssl=1\" alt=\"Atelier Aid\u00e9e Bernard \u00a9Ulrike Monso 2011\" width=\"339\" height=\"227\" srcset=\"https:\/\/i0.wp.com\/www.o-p-i.fr\/parlonsen\/wp-content\/uploads\/aidee_bernard.jpg?w=339&amp;ssl=1 339w, https:\/\/i0.wp.com\/www.o-p-i.fr\/parlonsen\/wp-content\/uploads\/aidee_bernard.jpg?resize=300%2C201&amp;ssl=1 300w, https:\/\/i0.wp.com\/www.o-p-i.fr\/parlonsen\/wp-content\/uploads\/aidee_bernard.jpg?resize=150%2C100&amp;ssl=1 150w\" sizes=\"auto, (max-width: 339px) 100vw, 339px\" \/><\/a><figcaption id=\"caption-attachment-28627\" class=\"wp-caption-text\">Atelier A\u00efd\u00e9e Bernard \u00a9Ulrike Monso 2011<\/figcaption><\/figure>\n<p style=\"text-align: justify;\">Dans le cadre de ses ateliers Cr\u00e9ateurs au naturel 2016, le CPIE Quercy-Garonne a le plaisir d&rsquo;accueillir A\u00efd\u00e9e Bernard, artiste plasticienne, qui vous propose un partage autour de la cr\u00e9ation de \u00ab\u00a0 papier de plantes \u00bb : d\u00e9couverte de son travail artistique qui joue avec l&rsquo;\u00e9criture li\u00e9e aux textures v\u00e9g\u00e9tales et participation \u00e0 l&rsquo;installation \u00ab Ouvrir le livre \u00bb qui r\u00e9unira en une seule \u0153uvre tous les papiers r\u00e9alis\u00e9s par chaque participant du territoire Midi-Quercy avec l&rsquo;association Mosa\u00efque en Val.<\/p>\n<ul>\n<li><strong>Samedi 30 Janvier 2016<\/strong> de 9h30 \u00e0 17h30 : Atelier de cueillette, cuisson et fabrication du papier.<br \/>\nPr\u00e9voir son pique-nique, des v\u00eatements et chaussures de terrain adapt\u00e9s \u00e0 la m\u00e9t\u00e9o !<\/li>\n<li><strong>Samedi 6 F\u00e9vrier 2016<\/strong> de 10h30 \u00e0 12h30 : Temps d&rsquo;\u00e9changes autour de l&rsquo;\u00e9criture donnant \u00e0 voir et mettre en \u0153uvre le processus de cr\u00e9ation.<\/li>\n<\/ul>\n<p style=\"text-align: justify;\">Cette action est r\u00e9alis\u00e9e avec le soutien de la R\u00e9gion Languedoc-Roussillon Midi-Pyr\u00e9n\u00e9es, du Conseil D\u00e9partemental de Tarn-et-Garonne, de l&rsquo;Agence de l&rsquo;Eau Adour-Garonne, de la Direction R\u00e9gionale de l&rsquo;Environnement, de l &lsquo;Am\u00e9nagement et du Logement Midi-Pyr\u00e9n\u00e9es, de la Direction R\u00e9gionale de la Jeunesse, des Sports et de la Coh\u00e9sion Sociale, de la Communaut\u00e9 de Communes Terrasses et Vall\u00e9es de l&rsquo;Aveyron, de la Communaut\u00e9 de Communes QUercy-Rouergue et Gorges de l&rsquo;Aveyron et de la commune de Caylus.<\/p>\n<p>\u00ab D\u00e8s avril, le CPIE Midi-Quercy devient CPIE Quercy-Garonne \u00bb<\/p>\n<p><span style=\"text-decoration: underline;\">Inscriptions conseill\u00e9es<\/span> (10 places)<\/p>\n<p><strong>Contact :<\/strong> CPIE Quercy-Garonne Association Al Pa\u00efs de Boneta<br \/>\nLabarthe<br \/>\n82 160 CAYLUS<br \/>\nT\u00e9l. : 05 63 24 06 26<br \/>\nCourriel : <a href=\"mailto:mdp82@wanadoo.fr\">mdp82@wanadoo.fr<\/a><br \/>\nSite : <a href=\"http:\/\/www.maisondupatrimoine-midiquercy.org\">www.maisondupatrimoine-midiquercy.org<\/a><\/p>\n<p><em>Communiqu\u00e9 des administrateurs et l&rsquo;\u00e9quipe du CPIE Quercy-Garonne<\/em><\/p>\n","protected":false},"excerpt":{"rendered":"<div class=\"mh-excerpt\">Un atelier de cueillette, cuisson et fabrication du papier sera organis\u00e9 le Samedi 30 Janvier 2016 de 9h30 \u00e0 17h30,\u00a0 puis un temps d&rsquo;\u00e9changes autour de l&rsquo;\u00e9criture donnant \u00e0 voir et mettre en \u0153uvre le <a class=\"mh-excerpt-more\" href=\"https:\/\/www.o-p-i.fr\/parlonsen\/parlons-en\/culture\/fabrication-de-papier-de-plantes-a-caylus-82\/\" title=\"Fabrication de \u00ab Papier de plantes \u00bb &#8230; \u00e0 Caylus (82)\">[&#8230;]<\/a><\/div>\n","protected":false},"author":2,"featured_media":0,"comment_status":"open","ping_status":"open","sticky":false,"template":"","format":"standard","meta":{"om_disable_all_campaigns":false,"advanced_seo_description":"","jetpack_seo_html_title":"","jetpack_seo_noindex":false,"_jetpack_memberships_contains_paid_content":false,"footnotes":"","_links_to":"","_links_to_target":""},"categories":[51,42,1,725,54,2402,2403],"tags":[180,491,652,1083,2079],"class_list":{"0":"post-28626","1":"post","2":"type-post","3":"status-publish","4":"format-standard","6":"category-artisanat","7":"category-a-cote-de-chez-nous","8":"category-culture","9":"category-formation-parlons-en","10":"category-loisirs","11":"category-n118-janvier-2016","12":"category-n-119-fevrier-2016","13":"tag-atelier","14":"tag-plante","15":"tag-cueillette","16":"tag-caylus","17":"tag-cpie"},"jetpack_featured_media_url":"","views":{"total":1,"cached_at":"","cached_date":1738277418},"jetpack_likes_enabled":true,"jetpack_sharing_enabled":true,"jetpack_shortlink":"https:\/\/wp.me\/pg7Wxj-7rI","jetpack-related-posts":[],"_links":{"self":[{"href":"https:\/\/www.o-p-i.fr\/parlonsen\/wp-json\/wp\/v2\/posts\/28626","targetHints":{"allow":["GET"]}}],"collection":[{"href":"https:\/\/www.o-p-i.fr\/parlonsen\/wp-json\/wp\/v2\/posts"}],"about":[{"href":"https:\/\/www.o-p-i.fr\/parlonsen\/wp-json\/wp\/v2\/types\/post"}],"author":[{"embeddable":true,"href":"https:\/\/www.o-p-i.fr\/parlonsen\/wp-json\/wp\/v2\/users\/2"}],"replies":[{"embeddable":true,"href":"https:\/\/www.o-p-i.fr\/parlonsen\/wp-json\/wp\/v2\/comments?post=28626"}],"version-history":[{"count":0,"href":"https:\/\/www.o-p-i.fr\/parlonsen\/wp-json\/wp\/v2\/posts\/28626\/revisions"}],"wp:attachment":[{"href":"https:\/\/www.o-p-i.fr\/parlonsen\/wp-json\/wp\/v2\/media?parent=28626"}],"wp:term":[{"taxonomy":"category","embeddable":true,"href":"https:\/\/www.o-p-i.fr\/parlonsen\/wp-json\/wp\/v2\/categories?post=28626"},{"taxonomy":"post_tag","embeddable":true,"href":"https:\/\/www.o-p-i.fr\/parlonsen\/wp-json\/wp\/v2\/tags?post=28626"}],"curies":[{"name":"wp","href":"https:\/\/api.w.org\/{rel}","templated":true}]}}