{"id":28692,"date":"2016-01-27T10:50:07","date_gmt":"2016-01-27T09:50:07","guid":{"rendered":"\/parlonsen\/?p=28692"},"modified":"2025-11-09T13:52:45","modified_gmt":"2025-11-09T12:52:45","slug":"stages-de-technique-vocale-a-rabastens-81","status":"publish","type":"post","link":"https:\/\/www.o-p-i.fr\/parlonsen\/parlons-en\/culture\/stages-de-technique-vocale-a-rabastens-81\/","title":{"rendered":"Stages de Technique Vocale &#8230; \u00e0 Rabastens (81)"},"content":{"rendered":"<p>Le prochain stage propos\u00e9 par Asquith Show Cie se tiendra le <strong>Samedi 6 F\u00e9vrier 2016<\/strong>.<!--more--><\/p>\n<figure id=\"attachment_27417\" aria-describedby=\"caption-attachment-27417\" style=\"width: 209px\" class=\"wp-caption alignright\"><a href=\"https:\/\/i0.wp.com\/www.o-p-i.fr\/parlonsen\/wp-content\/uploads\/JOHN-ASQUITH.jpg?ssl=1\"><img data-recalc-dims=\"1\" loading=\"lazy\" decoding=\"async\" class=\"wp-image-27417 size-medium\" src=\"https:\/\/i0.wp.com\/www.o-p-i.fr\/parlonsen\/wp-content\/uploads\/JOHN-ASQUITH.jpg?resize=209%2C300&#038;ssl=1\" alt=\"John ASQUITH\" width=\"209\" height=\"300\" srcset=\"https:\/\/i0.wp.com\/www.o-p-i.fr\/parlonsen\/wp-content\/uploads\/JOHN-ASQUITH.jpg?resize=209%2C300&amp;ssl=1 209w, https:\/\/i0.wp.com\/www.o-p-i.fr\/parlonsen\/wp-content\/uploads\/JOHN-ASQUITH.jpg?resize=104%2C150&amp;ssl=1 104w, https:\/\/i0.wp.com\/www.o-p-i.fr\/parlonsen\/wp-content\/uploads\/JOHN-ASQUITH.jpg?resize=400%2C574&amp;ssl=1 400w, https:\/\/i0.wp.com\/www.o-p-i.fr\/parlonsen\/wp-content\/uploads\/JOHN-ASQUITH.jpg?w=629&amp;ssl=1 629w\" sizes=\"auto, (max-width: 209px) 100vw, 209px\" \/><\/a><figcaption id=\"caption-attachment-27417\" class=\"wp-caption-text\">John ASQUITH<\/figcaption><\/figure>\n<p style=\"text-align: justify;\">Si vous souhaitez am\u00e9liorer votre chant, si vous avez des probl\u00e8mes de voix parce que vous \u00eates enseignant ou formateur, int\u00e9ressez-vous aux stages de technique vocale de John Asquith.<br \/>\nNous proposons un module de premier niveau r\u00e9parti en quatre s\u00e9ances, une fois par mois le samedi apr\u00e8s-midi, aux Asquiths \u00e0 Rabastens.<br \/>\nD&rsquo;autre part, John donne des cours particuliers, notamment via Skype si vous \u00eates trop loin, et au rythme que vous choisissez.<\/p>\n<p>Module 1 de technique vocale (c&rsquo;est \u00e0 dire pour ceux qui n&rsquo;ont jamais ou tr\u00e8s peu pratiqu\u00e9 avec cette m\u00e9thode)<br \/>\n&#8211; Samedi 6 f\u00e9vrier de 14 h \u00e0 17 h<br \/>\n&#8211; Samedi 5 mars<br \/>\n&#8211; Samedi 9 avril<br \/>\n&#8211; Samedi 21 mai<\/p>\n<p><strong>Tarifs :<\/strong><br \/>\n120 euros les 4 s\u00e9ances<\/p>\n<p><strong>Contact :<\/strong> <a href=\"https:\/\/www.o-p-i.fr\/aupays\/annuaire\/loisirs\/comedies-musicales\/\" rel=\"bookmark\">SAS Asquith Show Cie<\/a><\/p>\n<div class=\"entry-thumbnails\"><a href=\"https:\/\/www.o-p-i.fr\/aupays\/annuaire\/loisirs\/comedies-musicales\/\"><img decoding=\"async\" title=\"SAS Asquith Show Cie\" src=\"https:\/\/www.o-p-i.fr\/aupays\/wp-content\/themes\/arras-theme\/library\/timthumb.php?src=https:\/\/www.o-p-i.fr\/aupays\/wp-content\/uploads\/logo_asquithshowcie.jpg&amp;w=190&amp;h=100&amp;zc=1\" alt=\"SAS Asquith Show Cie\" \/><\/a><span class=\"entry-meta\"><abbr class=\"published\" title=\"2016-01-21T15:41:14+00:00\">&#8230;<\/abbr><\/span><\/div>\n<div class=\"entry-thumbnails\"><em>Communiqu\u00e9 de Maryk Choley<\/em><\/div>\n<h3 class=\"entry-title\"><\/h3>\n","protected":false},"excerpt":{"rendered":"<div class=\"mh-excerpt\">Le prochain stage propos\u00e9 par Asquith Show Cie se tiendra le Samedi 6 F\u00e9vrier 2016.<\/div>\n","protected":false},"author":2,"featured_media":0,"comment_status":"open","ping_status":"open","sticky":false,"template":"","format":"standard","meta":{"om_disable_all_campaigns":false,"advanced_seo_description":"","jetpack_seo_html_title":"","jetpack_seo_noindex":false,"_jetpack_memberships_contains_paid_content":false,"footnotes":"","_links_to":"","_links_to_target":""},"categories":[42,1,725,54,2403,2415,2416,2418],"tags":[2404,3926,72,195],"class_list":{"0":"post-28692","1":"post","2":"type-post","3":"status-publish","4":"format-standard","6":"category-a-cote-de-chez-nous","7":"category-culture","8":"category-formation-parlons-en","9":"category-loisirs","10":"category-n-119-fevrier-2016","11":"category-n-120-mars-2016","12":"category-n-121-avril-2016","13":"category-n-122-mai-2016","14":"tag-technique-vocale","15":"tag-chants","16":"tag-rabastens","17":"tag-stage"},"jetpack_featured_media_url":"","views":{"total":0,"cached_at":"","cached_date":1738535085},"jetpack_likes_enabled":true,"jetpack_sharing_enabled":true,"jetpack_shortlink":"https:\/\/wp.me\/pg7Wxj-7sM","jetpack-related-posts":[],"_links":{"self":[{"href":"https:\/\/www.o-p-i.fr\/parlonsen\/wp-json\/wp\/v2\/posts\/28692","targetHints":{"allow":["GET"]}}],"collection":[{"href":"https:\/\/www.o-p-i.fr\/parlonsen\/wp-json\/wp\/v2\/posts"}],"about":[{"href":"https:\/\/www.o-p-i.fr\/parlonsen\/wp-json\/wp\/v2\/types\/post"}],"author":[{"embeddable":true,"href":"https:\/\/www.o-p-i.fr\/parlonsen\/wp-json\/wp\/v2\/users\/2"}],"replies":[{"embeddable":true,"href":"https:\/\/www.o-p-i.fr\/parlonsen\/wp-json\/wp\/v2\/comments?post=28692"}],"version-history":[{"count":1,"href":"https:\/\/www.o-p-i.fr\/parlonsen\/wp-json\/wp\/v2\/posts\/28692\/revisions"}],"predecessor-version":[{"id":66992,"href":"https:\/\/www.o-p-i.fr\/parlonsen\/wp-json\/wp\/v2\/posts\/28692\/revisions\/66992"}],"wp:attachment":[{"href":"https:\/\/www.o-p-i.fr\/parlonsen\/wp-json\/wp\/v2\/media?parent=28692"}],"wp:term":[{"taxonomy":"category","embeddable":true,"href":"https:\/\/www.o-p-i.fr\/parlonsen\/wp-json\/wp\/v2\/categories?post=28692"},{"taxonomy":"post_tag","embeddable":true,"href":"https:\/\/www.o-p-i.fr\/parlonsen\/wp-json\/wp\/v2\/tags?post=28692"}],"curies":[{"name":"wp","href":"https:\/\/api.w.org\/{rel}","templated":true}]}}