{"id":28701,"date":"2016-01-28T10:48:28","date_gmt":"2016-01-28T09:48:28","guid":{"rendered":"\/parlonsen\/?p=28701"},"modified":"2016-01-28T10:48:28","modified_gmt":"2016-01-28T09:48:28","slug":"stage-de-zumba-a-salvagnac-81-2","status":"publish","type":"post","link":"https:\/\/www.o-p-i.fr\/parlonsen\/localisation\/au-pays-des-tescous\/salvagnac\/stage-de-zumba-a-salvagnac-81-2\/","title":{"rendered":"Stage de Zumba &#8230; \u00e0 Salvagnac (81)"},"content":{"rendered":"<p>L&rsquo;Association Multi-activit\u00e9s Interg\u00e9n\u00e9ration du pays Salvagnacois vous propose un stage de zumba le<strong> Samedi 13 F\u00e9vrier 2016, <\/strong>de 14h30 \u00e0 16h30, \u00e0 la Salle Omnisport.<!--more--><\/p>\n<figure id=\"attachment_28702\" aria-describedby=\"caption-attachment-28702\" style=\"width: 150px\" class=\"wp-caption alignright\"><a href=\"https:\/\/i0.wp.com\/www.o-p-i.fr\/parlonsen\/wp-content\/uploads\/zumbafitness.jpg?ssl=1\"><img data-recalc-dims=\"1\" loading=\"lazy\" decoding=\"async\" class=\"wp-image-28702\" src=\"https:\/\/i0.wp.com\/www.o-p-i.fr\/parlonsen\/wp-content\/uploads\/zumbafitness.jpg?resize=150%2C231&#038;ssl=1\" alt=\"Zumba Fitness\" width=\"150\" height=\"231\" srcset=\"https:\/\/i0.wp.com\/www.o-p-i.fr\/parlonsen\/wp-content\/uploads\/zumbafitness.jpg?resize=194%2C300&amp;ssl=1 194w, https:\/\/i0.wp.com\/www.o-p-i.fr\/parlonsen\/wp-content\/uploads\/zumbafitness.jpg?resize=97%2C150&amp;ssl=1 97w, https:\/\/i0.wp.com\/www.o-p-i.fr\/parlonsen\/wp-content\/uploads\/zumbafitness.jpg?w=300&amp;ssl=1 300w\" sizes=\"auto, (max-width: 150px) 100vw, 150px\" \/><\/a><figcaption id=\"caption-attachment-28702\" class=\"wp-caption-text\">Zumba Fitness<\/figcaption><\/figure>\n<p>Stage de Zumba pour tous, \u00e0 partir de 10 ans.<\/p>\n<p>Baskets obligatoires<\/p>\n<p><strong>Tarifs :<\/strong><br \/>\n8\u20ac \/ personne<\/p>\n<p>Pr\u00e9inscription souhaitable<\/p>\n<p><strong>Contact :<\/strong> AMIS<br \/>\nT\u00e9l. : 05 63 40 55 07 (Colette, soir et HR)<\/p>\n<p><em>Communiqu\u00e9 par Marie-Agn\u00e8s FENOUILLET<\/em><\/p>\n","protected":false},"excerpt":{"rendered":"<div class=\"mh-excerpt\">L&rsquo;Association Multi-activit\u00e9s Interg\u00e9n\u00e9ration du pays Salvagnacois vous propose un stage de zumba le Samedi 13 F\u00e9vrier 2016, de 14h30 \u00e0 16h30, \u00e0 la Salle Omnisport.<\/div>\n","protected":false},"author":2,"featured_media":0,"comment_status":"open","ping_status":"open","sticky":false,"template":"","format":"standard","meta":{"om_disable_all_campaigns":false,"advanced_seo_description":"","jetpack_seo_html_title":"","jetpack_seo_noindex":false,"_jetpack_memberships_contains_paid_content":false,"footnotes":"","_links_to":"","_links_to_target":""},"categories":[54,53,25,2403],"tags":[2548,195,323,1397,1646],"class_list":{"0":"post-28701","1":"post","2":"type-post","3":"status-publish","4":"format-standard","6":"category-loisirs","7":"category-sports","8":"category-salvagnac","9":"category-n-119-fevrier-2016","10":"tag-salvagnac","11":"tag-stage","12":"tag-enfant","13":"tag-zumba","14":"tag-stage-adoadultes"},"jetpack_featured_media_url":"","views":{"total":0,"cached_at":"","cached_date":1738451313},"jetpack_likes_enabled":true,"jetpack_sharing_enabled":true,"jetpack_shortlink":"https:\/\/wp.me\/pg7Wxj-7sV","jetpack-related-posts":[],"_links":{"self":[{"href":"https:\/\/www.o-p-i.fr\/parlonsen\/wp-json\/wp\/v2\/posts\/28701","targetHints":{"allow":["GET"]}}],"collection":[{"href":"https:\/\/www.o-p-i.fr\/parlonsen\/wp-json\/wp\/v2\/posts"}],"about":[{"href":"https:\/\/www.o-p-i.fr\/parlonsen\/wp-json\/wp\/v2\/types\/post"}],"author":[{"embeddable":true,"href":"https:\/\/www.o-p-i.fr\/parlonsen\/wp-json\/wp\/v2\/users\/2"}],"replies":[{"embeddable":true,"href":"https:\/\/www.o-p-i.fr\/parlonsen\/wp-json\/wp\/v2\/comments?post=28701"}],"version-history":[{"count":0,"href":"https:\/\/www.o-p-i.fr\/parlonsen\/wp-json\/wp\/v2\/posts\/28701\/revisions"}],"wp:attachment":[{"href":"https:\/\/www.o-p-i.fr\/parlonsen\/wp-json\/wp\/v2\/media?parent=28701"}],"wp:term":[{"taxonomy":"category","embeddable":true,"href":"https:\/\/www.o-p-i.fr\/parlonsen\/wp-json\/wp\/v2\/categories?post=28701"},{"taxonomy":"post_tag","embeddable":true,"href":"https:\/\/www.o-p-i.fr\/parlonsen\/wp-json\/wp\/v2\/tags?post=28701"}],"curies":[{"name":"wp","href":"https:\/\/api.w.org\/{rel}","templated":true}]}}