{"id":28808,"date":"2016-02-09T20:14:01","date_gmt":"2016-02-09T19:14:01","guid":{"rendered":"\/parlonsen\/?p=28808"},"modified":"2016-02-09T20:14:01","modified_gmt":"2016-02-09T19:14:01","slug":"bal-occitan-a-saint-nauphary-82","status":"publish","type":"post","link":"https:\/\/www.o-p-i.fr\/parlonsen\/localisation\/au-pays-des-tescous\/saint_nauphary\/bal-occitan-a-saint-nauphary-82\/","title":{"rendered":"Bal Occitan &#8230;  \u00e0 Saint-Nauphary (82)"},"content":{"rendered":"<p>L&rsquo;association Lo Revisc\u00f2l organise un bal traditionnel <strong>Samedi 20 F\u00e9vrier 2016<\/strong> \u00e0 21 heures \u00e0 la salle des f\u00eates.<!--more--><\/p>\n<figure id=\"attachment_15964\" aria-describedby=\"caption-attachment-15964\" style=\"width: 150px\" class=\"wp-caption alignright\"><a href=\"https:\/\/i0.wp.com\/www.o-p-i.fr\/parlonsen\/wp-content\/uploads\/baloccitan.jpg?ssl=1\"><img data-recalc-dims=\"1\" loading=\"lazy\" decoding=\"async\" class=\"size-thumbnail wp-image-15964\" src=\"https:\/\/i0.wp.com\/www.o-p-i.fr\/parlonsen\/wp-content\/uploads\/baloccitan.jpg?resize=150%2C150&#038;ssl=1\" alt=\"Bal Occitan \u00e0 Saint-Nauphary\" width=\"150\" height=\"150\" srcset=\"https:\/\/i0.wp.com\/www.o-p-i.fr\/parlonsen\/wp-content\/uploads\/baloccitan.jpg?resize=150%2C150&amp;ssl=1 150w, https:\/\/i0.wp.com\/www.o-p-i.fr\/parlonsen\/wp-content\/uploads\/baloccitan.jpg?zoom=2&amp;resize=150%2C150&amp;ssl=1 300w, https:\/\/i0.wp.com\/www.o-p-i.fr\/parlonsen\/wp-content\/uploads\/baloccitan.jpg?zoom=3&amp;resize=150%2C150&amp;ssl=1 450w\" sizes=\"auto, (max-width: 150px) 100vw, 150px\" \/><\/a><figcaption id=\"caption-attachment-15964\" class=\"wp-caption-text\">Bal Occitan \u00e0 Saint-Nauphary<\/figcaption><\/figure>\n<p>Ce bal occitan sera anim\u00e9 par le groupe \u00ab La Saucisse musicale Saint Michel \u00bb, un groupe que nous avons plaisir de retrouver chaque ann\u00e9e \u00e0 la m\u00eame \u00e9poque dans cette salle.<\/p>\n<p>De nombreux danseurs sont attendus.<\/p>\n<p>Un rendez-vous \u00e0 ne pas manquer !<\/p>\n<p><strong>Tarifs :<\/strong><br \/>\nEntr\u00e9e : 8\u20ac<\/p>\n<p>Contact : <a href=\"https:\/\/www.o-p-i.fr\/aupays\/annuaire\/loisirs\/lo-reviscol-de-saint-nauphary\/\" rel=\"bookmark\">Lo R\u00e9viscol de Saint Nauphary<\/a><\/p>\n<div class=\"entry-thumbnails\"><a href=\"https:\/\/www.o-p-i.fr\/aupays\/annuaire\/loisirs\/lo-reviscol-de-saint-nauphary\/\"><img decoding=\"async\" title=\"Lo R\u00e9viscol de Saint Nauphary\" src=\"https:\/\/www.o-p-i.fr\/aupays\/wp-content\/themes\/arras-theme\/library\/timthumb.php?src=https:\/\/www.o-p-i.fr\/aupays\/wp-content\/uploads\/loreviscol.jpg&amp;w=190&amp;h=100&amp;zc=1\" alt=\"Lo R\u00e9viscol de Saint Nauphary\" \/><\/a><span class=\"entry-meta\"><abbr class=\"published\" title=\"2015-11-19T13:00:03+00:00\">&#8230;<\/abbr><\/span><\/div>\n<p><em>Communiqu\u00e9 par Robert Linas<\/em><\/p>\n","protected":false},"excerpt":{"rendered":"<div class=\"mh-excerpt\">L&rsquo;association Lo Revisc\u00f2l organise un bal traditionnel Samedi 20 F\u00e9vrier 2016 \u00e0 21 heures \u00e0 la salle des f\u00eates.<\/div>\n","protected":false},"author":2,"featured_media":0,"comment_status":"open","ping_status":"open","sticky":false,"template":"","format":"standard","meta":{"om_disable_all_campaigns":false,"advanced_seo_description":"","jetpack_seo_html_title":"","jetpack_seo_noindex":false,"_jetpack_memberships_contains_paid_content":false,"footnotes":"","_links_to":"","_links_to_target":""},"categories":[54,17,2403],"tags":[62,2542,133,156,336,2015],"class_list":{"0":"post-28808","1":"post","2":"type-post","3":"status-publish","4":"format-standard","6":"category-loisirs","7":"category-saint_nauphary","8":"category-n-119-fevrier-2016","9":"tag-occitan","10":"tag-saint_nauphary","11":"tag-occitanie","12":"tag-bal","13":"tag-lo-reviscol","14":"tag-bal-occitan"},"jetpack_featured_media_url":"","views":{"total":0,"cached_at":"","cached_date":1738471237},"jetpack_likes_enabled":true,"jetpack_sharing_enabled":true,"jetpack_shortlink":"https:\/\/wp.me\/pg7Wxj-7uE","jetpack-related-posts":[],"_links":{"self":[{"href":"https:\/\/www.o-p-i.fr\/parlonsen\/wp-json\/wp\/v2\/posts\/28808","targetHints":{"allow":["GET"]}}],"collection":[{"href":"https:\/\/www.o-p-i.fr\/parlonsen\/wp-json\/wp\/v2\/posts"}],"about":[{"href":"https:\/\/www.o-p-i.fr\/parlonsen\/wp-json\/wp\/v2\/types\/post"}],"author":[{"embeddable":true,"href":"https:\/\/www.o-p-i.fr\/parlonsen\/wp-json\/wp\/v2\/users\/2"}],"replies":[{"embeddable":true,"href":"https:\/\/www.o-p-i.fr\/parlonsen\/wp-json\/wp\/v2\/comments?post=28808"}],"version-history":[{"count":0,"href":"https:\/\/www.o-p-i.fr\/parlonsen\/wp-json\/wp\/v2\/posts\/28808\/revisions"}],"wp:attachment":[{"href":"https:\/\/www.o-p-i.fr\/parlonsen\/wp-json\/wp\/v2\/media?parent=28808"}],"wp:term":[{"taxonomy":"category","embeddable":true,"href":"https:\/\/www.o-p-i.fr\/parlonsen\/wp-json\/wp\/v2\/categories?post=28808"},{"taxonomy":"post_tag","embeddable":true,"href":"https:\/\/www.o-p-i.fr\/parlonsen\/wp-json\/wp\/v2\/tags?post=28808"}],"curies":[{"name":"wp","href":"https:\/\/api.w.org\/{rel}","templated":true}]}}