{"id":28904,"date":"2016-02-22T23:11:31","date_gmt":"2016-02-22T22:11:31","guid":{"rendered":"\/parlonsen\/?p=28904"},"modified":"2016-02-22T23:28:10","modified_gmt":"2016-02-22T22:28:10","slug":"salon-photo-fotograffronton-2016-a-fronton-31","status":"publish","type":"post","link":"https:\/\/www.o-p-i.fr\/parlonsen\/parlons-en\/culture\/salon-photo-fotograffronton-2016-a-fronton-31\/","title":{"rendered":"\u00ab\u00a0Salon photo Fotograf&rsquo;@Fronton\u00a0\u00bb 2016 &#8230; \u00e0 Fronton (31)"},"content":{"rendered":"<p style=\"text-align: justify;\">Le salon Fotograf&rsquo;@Fronton 2016 ouvrira ses portes le <strong>Vendredi 4 Mars 2016<\/strong> \u00e0 19h et se d\u00e9roulera les week-end du 5, 6 et 12, 13 mars 2016.<!--more--><\/p>\n<figure id=\"attachment_28905\" aria-describedby=\"caption-attachment-28905\" style=\"width: 226px\" class=\"wp-caption alignright\"><a href=\"https:\/\/i0.wp.com\/www.o-p-i.fr\/parlonsen\/wp-content\/uploads\/affiche-fotographfronton2016.jpg?ssl=1\"><img data-recalc-dims=\"1\" loading=\"lazy\" decoding=\"async\" class=\"size-medium wp-image-28905\" src=\"https:\/\/i0.wp.com\/www.o-p-i.fr\/parlonsen\/wp-content\/uploads\/affiche-fotographfronton2016.jpg?resize=226%2C300&#038;ssl=1\" alt=\"&quot;Salon photo Fotograf'@Fronton&quot; 2016\" width=\"226\" height=\"300\" srcset=\"https:\/\/i0.wp.com\/www.o-p-i.fr\/parlonsen\/wp-content\/uploads\/affiche-fotographfronton2016.jpg?resize=226%2C300&amp;ssl=1 226w, https:\/\/i0.wp.com\/www.o-p-i.fr\/parlonsen\/wp-content\/uploads\/affiche-fotographfronton2016.jpg?resize=113%2C150&amp;ssl=1 113w, https:\/\/i0.wp.com\/www.o-p-i.fr\/parlonsen\/wp-content\/uploads\/affiche-fotographfronton2016.jpg?resize=400%2C531&amp;ssl=1 400w, https:\/\/i0.wp.com\/www.o-p-i.fr\/parlonsen\/wp-content\/uploads\/affiche-fotographfronton2016.jpg?w=600&amp;ssl=1 600w\" sizes=\"auto, (max-width: 226px) 100vw, 226px\" \/><\/a><figcaption id=\"caption-attachment-28905\" class=\"wp-caption-text\">\u00ab\u00a0Salon photo Fotograf&rsquo;@Fronton\u00a0\u00bb 2016<\/figcaption><\/figure>\n<p>Vous pourrez y admirer des expositions photos :<br \/>\n&#8211; les photos de 3 invit\u00e9s d&rsquo;honneur : Elena Chernyshova, Pierre Beteille et Rithideth Kitishrivoraphan<br \/>\n&#8211; les photos de clubs de la r\u00e9gion<br \/>\n&#8211; les photos des membres du club photo de Fronton<\/p>\n<p>Vous pourrez \u00e9galement vous faire prendre en photo studio, participer \u00e0 un marathon photo, acheter, vendre ou d\u00e9couvrir du mat\u00e9riel, assister \u00e0 des d\u00e9monstrations, \u00e0 des initiations \u00e0 la photographie ou \u00e0 des logiciels&#8230;. le tout, dans la bonne humeur et la convivialit\u00e9<\/p>\n<p>N&rsquo;h\u00e9sitez pas \u00e0 venir nous rencontrer !<\/p>\n<p>Une exposition se tiendra \u00e9galement \u00e0 la m\u00e9diath\u00e8que de Fronton et \u00e0 la cave Mouisset)<\/p>\n<p>Enfin, en partenariat avec le salon, le cin\u00e9ma de Fronton organisera 2 projections, les 9 et 11 mars : le film \u00ab\u00a0blow up\u00a0\u00bb et \u00ab\u00a0l&rsquo;\u00e9preuve\u00a0\u00bb, film de 2015 avec Juliette Binoche<\/p>\n<p><strong> Pour y aller &#8230;<\/strong><br \/>\nEspace G\u00e9rard Philipe<br \/>\n31620 Fronton<\/p>\n<p style=\"text-align: justify;\"><a href=\"https:\/\/www.o-p-i.fr\/parlonsen\/wp-content\/uploads\/fotpographfronton2016.pdf\">Voir le programme complet<\/a><\/p>\n<p style=\"text-align: justify;\"><strong>Contact : <\/strong>Club Photo de Fronton<br \/>\nSite : <a href=\"http:\/\/www.photofronton.fr\">www.photofronton.fr<\/a><\/p>\n<p style=\"text-align: justify;\"><em>Communiqu\u00e9 de St\u00e9phanie Marie<\/em><\/p>\n","protected":false},"excerpt":{"rendered":"<div class=\"mh-excerpt\">Le salon Fotograf&rsquo;@Fronton 2016 ouvrira ses portes le Vendredi 4 Mars 2016 \u00e0 19h et se d\u00e9roulera les week-end du 5, 6 et 12, 13 mars 2016.<\/div>\n","protected":false},"author":2,"featured_media":0,"comment_status":"open","ping_status":"open","sticky":false,"template":"","format":"standard","meta":{"om_disable_all_campaigns":false,"advanced_seo_description":"","jetpack_seo_html_title":"","jetpack_seo_noindex":false,"_jetpack_memberships_contains_paid_content":false,"footnotes":"","_links_to":"","_links_to_target":""},"categories":[4,42,1,725,54,2415],"tags":[106,498,1515,1684],"class_list":{"0":"post-28904","1":"post","2":"type-post","3":"status-publish","4":"format-standard","6":"category-commerce","7":"category-a-cote-de-chez-nous","8":"category-culture","9":"category-formation-parlons-en","10":"category-loisirs","11":"category-n-120-mars-2016","12":"tag-photo","13":"tag-salon","14":"tag-photographie","15":"tag-fronton"},"jetpack_featured_media_url":"","views":{"total":0,"cached_at":"","cached_date":1738295881},"jetpack_likes_enabled":true,"jetpack_sharing_enabled":true,"jetpack_shortlink":"https:\/\/wp.me\/pg7Wxj-7wc","jetpack-related-posts":[],"_links":{"self":[{"href":"https:\/\/www.o-p-i.fr\/parlonsen\/wp-json\/wp\/v2\/posts\/28904","targetHints":{"allow":["GET"]}}],"collection":[{"href":"https:\/\/www.o-p-i.fr\/parlonsen\/wp-json\/wp\/v2\/posts"}],"about":[{"href":"https:\/\/www.o-p-i.fr\/parlonsen\/wp-json\/wp\/v2\/types\/post"}],"author":[{"embeddable":true,"href":"https:\/\/www.o-p-i.fr\/parlonsen\/wp-json\/wp\/v2\/users\/2"}],"replies":[{"embeddable":true,"href":"https:\/\/www.o-p-i.fr\/parlonsen\/wp-json\/wp\/v2\/comments?post=28904"}],"version-history":[{"count":0,"href":"https:\/\/www.o-p-i.fr\/parlonsen\/wp-json\/wp\/v2\/posts\/28904\/revisions"}],"wp:attachment":[{"href":"https:\/\/www.o-p-i.fr\/parlonsen\/wp-json\/wp\/v2\/media?parent=28904"}],"wp:term":[{"taxonomy":"category","embeddable":true,"href":"https:\/\/www.o-p-i.fr\/parlonsen\/wp-json\/wp\/v2\/categories?post=28904"},{"taxonomy":"post_tag","embeddable":true,"href":"https:\/\/www.o-p-i.fr\/parlonsen\/wp-json\/wp\/v2\/tags?post=28904"}],"curies":[{"name":"wp","href":"https:\/\/api.w.org\/{rel}","templated":true}]}}