{"id":28942,"date":"2016-02-24T17:44:28","date_gmt":"2016-02-24T16:44:28","guid":{"rendered":"\/parlonsen\/?p=28942"},"modified":"2016-02-24T17:44:28","modified_gmt":"2016-02-24T16:44:28","slug":"soiree-aligot-saucisse-a-le-born-31","status":"publish","type":"post","link":"https:\/\/www.o-p-i.fr\/parlonsen\/localisation\/au-pays-des-tescous\/le-born\/soiree-aligot-saucisse-a-le-born-31\/","title":{"rendered":"Soir\u00e9e Aligot-Saucisse &#8230; \u00e0 Le Born (31)"},"content":{"rendered":"<p>Les Copains du Born vous attendent nombreux le <strong>Samedi 19 Mars 2016<\/strong> \u00e0 20h, \u00e0 la Salle des F\u00eates du village.<!--more--><\/p>\n<p>Au Menu :<br \/>\nAp\u00e9ritif<br \/>\nSalade de G\u00e9siers<br \/>\nAligot-Saucisse<br \/>\nDessert<br \/>\nVin-Caf\u00e9<\/p>\n<p>Apportez vos couverts !<\/p>\n<p>Places Limit\u00e9es. Inscriptions et paiement <span style=\"text-decoration: underline;\">avant le 11 Mars 2016<\/span>.<br \/>\nPaiement par ch\u00e8que \u00e0 l&rsquo;ordre des Copains du Born (\u00e0 d\u00e9poser dans la boite aux lettres de la Mairie).<\/p>\n<p><strong>Tarifs :<\/strong><br \/>\nAdultes : 15 \u20ac<br \/>\nEnfants (de 6 \u00e0 12 ans) : 7 \u20ac<\/p>\n<p><strong>Contact :<\/strong> <a href=\"https:\/\/www.o-p-i.fr\/aupays\/annuaire\/loisirs\/les-copains-du-born\/\" rel=\"bookmark\">Les Copains du Born<\/a><\/p>\n<div class=\"entry-thumbnails\"><a href=\"https:\/\/www.o-p-i.fr\/aupays\/annuaire\/loisirs\/les-copains-du-born\/\"><img decoding=\"async\" title=\"Les Copains du Born\" src=\"https:\/\/www.o-p-i.fr\/aupays\/wp-content\/themes\/arras-theme\/library\/timthumb.php?src=https:\/\/www.o-p-i.fr\/aupays\/wp-content\/uploads\/logo_copainleborn.jpg&amp;w=190&amp;h=100&amp;zc=1\" alt=\"Les Copains du Born\" \/><\/a><span class=\"entry-meta\"><abbr class=\"published\" title=\"2015-02-10T22:29:18+00:00\">&#8230;<\/abbr><\/span><\/div>\n<div class=\"entry-thumbnails\">T\u00e9l. : 06 38 89 28 48 (Anne Marie SVOBODNY)<\/div>\n<div class=\"entry-thumbnails\"><\/div>\n<div class=\"entry-thumbnails\"><em>Communiqu\u00e9 par Nadine Bouzinac, Secr\u00e9taire de Mairie<\/em><\/div>\n<h3 class=\"entry-title\"><\/h3>\n","protected":false},"excerpt":{"rendered":"<div class=\"mh-excerpt\">Les Copains du Born vous attendent nombreux le Samedi 19 Mars 2016 \u00e0 20h, \u00e0 la Salle des F\u00eates du village.<\/div>\n","protected":false},"author":2,"featured_media":0,"comment_status":"open","ping_status":"open","sticky":false,"template":"","format":"standard","meta":{"om_disable_all_campaigns":false,"advanced_seo_description":"","jetpack_seo_html_title":"","jetpack_seo_noindex":false,"_jetpack_memberships_contains_paid_content":false,"footnotes":"","_links_to":"","_links_to_target":""},"categories":[26,54,2415],"tags":[157,2549],"class_list":{"0":"post-28942","1":"post","2":"type-post","3":"status-publish","4":"format-standard","6":"category-le-born","7":"category-loisirs","8":"category-n-120-mars-2016","9":"tag-repas","10":"tag-le-born"},"jetpack_featured_media_url":"","views":{"total":0,"cached_at":"","cached_date":1738314938},"jetpack_likes_enabled":true,"jetpack_sharing_enabled":true,"jetpack_shortlink":"https:\/\/wp.me\/pg7Wxj-7wO","jetpack-related-posts":[],"_links":{"self":[{"href":"https:\/\/www.o-p-i.fr\/parlonsen\/wp-json\/wp\/v2\/posts\/28942","targetHints":{"allow":["GET"]}}],"collection":[{"href":"https:\/\/www.o-p-i.fr\/parlonsen\/wp-json\/wp\/v2\/posts"}],"about":[{"href":"https:\/\/www.o-p-i.fr\/parlonsen\/wp-json\/wp\/v2\/types\/post"}],"author":[{"embeddable":true,"href":"https:\/\/www.o-p-i.fr\/parlonsen\/wp-json\/wp\/v2\/users\/2"}],"replies":[{"embeddable":true,"href":"https:\/\/www.o-p-i.fr\/parlonsen\/wp-json\/wp\/v2\/comments?post=28942"}],"version-history":[{"count":0,"href":"https:\/\/www.o-p-i.fr\/parlonsen\/wp-json\/wp\/v2\/posts\/28942\/revisions"}],"wp:attachment":[{"href":"https:\/\/www.o-p-i.fr\/parlonsen\/wp-json\/wp\/v2\/media?parent=28942"}],"wp:term":[{"taxonomy":"category","embeddable":true,"href":"https:\/\/www.o-p-i.fr\/parlonsen\/wp-json\/wp\/v2\/categories?post=28942"},{"taxonomy":"post_tag","embeddable":true,"href":"https:\/\/www.o-p-i.fr\/parlonsen\/wp-json\/wp\/v2\/tags?post=28942"}],"curies":[{"name":"wp","href":"https:\/\/api.w.org\/{rel}","templated":true}]}}