{"id":29183,"date":"2016-03-22T22:14:31","date_gmt":"2016-03-22T21:14:31","guid":{"rendered":"\/parlonsen\/?p=29183"},"modified":"2016-03-22T22:14:31","modified_gmt":"2016-03-22T21:14:31","slug":"inauguration-du-carrefour-contact-a-monclar-de-quercy-82","status":"publish","type":"post","link":"https:\/\/www.o-p-i.fr\/parlonsen\/parlons-en\/commerce\/inauguration-du-carrefour-contact-a-monclar-de-quercy-82\/","title":{"rendered":"Inauguration du Carrefour Contact &#8230; \u00e0 Monclar de Quercy (82)"},"content":{"rendered":"<p style=\"text-align: justify;\">Lundi \u00e0 19 heures a eu lieu l&rsquo;inauguration du Magasin Carrefour Contact que les nombreux invit\u00e9s ont pu visiter. Un magasin de 670 m2, rayons color\u00e9s, mobilier moderne&#8230;<!--more--><\/p>\n<figure id=\"attachment_29184\" aria-describedby=\"caption-attachment-29184\" style=\"width: 300px\" class=\"wp-caption alignright\"><a href=\"https:\/\/i0.wp.com\/www.o-p-i.fr\/parlonsen\/wp-content\/uploads\/jpa_sylviemaltrat_carrefourcontact_monclar.jpg?ssl=1\"><img data-recalc-dims=\"1\" loading=\"lazy\" decoding=\"async\" class=\"size-medium wp-image-29184\" src=\"https:\/\/i0.wp.com\/www.o-p-i.fr\/parlonsen\/wp-content\/uploads\/jpa_sylviemaltrat_carrefourcontact_monclar.jpg?resize=300%2C200&#038;ssl=1\" alt=\"Jean-Paul Albert  et Sylvie Maltrat \u00e0 l'inauguration du Carrefour Contact - Monclar de Quercy (82)\" width=\"300\" height=\"200\" srcset=\"https:\/\/i0.wp.com\/www.o-p-i.fr\/parlonsen\/wp-content\/uploads\/jpa_sylviemaltrat_carrefourcontact_monclar.jpg?resize=300%2C200&amp;ssl=1 300w, https:\/\/i0.wp.com\/www.o-p-i.fr\/parlonsen\/wp-content\/uploads\/jpa_sylviemaltrat_carrefourcontact_monclar.jpg?resize=150%2C100&amp;ssl=1 150w, https:\/\/i0.wp.com\/www.o-p-i.fr\/parlonsen\/wp-content\/uploads\/jpa_sylviemaltrat_carrefourcontact_monclar.jpg?resize=400%2C267&amp;ssl=1 400w, https:\/\/i0.wp.com\/www.o-p-i.fr\/parlonsen\/wp-content\/uploads\/jpa_sylviemaltrat_carrefourcontact_monclar.jpg?w=800&amp;ssl=1 800w\" sizes=\"auto, (max-width: 300px) 100vw, 300px\" \/><\/a><figcaption id=\"caption-attachment-29184\" class=\"wp-caption-text\">Jean-Paul Albert et Sylvie Maltrat \u00e0 l&rsquo;inauguration du Carrefour Contact &#8211; Monclar de Quercy (82)<\/figcaption><\/figure>\n<p style=\"text-align: justify;\">Dans son intervention le Maire Jean-Paul Albert retra\u00e7a l&rsquo;historique avec, d&rsquo;abord, la cr\u00e9ation d&rsquo;un magasin \u00e0 l&rsquo;enseigne SPAR dans le village, puis la cr\u00e9ation au bas du village du 8 \u00e0 huit et, maintenant l&rsquo;agrandissement et la cr\u00e9ation de Carrefour Contact.<\/p>\n<p style=\"text-align: justify;\">Sylvie Maltrat remercia tous ceux qui l&rsquo;ont accompagn\u00e9e dans cette aventure. Elle cita les entreprises ayant r\u00e9alis\u00e9 les travaux, la plupart \u00e9tant du secteur.<\/p>\n<p style=\"text-align: justify;\">Carrefour Contact ouvrira ses portes mercredi 23 mars 2016 au matin. Il sera ouvert tous les jours de 8h \u00e0 20h et le dimanche de 9h \u00e0 13h.<br \/>\nVous pourrez retrouver tous les atouts de Carrefour pr\u00e8s de chez vous : toutes les gammes des produits Carrefour, des produits innovants et de grandes marques, la carte de fid\u00e9lit\u00e9, des offres promotionnelles r\u00e9guli\u00e8res.<br \/>\nVous trouverez aussi la boucherie ; un rayon d\u00e9di\u00e9 aux produits bio et di\u00e9t\u00e9tiques, une s\u00e9lection de sp\u00e9cialit\u00e9 de notre r\u00e9gion, des produits Reflets de France.<br \/>\nVous appr\u00e9cierez les produits art de la table, linge de maison, collection textile pour toute la famille.<br \/>\nTous les jours vous seront propos\u00e9s 5 fruits et l\u00e9gumes \u00e0 moins de 1\u20ac, du poulet r\u00f4ti, 4 cuissons de pain par jour&#8230;<\/p>\n<p style=\"text-align: justify;\"><em>Communiqu\u00e9 de Robert Linas<\/em><\/p>\n","protected":false},"excerpt":{"rendered":"<div class=\"mh-excerpt\">Lundi \u00e0 19 heures a eu lieu l&rsquo;inauguration du Magasin Carrefour Contact que les nombreux invit\u00e9s ont pu visiter. Un magasin de 670 m2, rayons color\u00e9s, mobilier moderne&#8230;<\/div>\n","protected":false},"author":2,"featured_media":0,"comment_status":"open","ping_status":"open","sticky":false,"template":"","format":"standard","meta":{"om_disable_all_campaigns":false,"advanced_seo_description":"","jetpack_seo_html_title":"","jetpack_seo_noindex":false,"_jetpack_memberships_contains_paid_content":false,"footnotes":"","_links_to":"","_links_to_target":""},"categories":[4,1276,16,6,2415],"tags":[2541,2540,1038,1039],"class_list":{"0":"post-29183","1":"post","2":"type-post","3":"status-publish","4":"format-standard","6":"category-commerce","7":"category-economie-parlons-en","8":"category-monclar","9":"category-pratique","10":"category-n-120-mars-2016","11":"tag-monclar","12":"tag-commerce","13":"tag-pole-commercial","14":"tag-inauguration"},"jetpack_featured_media_url":"","views":{"total":2,"cached_at":"","cached_date":1738476522},"jetpack_likes_enabled":true,"jetpack_sharing_enabled":true,"jetpack_shortlink":"https:\/\/wp.me\/pg7Wxj-7AH","jetpack-related-posts":[],"_links":{"self":[{"href":"https:\/\/www.o-p-i.fr\/parlonsen\/wp-json\/wp\/v2\/posts\/29183","targetHints":{"allow":["GET"]}}],"collection":[{"href":"https:\/\/www.o-p-i.fr\/parlonsen\/wp-json\/wp\/v2\/posts"}],"about":[{"href":"https:\/\/www.o-p-i.fr\/parlonsen\/wp-json\/wp\/v2\/types\/post"}],"author":[{"embeddable":true,"href":"https:\/\/www.o-p-i.fr\/parlonsen\/wp-json\/wp\/v2\/users\/2"}],"replies":[{"embeddable":true,"href":"https:\/\/www.o-p-i.fr\/parlonsen\/wp-json\/wp\/v2\/comments?post=29183"}],"version-history":[{"count":0,"href":"https:\/\/www.o-p-i.fr\/parlonsen\/wp-json\/wp\/v2\/posts\/29183\/revisions"}],"wp:attachment":[{"href":"https:\/\/www.o-p-i.fr\/parlonsen\/wp-json\/wp\/v2\/media?parent=29183"}],"wp:term":[{"taxonomy":"category","embeddable":true,"href":"https:\/\/www.o-p-i.fr\/parlonsen\/wp-json\/wp\/v2\/categories?post=29183"},{"taxonomy":"post_tag","embeddable":true,"href":"https:\/\/www.o-p-i.fr\/parlonsen\/wp-json\/wp\/v2\/tags?post=29183"}],"curies":[{"name":"wp","href":"https:\/\/api.w.org\/{rel}","templated":true}]}}