{"id":29221,"date":"2016-03-25T10:47:22","date_gmt":"2016-03-25T09:47:22","guid":{"rendered":"\/parlonsen\/?p=29221"},"modified":"2016-03-25T11:41:10","modified_gmt":"2016-03-25T10:41:10","slug":"en-attendant-lete-a-vaour-81","status":"publish","type":"post","link":"https:\/\/www.o-p-i.fr\/parlonsen\/parlons-en\/culture\/en-attendant-lete-a-vaour-81\/","title":{"rendered":"En attendant l&rsquo;\u00e9t\u00e9 &#8230; \u00e0 Vaour (81)"},"content":{"rendered":"<p>Rendez-vous le\u00a0 <strong>Samedi 16 avril 2016<\/strong>, pour une soir\u00e9e entre th\u00e9\u00e2tre jongl\u00e9 et blues d\u00e9jant\u00e9.<!--more--><\/p>\n<p>&nbsp;<\/p>\n<p><strong>Une nouvelle exp\u00e9rience \u00e0 L\u2019\u00e9t\u00e9 de Vaour !<\/strong><\/p>\n<figure id=\"attachment_29222\" aria-describedby=\"caption-attachment-29222\" style=\"width: 480px\" class=\"wp-caption alignright\"><a href=\"https:\/\/i0.wp.com\/www.o-p-i.fr\/parlonsen\/wp-content\/uploads\/flyer-16avril-vaour.jpg?ssl=1\"><img data-recalc-dims=\"1\" loading=\"lazy\" decoding=\"async\" class=\"size-full wp-image-29222\" src=\"https:\/\/i0.wp.com\/www.o-p-i.fr\/parlonsen\/wp-content\/uploads\/flyer-16avril-vaour.jpg?resize=480%2C960&#038;ssl=1\" alt=\"Vaour (81)\" width=\"480\" height=\"960\" srcset=\"https:\/\/i0.wp.com\/www.o-p-i.fr\/parlonsen\/wp-content\/uploads\/flyer-16avril-vaour.jpg?w=480&amp;ssl=1 480w, https:\/\/i0.wp.com\/www.o-p-i.fr\/parlonsen\/wp-content\/uploads\/flyer-16avril-vaour.jpg?resize=150%2C300&amp;ssl=1 150w, https:\/\/i0.wp.com\/www.o-p-i.fr\/parlonsen\/wp-content\/uploads\/flyer-16avril-vaour.jpg?resize=75%2C150&amp;ssl=1 75w, https:\/\/i0.wp.com\/www.o-p-i.fr\/parlonsen\/wp-content\/uploads\/flyer-16avril-vaour.jpg?resize=400%2C800&amp;ssl=1 400w\" sizes=\"auto, (max-width: 480px) 100vw, 480px\" \/><\/a><figcaption id=\"caption-attachment-29222\" class=\"wp-caption-text\">Vaour (81)<\/figcaption><\/figure>\n<p style=\"text-align: justify;\">L\u2019\u00e9t\u00e9 de Vaour \u0153uvre depuis des ann\u00e9es \u00e0 l\u2019organisation du festival du m\u00eame nom bien s\u00fbr, mais d\u00e9fend \u00e9galement une s\u00e9rie de rendez-vous culturels tout au long de l\u2019ann\u00e9e. Une saison \u00e0 l\u2019ann\u00e9e qui se d\u00e9veloppe au Th\u00e9\u00e2tre de la Commanderie et sur le territoire de la Communaut\u00e9 de Communes du Cordais et du Causse.<br \/>\nDans ce cadre-l\u00e0, nous avons la volont\u00e9 de d\u00e9velopper une s\u00e9rie d\u2019\u00e9v\u00e8nements r\u00e9guliers, m\u00ealant comme pendant le festival ap\u00e9ro-concert, spectacle et bon repas dans une ambiance chaleureuse et conviviale. L\u2019id\u00e9e \u00e9tant de rassembler le public de L\u2019\u00e9t\u00e9 de Vaour, hors festival, sur des soir\u00e9es pluridisciplinaires.<br \/>\nCes \u00e9v\u00e8nements seront fabriqu\u00e9s en lien avec d\u2019autres associations du territoire, pour multiplier les collaborations et enrichir le contenu de l\u2019\u00e9v\u00e8nement.<br \/>\nUne premi\u00e8re exp\u00e9rience aura lieu avec l\u2019association Son Phonore et le collectif de La Laiterie le Samedi 16 avril 2016, pour une soir\u00e9e entre th\u00e9\u00e2tre jongl\u00e9 et blues d\u00e9jant\u00e9.<\/p>\n<p style=\"text-align: justify;\">Venez nombreux soutenir cette initiative, et par la m\u00eame occasion soutenir l\u2019organisation du prochain festival L\u2019\u00e9t\u00e9 de Vaour qui aura lieu <strong>du 3 au 7 ao\u00fbt 2016.<\/strong><\/p>\n<p><strong>Programme<\/strong><\/p>\n<ul>\n<li style=\"text-align: justify;\"><strong>19h au Th\u00e9\u00e2tre de la Commanderie \u00b7 Spectacles propos\u00e9s par L\u2019\u00e9t\u00e9 de Vaour<\/strong><br \/>\nCompagnie Alchym\u00e8re (Collectif La Laiterie)<br \/>\n\u2018\u2018En Para\/\/\u00e8le\u2019\u2019 Bricoleur sensible et touchant, Jean Pichon (interpr\u00e9t\u00e9 par J\u00e9r\u00f4me Le Berre) vit \u00e0 Pigoule, dans un espace-temps un peu d\u00e9cal\u00e9. F\u00e9ru conteur d\u2019anecdotes incroyablement peu incroyables, Jean pr\u00e9pare d\u2019arrache-pied son nouveau spectacle de jonglerie pour la grande kermesse de Pigoule. Cette ann\u00e9e, le th\u00e8me c\u2019est le Futur ! Venez le soutenir avant le grand show \u00e0 Pigoule !!!<br \/>\nEn 1\u00e8re partie, Fran\u00e7ois Bouille alias \u2018\u2018Igor\u2019\u2019 de la Cie Alchym\u00e8re pr\u00e9sentera son spectacle en construction \u2018\u2018Par del\u00e0 le vortex\u2019\u2019.<\/li>\n<li><strong>20h \u00e0 la salle des f\u00eates de Vaour \u00b7 Repas + buvette<\/strong><\/li>\n<li style=\"text-align: justify;\"><strong>21h30 \u00e0 la salle des f\u00eates de Vaour \u00b7 Concerts propos\u00e9s par Sonphonor<\/strong><br \/>\n&#8211; <strong>La Bedoune<\/strong> Acoustic blues &amp; soul live music<br \/>\nDuo blues, soul dans son plus simple apparat : une guitare\/ grosse caisse , une voix, une basse\/tambourin<br \/>\n&#8211; <strong>Chapel Hill<\/strong> Rock\/blues\/folk<br \/>\nUn nom qui campe l\u2019ambiance de son rock originel et primitif.<br \/>\nUne musique au sang m\u00eal\u00e9 orchestr\u00e9e par des bandits de grand chemin, qui expose \u00e0 toutes les embard\u00e9es de l\u2019\u00e2me humaine.<\/li>\n<\/ul>\n<p><strong>Tarifs :<\/strong><br \/>\nPack (Spectacle + Repas + Concert )\u00a0 :<br \/>\nNormal : 18\u20ac\u00a0 \/ R\u00e9duit : 5\u20ac<\/p>\n<p>Spectacles :<br \/>\nNormal : 8\u20ac\u00a0 \/ R\u00e9duit : 6\u20ac<\/p>\n<p>Repas :<br \/>\nUnique : 7\u20ac<\/p>\n<p>Concerts :<br \/>\nNormal : 8\u20ac\u00a0 \/ R\u00e9duit : 6\u20ac<\/p>\n<p><a href=\"https:\/\/etedevaour.festik.net\" target=\"_blank\">Billetterie en ligne<\/a><\/p>\n<p><strong>Contact :<\/strong> <a href=\"https:\/\/www.o-p-i.fr\/aupays\/annuaire\/ete-de-vaour\/\" rel=\"bookmark\">Et\u00e9 de Vaour<\/a><\/p>\n<div class=\"entry-thumbnails\"><a href=\"https:\/\/www.o-p-i.fr\/aupays\/annuaire\/ete-de-vaour\/\"><img decoding=\"async\" title=\"Et\u00e9 de Vaour\" src=\"https:\/\/www.o-p-i.fr\/aupays\/wp-content\/themes\/arras-theme\/library\/timthumb.php?src=https:\/\/www.o-p-i.fr\/aupays\/wp-content\/uploads\/logo_etedevaour2.jpg&amp;w=190&amp;h=100&amp;zc=1\" alt=\"Et\u00e9 de Vaour\" \/><\/a><span class=\"entry-meta\"><abbr class=\"published\" title=\"2016-03-25T10:30:10+00:00\">&#8230;<\/abbr><\/span><\/div>\n<div class=\"entry-thumbnails\"><\/div>\n<div class=\"entry-thumbnails\"><em>Communiqu\u00e9 par \u00c9mile Ricard<\/em><\/div>\n<h3 class=\"entry-title\"><\/h3>\n","protected":false},"excerpt":{"rendered":"<div class=\"mh-excerpt\">Rendez-vous le\u00a0 Samedi 16 avril 2016, pour une soir\u00e9e entre th\u00e9\u00e2tre jongl\u00e9 et blues d\u00e9jant\u00e9.<\/div>\n","protected":false},"author":2,"featured_media":0,"comment_status":"open","ping_status":"open","sticky":false,"template":"","format":"standard","meta":{"om_disable_all_campaigns":false,"advanced_seo_description":"","jetpack_seo_html_title":"","jetpack_seo_noindex":false,"_jetpack_memberships_contains_paid_content":false,"footnotes":"","_links_to":"","_links_to_target":""},"categories":[42,1,54,2416],"tags":[232,43,57,132,157,187],"class_list":{"0":"post-29221","1":"post","2":"type-post","3":"status-publish","4":"format-standard","6":"category-a-cote-de-chez-nous","7":"category-culture","8":"category-loisirs","9":"category-n-121-avril-2016","10":"tag-ete-de-vaour","11":"tag-concert","12":"tag-theatre","13":"tag-spectacle","14":"tag-repas","15":"tag-vaour"},"jetpack_featured_media_url":"","views":{"total":0,"cached_at":"","cached_date":1738454108},"jetpack_likes_enabled":true,"jetpack_sharing_enabled":true,"jetpack_shortlink":"https:\/\/wp.me\/pg7Wxj-7Bj","jetpack-related-posts":[],"_links":{"self":[{"href":"https:\/\/www.o-p-i.fr\/parlonsen\/wp-json\/wp\/v2\/posts\/29221","targetHints":{"allow":["GET"]}}],"collection":[{"href":"https:\/\/www.o-p-i.fr\/parlonsen\/wp-json\/wp\/v2\/posts"}],"about":[{"href":"https:\/\/www.o-p-i.fr\/parlonsen\/wp-json\/wp\/v2\/types\/post"}],"author":[{"embeddable":true,"href":"https:\/\/www.o-p-i.fr\/parlonsen\/wp-json\/wp\/v2\/users\/2"}],"replies":[{"embeddable":true,"href":"https:\/\/www.o-p-i.fr\/parlonsen\/wp-json\/wp\/v2\/comments?post=29221"}],"version-history":[{"count":0,"href":"https:\/\/www.o-p-i.fr\/parlonsen\/wp-json\/wp\/v2\/posts\/29221\/revisions"}],"wp:attachment":[{"href":"https:\/\/www.o-p-i.fr\/parlonsen\/wp-json\/wp\/v2\/media?parent=29221"}],"wp:term":[{"taxonomy":"category","embeddable":true,"href":"https:\/\/www.o-p-i.fr\/parlonsen\/wp-json\/wp\/v2\/categories?post=29221"},{"taxonomy":"post_tag","embeddable":true,"href":"https:\/\/www.o-p-i.fr\/parlonsen\/wp-json\/wp\/v2\/tags?post=29221"}],"curies":[{"name":"wp","href":"https:\/\/api.w.org\/{rel}","templated":true}]}}