{"id":29235,"date":"2016-03-29T17:19:59","date_gmt":"2016-03-29T16:19:59","guid":{"rendered":"\/parlonsen\/?p=29235"},"modified":"2016-03-29T17:21:45","modified_gmt":"2016-03-29T16:21:45","slug":"matieres-de-katherine-weiss-a-saint-nauphary-82","status":"publish","type":"post","link":"https:\/\/www.o-p-i.fr\/parlonsen\/parlons-en\/culture\/matieres-de-katherine-weiss-a-saint-nauphary-82\/","title":{"rendered":"Mati\u00e8res de Katherine Weiss &#8230; \u00e0 Saint-Nauphary (82)"},"content":{"rendered":"<p style=\"text-align: justify;\">En ce d\u00e9but du mois d&rsquo;avril, l&rsquo;association ST NO&rsquo;LIVRES est heureuse d&rsquo;ouvrir ses portes \u00e0 une artiste peintre \u00ab multi mat\u00e9riaux naturels \u00bb. R\u00e9sidente de la Sauzi\u00e8re St Jean, Katherine WEISS pr\u00e9sente sa s\u00e9rie \u00ab\u00a0MATIERES\u00a0\u00bb : huile et acrylique, techniques mixtes sur toile et bois, int\u00e9grant notamment \u00e0 ses travaux des \u00e9l\u00e9ments naturels tels que p\u00e9tales de fleurs, feuilles, sable, etc. &#8230;\u00a0 \u00e0 voir\u00a0 <strong>du 6 au 30 avril 2016<\/strong> \u00e0 la m\u00e9diath\u00e8que.<!--more--><\/p>\n<figure id=\"attachment_29236\" aria-describedby=\"caption-attachment-29236\" style=\"width: 232px\" class=\"wp-caption alignright\"><a href=\"https:\/\/i0.wp.com\/www.o-p-i.fr\/parlonsen\/wp-content\/uploads\/expo_katherineweiss.jpg?ssl=1\"><img data-recalc-dims=\"1\" loading=\"lazy\" decoding=\"async\" class=\"size-medium wp-image-29236\" src=\"https:\/\/i0.wp.com\/www.o-p-i.fr\/parlonsen\/wp-content\/uploads\/expo_katherineweiss.jpg?resize=232%2C300&#038;ssl=1\" alt=\"Exposition Mati\u00e8res de Katherine Weiss \" width=\"232\" height=\"300\" srcset=\"https:\/\/i0.wp.com\/www.o-p-i.fr\/parlonsen\/wp-content\/uploads\/expo_katherineweiss.jpg?resize=232%2C300&amp;ssl=1 232w, https:\/\/i0.wp.com\/www.o-p-i.fr\/parlonsen\/wp-content\/uploads\/expo_katherineweiss.jpg?resize=116%2C150&amp;ssl=1 116w, https:\/\/i0.wp.com\/www.o-p-i.fr\/parlonsen\/wp-content\/uploads\/expo_katherineweiss.jpg?resize=400%2C516&amp;ssl=1 400w, https:\/\/i0.wp.com\/www.o-p-i.fr\/parlonsen\/wp-content\/uploads\/expo_katherineweiss.jpg?w=592&amp;ssl=1 592w\" sizes=\"auto, (max-width: 232px) 100vw, 232px\" \/><\/a><figcaption id=\"caption-attachment-29236\" class=\"wp-caption-text\">Exposition Mati\u00e8res de Katherine Weiss<\/figcaption><\/figure>\n<p style=\"text-align: justify;\">Katherine WEISS vit depuis pr\u00e8s de 40 ans dans notre r\u00e9gion au milieu des bois. C&rsquo;est de cette v\u00e9g\u00e9tation riche : lichens, mousse, p\u00e9tales de fleurs, champignons parasites que lui vient ses inspirations imaginaires.<\/p>\n<p style=\"text-align: justify;\">Ces collages, le plus souvent sur bois, nous entra\u00eenent dans des paysages fantastiques, vagues de toutes les couleurs, en fusion ou en \u00e9mulsion mouvantes.<\/p>\n<p style=\"text-align: justify;\">Les r\u00e9sultats sont quelquefois surprenants et nous voil\u00e0 devant un portrait caricatur\u00e9 coiff\u00e9 d&rsquo;un champignon chapeau rigolo (l&rsquo;amadouvier).<\/p>\n<p style=\"text-align: justify;\">Autre technique, sur des petits formats, collage de p\u00e9tales de fleurs tr\u00e8s fines, peinture \u00e0 l&rsquo;huile et quelques couches de vernis pour obtenir une brillance fa\u00e7on laque : travail de fourmis !!!!<\/p>\n<p style=\"text-align: justify;\">Exposition \u00e0 voir o\u00f9 l&rsquo;on peut jouer \u00e0 travers le mat\u00e9riau utilis\u00e9 sur chaque \u0153uvres \u2026<\/p>\n<p style=\"text-align: justify;\">Ce sont ces techniques mixtes employ\u00e9es que les enfants adorent et les grands aussi !!!<\/p>\n<p><a href=\"https:\/\/www.o-p-i.fr\/aupays\/annuaire\/loisirs\/mediatheque-%e2%80%a6-a-saint-nauphary\/\">Horaires de la m\u00e9diath\u00e8que<\/a><\/p>\n<p style=\"text-align: justify;\"><strong>Contact :\u00a0 <\/strong><a href=\"https:\/\/www.o-p-i.fr\/aupays\/annuaire\/loisirs\/st-nolivres\/\" rel=\"bookmark\">St No\u2019Livres<\/a><\/p>\n<div class=\"entry-thumbnails\"><a href=\"https:\/\/www.o-p-i.fr\/aupays\/annuaire\/loisirs\/st-nolivres\/\"><img decoding=\"async\" title=\"St No\u2019Livres\" src=\"https:\/\/www.o-p-i.fr\/aupays\/wp-content\/themes\/arras-theme\/library\/timthumb.php?src=https:\/\/www.o-p-i.fr\/aupays\/wp-content\/uploads\/logo_stnolivres.jpg&amp;w=190&amp;h=100&amp;zc=1\" alt=\"St No\u2019Livres\" \/><\/a><span class=\"entry-meta\"><abbr class=\"published\" title=\"2016-03-01T22:20:22+00:00\">&#8230;<\/abbr><\/span><\/div>\n<div class=\"entry-thumbnails\"><em>Communiqu\u00e9 d&rsquo;Isabelle Serny<\/em><\/div>\n<h3 class=\"entry-title\"><\/h3>\n","protected":false},"excerpt":{"rendered":"<div class=\"mh-excerpt\">En ce d\u00e9but du mois d&rsquo;avril, l&rsquo;association ST NO&rsquo;LIVRES est heureuse d&rsquo;ouvrir ses portes \u00e0 une artiste peintre \u00ab multi mat\u00e9riaux naturels \u00bb. R\u00e9sidente de la Sauzi\u00e8re St Jean, Katherine WEISS pr\u00e9sente sa s\u00e9rie \u00ab\u00a0MATIERES\u00a0\u00bb <a class=\"mh-excerpt-more\" href=\"https:\/\/www.o-p-i.fr\/parlonsen\/parlons-en\/culture\/matieres-de-katherine-weiss-a-saint-nauphary-82\/\" title=\"Mati\u00e8res de Katherine Weiss &#8230; \u00e0 Saint-Nauphary (82)\">[&#8230;]<\/a><\/div>\n","protected":false},"author":2,"featured_media":0,"comment_status":"open","ping_status":"open","sticky":false,"template":"","format":"standard","meta":{"om_disable_all_campaigns":false,"advanced_seo_description":"","jetpack_seo_html_title":"","jetpack_seo_noindex":false,"_jetpack_memberships_contains_paid_content":false,"footnotes":"","_links_to":"","_links_to_target":""},"categories":[1,54,17,2416],"tags":[2542,172,340,1514],"class_list":{"0":"post-29235","1":"post","2":"type-post","3":"status-publish","4":"format-standard","6":"category-culture","7":"category-loisirs","8":"category-saint_nauphary","9":"category-n-121-avril-2016","10":"tag-saint_nauphary","11":"tag-exposition","12":"tag-katherine-weiss","13":"tag-mediatheque"},"jetpack_featured_media_url":"","views":{"total":2,"cached_at":"","cached_date":1738462585},"jetpack_likes_enabled":true,"jetpack_sharing_enabled":true,"jetpack_shortlink":"https:\/\/wp.me\/pg7Wxj-7Bx","jetpack-related-posts":[],"_links":{"self":[{"href":"https:\/\/www.o-p-i.fr\/parlonsen\/wp-json\/wp\/v2\/posts\/29235","targetHints":{"allow":["GET"]}}],"collection":[{"href":"https:\/\/www.o-p-i.fr\/parlonsen\/wp-json\/wp\/v2\/posts"}],"about":[{"href":"https:\/\/www.o-p-i.fr\/parlonsen\/wp-json\/wp\/v2\/types\/post"}],"author":[{"embeddable":true,"href":"https:\/\/www.o-p-i.fr\/parlonsen\/wp-json\/wp\/v2\/users\/2"}],"replies":[{"embeddable":true,"href":"https:\/\/www.o-p-i.fr\/parlonsen\/wp-json\/wp\/v2\/comments?post=29235"}],"version-history":[{"count":0,"href":"https:\/\/www.o-p-i.fr\/parlonsen\/wp-json\/wp\/v2\/posts\/29235\/revisions"}],"wp:attachment":[{"href":"https:\/\/www.o-p-i.fr\/parlonsen\/wp-json\/wp\/v2\/media?parent=29235"}],"wp:term":[{"taxonomy":"category","embeddable":true,"href":"https:\/\/www.o-p-i.fr\/parlonsen\/wp-json\/wp\/v2\/categories?post=29235"},{"taxonomy":"post_tag","embeddable":true,"href":"https:\/\/www.o-p-i.fr\/parlonsen\/wp-json\/wp\/v2\/tags?post=29235"}],"curies":[{"name":"wp","href":"https:\/\/api.w.org\/{rel}","templated":true}]}}