{"id":29297,"date":"2016-04-05T16:46:45","date_gmt":"2016-04-05T15:46:45","guid":{"rendered":"\/parlonsen\/?p=29297"},"modified":"2016-04-05T16:46:45","modified_gmt":"2016-04-05T15:46:45","slug":"le-merveilleux-chef-doeuvre-de-seraphin-a-labastide-saint-pierre-82","status":"publish","type":"post","link":"https:\/\/www.o-p-i.fr\/parlonsen\/parlons-en\/culture\/le-merveilleux-chef-doeuvre-de-seraphin-a-labastide-saint-pierre-82\/","title":{"rendered":"Le Merveilleux chef d\u2019\u0153uvre de S\u00e9raphin &#8230; \u00e0 Labastide Saint Pierre (82)"},"content":{"rendered":"<p>Spectacle familial d\u00e8s 5 ans, le<strong> Samedi 9 Avril 2016<\/strong> \u00e0 17h30 \u00e0 la Negrette.<!--more--><\/p>\n<figure id=\"attachment_29298\" aria-describedby=\"caption-attachment-29298\" style=\"width: 640px\" class=\"wp-caption aligncenter\"><a href=\"https:\/\/i0.wp.com\/www.o-p-i.fr\/parlonsen\/wp-content\/uploads\/seraphin090416.jpg?ssl=1\"><img data-recalc-dims=\"1\" loading=\"lazy\" decoding=\"async\" class=\"size-large wp-image-29298\" src=\"https:\/\/i0.wp.com\/www.o-p-i.fr\/parlonsen\/wp-content\/uploads\/seraphin090416.jpg?resize=640%2C330&#038;ssl=1\" alt=\"Le Merveilleux Chef d\u2019\u0153uvre de S\u00e9raphin\" width=\"640\" height=\"330\" srcset=\"https:\/\/i0.wp.com\/www.o-p-i.fr\/parlonsen\/wp-content\/uploads\/seraphin090416.jpg?resize=1024%2C528&amp;ssl=1 1024w, https:\/\/i0.wp.com\/www.o-p-i.fr\/parlonsen\/wp-content\/uploads\/seraphin090416.jpg?resize=300%2C155&amp;ssl=1 300w, https:\/\/i0.wp.com\/www.o-p-i.fr\/parlonsen\/wp-content\/uploads\/seraphin090416.jpg?resize=150%2C77&amp;ssl=1 150w, https:\/\/i0.wp.com\/www.o-p-i.fr\/parlonsen\/wp-content\/uploads\/seraphin090416.jpg?resize=400%2C206&amp;ssl=1 400w, https:\/\/i0.wp.com\/www.o-p-i.fr\/parlonsen\/wp-content\/uploads\/seraphin090416.jpg?w=1500&amp;ssl=1 1500w\" sizes=\"auto, (max-width: 640px) 100vw, 640px\" \/><\/a><figcaption id=\"caption-attachment-29298\" class=\"wp-caption-text\">Le Merveilleux Chef d\u2019\u0153uvre de S\u00e9raphin<\/figcaption><\/figure>\n<p><a href=\"https:\/\/www.o-p-i.fr\/parlonsen\/wp-content\/uploads\/seraphin_moutonsdeglingues.pdf\">En savoir + sur le spectacle<\/a><\/p>\n<p><strong>Tarifs :<\/strong><br \/>\nNormal : 10 \u20ac<br \/>\nR\u00e9duit : 5 \u20ac<\/p>\n<p><strong>Contact :\u00a0<\/strong> <a href=\"https:\/\/www.o-p-i.fr\/aupays\/annuaire\/loisirs\/mjc-la-negrette\/\" rel=\"bookmark\">MJC La N\u00e9grette<\/a><\/p>\n<div class=\"entry-thumbnails\"><a href=\"https:\/\/www.o-p-i.fr\/aupays\/annuaire\/loisirs\/mjc-la-negrette\/\"><img decoding=\"async\" title=\"MJC La N\u00e9grette\" src=\"https:\/\/www.o-p-i.fr\/aupays\/wp-content\/themes\/arras-theme\/library\/timthumb.php?src=https:\/\/www.o-p-i.fr\/aupays\/wp-content\/uploads\/logo_mjclabastide.jpg&amp;w=190&amp;h=100&amp;zc=1\" alt=\"MJC La N\u00e9grette\" \/><\/a><span class=\"entry-meta\"><abbr class=\"published\" title=\"2016-03-08T11:20:09+00:00\">&#8230;<\/abbr><\/span><\/div>\n<h3 class=\"entry-title\"><\/h3>\n<p>Communiqu\u00e9 de Carole Giordano<\/p>\n","protected":false},"excerpt":{"rendered":"<div class=\"mh-excerpt\">Spectacle familial d\u00e8s 5 ans, le Samedi 9 Avril 2016 \u00e0 17h30 \u00e0 la Negrette.<\/div>\n","protected":false},"author":2,"featured_media":0,"comment_status":"open","ping_status":"open","sticky":false,"template":"","format":"standard","meta":{"om_disable_all_campaigns":false,"advanced_seo_description":"","jetpack_seo_html_title":"","jetpack_seo_noindex":false,"_jetpack_memberships_contains_paid_content":false,"footnotes":"","_links_to":"","_links_to_target":""},"categories":[42,1,54,2416],"tags":[2092,132,202,323,441,1077],"class_list":{"0":"post-29297","1":"post","2":"type-post","3":"status-publish","4":"format-standard","6":"category-a-cote-de-chez-nous","7":"category-culture","8":"category-loisirs","9":"category-n-121-avril-2016","10":"tag-mjc-labastide-saint-pierre","11":"tag-spectacle","12":"tag-mjc","13":"tag-enfant","14":"tag-spectacle-enfant","15":"tag-labastide-saint-pierre"},"jetpack_featured_media_url":"","views":{"total":1,"cached_at":"","cached_date":1738535089},"jetpack_likes_enabled":true,"jetpack_sharing_enabled":true,"jetpack_shortlink":"https:\/\/wp.me\/pg7Wxj-7Cx","jetpack-related-posts":[],"_links":{"self":[{"href":"https:\/\/www.o-p-i.fr\/parlonsen\/wp-json\/wp\/v2\/posts\/29297","targetHints":{"allow":["GET"]}}],"collection":[{"href":"https:\/\/www.o-p-i.fr\/parlonsen\/wp-json\/wp\/v2\/posts"}],"about":[{"href":"https:\/\/www.o-p-i.fr\/parlonsen\/wp-json\/wp\/v2\/types\/post"}],"author":[{"embeddable":true,"href":"https:\/\/www.o-p-i.fr\/parlonsen\/wp-json\/wp\/v2\/users\/2"}],"replies":[{"embeddable":true,"href":"https:\/\/www.o-p-i.fr\/parlonsen\/wp-json\/wp\/v2\/comments?post=29297"}],"version-history":[{"count":0,"href":"https:\/\/www.o-p-i.fr\/parlonsen\/wp-json\/wp\/v2\/posts\/29297\/revisions"}],"wp:attachment":[{"href":"https:\/\/www.o-p-i.fr\/parlonsen\/wp-json\/wp\/v2\/media?parent=29297"}],"wp:term":[{"taxonomy":"category","embeddable":true,"href":"https:\/\/www.o-p-i.fr\/parlonsen\/wp-json\/wp\/v2\/categories?post=29297"},{"taxonomy":"post_tag","embeddable":true,"href":"https:\/\/www.o-p-i.fr\/parlonsen\/wp-json\/wp\/v2\/tags?post=29297"}],"curies":[{"name":"wp","href":"https:\/\/api.w.org\/{rel}","templated":true}]}}