{"id":29398,"date":"2016-04-15T16:09:15","date_gmt":"2016-04-15T15:09:15","guid":{"rendered":"\/parlonsen\/?p=29398"},"modified":"2016-04-15T16:09:15","modified_gmt":"2016-04-15T15:09:15","slug":"eric-lareine-et-denis-badault-le-duo-reflex-a-rabastens-81","status":"publish","type":"post","link":"https:\/\/www.o-p-i.fr\/parlonsen\/parlons-en\/culture\/eric-lareine-et-denis-badault-le-duo-reflex-a-rabastens-81\/","title":{"rendered":"\u00c9ric Lareine et Denis Badault : le Duo R\u00e9flex &#8230; \u00e0 Rabastens  (81)"},"content":{"rendered":"<p>Le duo R\u00e9flex pr\u00e9sentera M\u00e9lodition le <strong>Vendredi 29 Avril 2016<\/strong> \u00e0 la halle de Rabastens. <!--more--><\/p>\n<figure id=\"attachment_29399\" aria-describedby=\"caption-attachment-29399\" style=\"width: 300px\" class=\"wp-caption alignright\"><a href=\"https:\/\/i0.wp.com\/www.o-p-i.fr\/parlonsen\/wp-content\/uploads\/duoreflex.jpg?ssl=1\"><img data-recalc-dims=\"1\" loading=\"lazy\" decoding=\"async\" class=\"size-medium wp-image-29399\" src=\"https:\/\/i0.wp.com\/www.o-p-i.fr\/parlonsen\/wp-content\/uploads\/duoreflex.jpg?resize=300%2C137&#038;ssl=1\" alt=\"Duo Reflex\" width=\"300\" height=\"137\" srcset=\"https:\/\/i0.wp.com\/www.o-p-i.fr\/parlonsen\/wp-content\/uploads\/duoreflex.jpg?resize=300%2C137&amp;ssl=1 300w, https:\/\/i0.wp.com\/www.o-p-i.fr\/parlonsen\/wp-content\/uploads\/duoreflex.jpg?resize=150%2C68&amp;ssl=1 150w, https:\/\/i0.wp.com\/www.o-p-i.fr\/parlonsen\/wp-content\/uploads\/duoreflex.jpg?resize=400%2C182&amp;ssl=1 400w, https:\/\/i0.wp.com\/www.o-p-i.fr\/parlonsen\/wp-content\/uploads\/duoreflex.jpg?w=800&amp;ssl=1 800w\" sizes=\"auto, (max-width: 300px) 100vw, 300px\" \/><\/a><figcaption id=\"caption-attachment-29399\" class=\"wp-caption-text\">Duo Reflex<\/figcaption><\/figure>\n<p>M\u00c9LODITION : un auteur d\u00e9routant, un pianiste inclassable et des m\u00e9lodies fran\u00e7aises&#8230;<\/p>\n<p>Finalement, quoi de mieux qu&rsquo;un auteur-chanteur d\u00e9routant et un pianiste-improvisateur inclassable pour explorer la relation entre compositeurs et po\u00e8tes ?<br \/>\nDe Faur\u00e9 \u00e0 Ferr\u00e9 en passant par Aragon et Verlaine, Eric Lareine et Denis Badault nous proposent avec leur respectueuse irr\u00e9v\u00e9rence une interpr\u00e9tation des quelques \u00a0\u00bbtubes\u00a0\u00bb de La M\u00e9lodie Fran\u00e7aise.<\/p>\n<p><strong>En savoir + sur &#8230;<\/strong><br \/>\n<a href=\"http:\/\/lesproductionsduvendredi.com\/wordpress\/artistes\/duo-reflex\">lesproductionsduvendredi.com\/wordpress\/artistes\/duo-reflex<\/a><\/p>\n<p>\u00ab Il s&rsquo;agit l\u00e0 d&rsquo;un festival, d&rsquo;un floril\u00e8ge, d&rsquo;une anthologie, d&rsquo;un d\u00e9fil\u00e9.<br \/>\nLe ton est de plein pied avec son second degr\u00e9 ; les deux comp\u00e8res ne manquent pas d&rsquo;humour, de celui qui s&rsquo;immisce, l&rsquo;air de rien, d&rsquo;un mot, d&rsquo;un geste imperceptible, d&rsquo;un ton subtil, spirituel. \u00bb<br \/>\nLe Clou dans la Planche<\/p>\n<p><strong>R\u00e9servations :<\/strong> 09.50.30.82.11 \/ <a href=\"mailto:lasaison.rabastens@gmail.com\">lasaison.rabastens@gmail.com<\/a><br \/>\n<strong><br \/>\nContact : <\/strong>Toulouse en Sc\u00e8ne<br \/>\n3 quai des Escoussi\u00e8res<br \/>\n<span class=\"locality\">\u00a0<span class=\"postal-code\">81800<\/span> Rabastens<br \/>\n<\/span>Facebook :<a href=\"http:\/\/toulouseenscene.us7.list-manage.com\/track\/click?u=4e68b2fe2487d6be5b638a4a6&amp;id=b0727dd80f&amp;e=62ff387d77\">\u00a0https:\/\/www.facebook.com\/La-Saison-485800774931431\/<\/a><br \/>\nSite\u00a0 :<a href=\"http:\/\/toulouseenscene.us7.list-manage.com\/track\/click?u=4e68b2fe2487d6be5b638a4a6&amp;id=1a12a9e893&amp;e=62ff387d77\"> http:\/\/toulouseenscene.com\/la-saison<\/a><\/p>\n<p><em>Communiqu\u00e9 par Toulouse en Sc\u00e8ne<\/em><\/p>\n","protected":false},"excerpt":{"rendered":"<div class=\"mh-excerpt\">Le duo R\u00e9flex pr\u00e9sentera M\u00e9lodition le Vendredi 29 Avril 2016 \u00e0 la halle de Rabastens.<\/div>\n","protected":false},"author":2,"featured_media":0,"comment_status":"open","ping_status":"open","sticky":false,"template":"","format":"standard","meta":{"om_disable_all_campaigns":false,"advanced_seo_description":"","jetpack_seo_html_title":"","jetpack_seo_noindex":false,"_jetpack_memberships_contains_paid_content":false,"footnotes":"","_links_to":"","_links_to_target":""},"categories":[42,1,54,2416],"tags":[43,72,446,1995],"class_list":{"0":"post-29398","1":"post","2":"type-post","3":"status-publish","4":"format-standard","6":"category-a-cote-de-chez-nous","7":"category-culture","8":"category-loisirs","9":"category-n-121-avril-2016","10":"tag-concert","11":"tag-rabastens","12":"tag-toulouse-en-scene","13":"tag-eric-lareine"},"jetpack_featured_media_url":"","views":{"total":0,"cached_at":"","cached_date":1738535070},"jetpack_likes_enabled":true,"jetpack_sharing_enabled":true,"jetpack_shortlink":"https:\/\/wp.me\/pg7Wxj-7Ea","jetpack-related-posts":[],"_links":{"self":[{"href":"https:\/\/www.o-p-i.fr\/parlonsen\/wp-json\/wp\/v2\/posts\/29398","targetHints":{"allow":["GET"]}}],"collection":[{"href":"https:\/\/www.o-p-i.fr\/parlonsen\/wp-json\/wp\/v2\/posts"}],"about":[{"href":"https:\/\/www.o-p-i.fr\/parlonsen\/wp-json\/wp\/v2\/types\/post"}],"author":[{"embeddable":true,"href":"https:\/\/www.o-p-i.fr\/parlonsen\/wp-json\/wp\/v2\/users\/2"}],"replies":[{"embeddable":true,"href":"https:\/\/www.o-p-i.fr\/parlonsen\/wp-json\/wp\/v2\/comments?post=29398"}],"version-history":[{"count":0,"href":"https:\/\/www.o-p-i.fr\/parlonsen\/wp-json\/wp\/v2\/posts\/29398\/revisions"}],"wp:attachment":[{"href":"https:\/\/www.o-p-i.fr\/parlonsen\/wp-json\/wp\/v2\/media?parent=29398"}],"wp:term":[{"taxonomy":"category","embeddable":true,"href":"https:\/\/www.o-p-i.fr\/parlonsen\/wp-json\/wp\/v2\/categories?post=29398"},{"taxonomy":"post_tag","embeddable":true,"href":"https:\/\/www.o-p-i.fr\/parlonsen\/wp-json\/wp\/v2\/tags?post=29398"}],"curies":[{"name":"wp","href":"https:\/\/api.w.org\/{rel}","templated":true}]}}