{"id":29540,"date":"2016-05-03T15:55:35","date_gmt":"2016-05-03T14:55:35","guid":{"rendered":"\/parlonsen\/?p=29540"},"modified":"2016-05-03T15:57:59","modified_gmt":"2016-05-03T14:57:59","slug":"mop-da-queen-a-puygaillard-de-quercy-82","status":"publish","type":"post","link":"https:\/\/www.o-p-i.fr\/parlonsen\/parlons-en\/culture\/mop-da-queen-a-puygaillard-de-quercy-82\/","title":{"rendered":"MOP DA QUEEN &#8230; \u00e0 Puygaillard de Quercy (82)"},"content":{"rendered":"<p style=\"text-align: justify;\">Musique actuelle\/Rock pour ce concert d&rsquo;Eric Lareine le\u00a0 <strong>Samedi 14 Mai 2016<\/strong>, \u00e0 20h30, \u00e0 la Grange Tourondel.<!--more--><\/p>\n<figure id=\"attachment_29541\" aria-describedby=\"caption-attachment-29541\" style=\"width: 300px\" class=\"wp-caption alignright\"><a href=\"https:\/\/i0.wp.com\/www.o-p-i.fr\/parlonsen\/wp-content\/uploads\/ericlareine1.jpg?ssl=1\"><img data-recalc-dims=\"1\" loading=\"lazy\" decoding=\"async\" class=\"size-medium wp-image-29541\" src=\"https:\/\/i0.wp.com\/www.o-p-i.fr\/parlonsen\/wp-content\/uploads\/ericlareine1.jpg?resize=300%2C300&#038;ssl=1\" alt=\"Eric Lareine MOP DA QUEEN ... \u00e0 Puygaillard (82)\" width=\"300\" height=\"300\" srcset=\"https:\/\/i0.wp.com\/www.o-p-i.fr\/parlonsen\/wp-content\/uploads\/ericlareine1.jpg?resize=300%2C300&amp;ssl=1 300w, https:\/\/i0.wp.com\/www.o-p-i.fr\/parlonsen\/wp-content\/uploads\/ericlareine1.jpg?resize=150%2C150&amp;ssl=1 150w, https:\/\/i0.wp.com\/www.o-p-i.fr\/parlonsen\/wp-content\/uploads\/ericlareine1.jpg?w=400&amp;ssl=1 400w\" sizes=\"auto, (max-width: 300px) 100vw, 300px\" \/><\/a><figcaption id=\"caption-attachment-29541\" class=\"wp-caption-text\">Eric Lareine MOP DA QUEEN &#8230; \u00e0 Puygaillard (82)<\/figcaption><\/figure>\n<p style=\"text-align: justify;\">Eric Lareine est n\u00e9 le jour o\u00f9 le Rock n\u2019 Roll a d\u00e9pass\u00e9 le Rythm n\u2019Blues dans les <em>charts<\/em>.<br \/>\nAutant dire qu\u2019il est tomb\u00e9 dans une fracture, d\u2019o\u00f9 le chant et l\u2019harmonica.<br \/>\nPascal Maupeu est guitariste, il pourrait \u00eatre son fils, il est en possession d\u2019une m\u00e9moire mill\u00e9sim\u00e9e vintage, dans laquelle ils vont puiser tous les deux quelques perles de la contre-culture.<\/p>\n<p style=\"text-align: justify;\">Pour revivre l\u2019authentique frisson qui a parcouru le monde \u00e0 la naissance de ces styles, il ne faut pas plus d\u2019une guitare et d\u2019une voix. Et pour que tout s\u2019explique, Eric Lareine et Pascal Maupeu interpr\u00e9teront \u00e9galement, \u00e9l\u00e9gamment, l\u00e9galement ces chansons que leurs ont inspir\u00e9es : Woodie Guthrie, Johny Cash, Billy Fury, Arthur Rimbaud,, Leonard Cohen, Big Joe Turner, Ren\u00e9 Daumal, Patti Smith, Neil Young et Bob Dylan.<\/p>\n<p style=\"text-align: justify;\">Ouverture \u00e0 19h.<\/p>\n<p style=\"text-align: justify;\">Petite restauration &#8211; Bar<\/p>\n<p style=\"text-align: justify;\"><strong>Contact :<\/strong> <a href=\"https:\/\/www.o-p-i.fr\/aupays\/annuaire\/loisirs\/la-grange-tourondel\/\" rel=\"bookmark\">La Grange Tourondel<\/a><\/p>\n<div class=\"entry-thumbnails\" style=\"text-align: justify;\"><a href=\"https:\/\/www.o-p-i.fr\/aupays\/annuaire\/loisirs\/la-grange-tourondel\/\"><img decoding=\"async\" title=\"La Grange Tourondel\" src=\"https:\/\/www.o-p-i.fr\/aupays\/wp-content\/themes\/arras-theme\/library\/timthumb.php?src=https:\/\/www.o-p-i.fr\/aupays\/wp-content\/uploads\/lagrangetourondelvautledetour.jpg&amp;w=190&amp;h=100&amp;zc=1\" alt=\"La Grange Tourondel\" \/><\/a><span class=\"entry-meta\"><abbr class=\"published\" title=\"2016-02-10T11:37:16+00:00\">&#8230;<\/abbr><\/span><\/div>\n<p style=\"text-align: justify;\"><em>Communiqu\u00e9 par Ariane LeLay pour Les Grands D\u00e9tours<\/em><\/p>\n","protected":false},"excerpt":{"rendered":"<div class=\"mh-excerpt\">Musique actuelle\/Rock pour ce concert d&rsquo;Eric Lareine le\u00a0 Samedi 14 Mai 2016, \u00e0 20h30, \u00e0 la Grange Tourondel.<\/div>\n","protected":false},"author":2,"featured_media":0,"comment_status":"open","ping_status":"open","sticky":false,"template":"","format":"standard","meta":{"om_disable_all_campaigns":false,"advanced_seo_description":"","jetpack_seo_html_title":"","jetpack_seo_noindex":false,"_jetpack_memberships_contains_paid_content":false,"footnotes":"","_links_to":"","_links_to_target":""},"categories":[1,54,33,2418],"tags":[43,2556,1536,1995],"class_list":{"0":"post-29540","1":"post","2":"type-post","3":"status-publish","4":"format-standard","6":"category-culture","7":"category-loisirs","8":"category-puygaillard-de-quercy","9":"category-n-122-mai-2016","10":"tag-concert","11":"tag-puygaillard-de-quercy","12":"tag-rock","13":"tag-eric-lareine"},"jetpack_featured_media_url":"","views":{"total":0,"cached_at":"","cached_date":1738535030},"jetpack_likes_enabled":true,"jetpack_sharing_enabled":true,"jetpack_shortlink":"https:\/\/wp.me\/pg7Wxj-7Gs","jetpack-related-posts":[],"_links":{"self":[{"href":"https:\/\/www.o-p-i.fr\/parlonsen\/wp-json\/wp\/v2\/posts\/29540","targetHints":{"allow":["GET"]}}],"collection":[{"href":"https:\/\/www.o-p-i.fr\/parlonsen\/wp-json\/wp\/v2\/posts"}],"about":[{"href":"https:\/\/www.o-p-i.fr\/parlonsen\/wp-json\/wp\/v2\/types\/post"}],"author":[{"embeddable":true,"href":"https:\/\/www.o-p-i.fr\/parlonsen\/wp-json\/wp\/v2\/users\/2"}],"replies":[{"embeddable":true,"href":"https:\/\/www.o-p-i.fr\/parlonsen\/wp-json\/wp\/v2\/comments?post=29540"}],"version-history":[{"count":0,"href":"https:\/\/www.o-p-i.fr\/parlonsen\/wp-json\/wp\/v2\/posts\/29540\/revisions"}],"wp:attachment":[{"href":"https:\/\/www.o-p-i.fr\/parlonsen\/wp-json\/wp\/v2\/media?parent=29540"}],"wp:term":[{"taxonomy":"category","embeddable":true,"href":"https:\/\/www.o-p-i.fr\/parlonsen\/wp-json\/wp\/v2\/categories?post=29540"},{"taxonomy":"post_tag","embeddable":true,"href":"https:\/\/www.o-p-i.fr\/parlonsen\/wp-json\/wp\/v2\/tags?post=29540"}],"curies":[{"name":"wp","href":"https:\/\/api.w.org\/{rel}","templated":true}]}}