{"id":29636,"date":"2016-05-13T08:29:24","date_gmt":"2016-05-13T07:29:24","guid":{"rendered":"\/parlonsen\/?p=29636"},"modified":"2016-05-12T15:56:33","modified_gmt":"2016-05-12T14:56:33","slug":"randonnee-pedestre-a-monclar-de-quercy-82","status":"publish","type":"post","link":"https:\/\/www.o-p-i.fr\/parlonsen\/localisation\/au-pays-des-tescous\/monclar\/randonnee-pedestre-a-monclar-de-quercy-82\/","title":{"rendered":"Randonn\u00e9e P\u00e9destre &#8230; \u00e0 Monclar de Quercy (82)"},"content":{"rendered":"<p>Monclar Fitness vous propose une randonn\u00e9e p\u00e9destre familiale en For\u00eat de Gr\u00e9signe le <strong>Dimanche 22 Mai 2016<\/strong>. <!--more--><\/p>\n<figure id=\"attachment_29637\" aria-describedby=\"caption-attachment-29637\" style=\"width: 640px\" class=\"wp-caption aligncenter\"><a href=\"https:\/\/i0.wp.com\/www.o-p-i.fr\/parlonsen\/wp-content\/uploads\/AfficheRandomonclarfitness22mai.jpg?ssl=1\"><img data-recalc-dims=\"1\" loading=\"lazy\" decoding=\"async\" class=\"size-large wp-image-29637\" src=\"https:\/\/i0.wp.com\/www.o-p-i.fr\/parlonsen\/wp-content\/uploads\/AfficheRandomonclarfitness22mai.jpg?resize=640%2C905&#038;ssl=1\" alt=\"Randonn\u00e9e P\u00e9destre ... \u00e0 Monclar de Quercy (82)\" width=\"640\" height=\"905\" srcset=\"https:\/\/i0.wp.com\/www.o-p-i.fr\/parlonsen\/wp-content\/uploads\/AfficheRandomonclarfitness22mai.jpg?resize=724%2C1024&amp;ssl=1 724w, https:\/\/i0.wp.com\/www.o-p-i.fr\/parlonsen\/wp-content\/uploads\/AfficheRandomonclarfitness22mai.jpg?resize=212%2C300&amp;ssl=1 212w, https:\/\/i0.wp.com\/www.o-p-i.fr\/parlonsen\/wp-content\/uploads\/AfficheRandomonclarfitness22mai.jpg?resize=106%2C150&amp;ssl=1 106w, https:\/\/i0.wp.com\/www.o-p-i.fr\/parlonsen\/wp-content\/uploads\/AfficheRandomonclarfitness22mai.jpg?resize=400%2C566&amp;ssl=1 400w, https:\/\/i0.wp.com\/www.o-p-i.fr\/parlonsen\/wp-content\/uploads\/AfficheRandomonclarfitness22mai.jpg?w=800&amp;ssl=1 800w\" sizes=\"auto, (max-width: 640px) 100vw, 640px\" \/><\/a><figcaption id=\"caption-attachment-29637\" class=\"wp-caption-text\">Randonn\u00e9e P\u00e9destre &#8230; \u00e0 Monclar de Quercy (82)<\/figcaption><\/figure>\n<p><strong>Tarifs :<br \/>\n<\/strong>Adultes : 6\u20ac<br \/>\nEnfants (de 5 \u00e0 16 ans) : 4\u20ac<br \/>\nGratuit pour les &#8211; de 5 ans<br \/>\n<strong><br \/>\n<\/strong><\/p>\n<p><strong>Contact :<\/strong> <a href=\"https:\/\/www.o-p-i.fr\/aupays\/annuaire\/loisirs\/association-monclaraise-de-gymnastique\/\" rel=\"bookmark\">Monclar Fitness<\/a><\/p>\n<div class=\"entry-thumbnails\"><a href=\"https:\/\/www.o-p-i.fr\/aupays\/annuaire\/loisirs\/association-monclaraise-de-gymnastique\/\"><img decoding=\"async\" title=\"Monclar Fitness\" src=\"https:\/\/www.o-p-i.fr\/aupays\/wp-content\/themes\/arras-theme\/library\/timthumb.php?src=https:\/\/www.o-p-i.fr\/aupays\/wp-content\/uploads\/logo-monclarfitness.jpg&amp;w=190&amp;h=100&amp;zc=1\" alt=\"Monclar Fitness\" \/><\/a><span class=\"entry-meta\"><abbr class=\"published\" title=\"2016-03-10T16:00:15+00:00\">&#8230;<\/abbr><\/span><\/div>\n<p><em>Communiqu\u00e9 par Marie Pierre Ripp<\/em><\/p>\n","protected":false},"excerpt":{"rendered":"<div class=\"mh-excerpt\">Monclar Fitness vous propose une randonn\u00e9e p\u00e9destre familiale en For\u00eat de Gr\u00e9signe le Dimanche 22 Mai 2016.<\/div>\n","protected":false},"author":2,"featured_media":0,"comment_status":"open","ping_status":"open","sticky":false,"template":"","format":"standard","meta":{"om_disable_all_campaigns":false,"advanced_seo_description":"","jetpack_seo_html_title":"","jetpack_seo_noindex":false,"_jetpack_memberships_contains_paid_content":false,"footnotes":"","_links_to":"","_links_to_target":""},"categories":[828,54,16,53,2418],"tags":[323,482,762,1842,2541,166],"class_list":{"0":"post-29636","1":"post","2":"type-post","3":"status-publish","4":"format-standard","6":"category-au-pays-des-tescous","7":"category-loisirs","8":"category-monclar","9":"category-sports","10":"category-n-122-mai-2016","11":"tag-enfant","12":"tag-gresigne","13":"tag-randonnee-pedestre","14":"tag-foret-de-gresigne","15":"tag-monclar","16":"tag-randonnee"},"jetpack_featured_media_url":"","views":{"total":0,"cached_at":"","cached_date":1738276749},"jetpack_likes_enabled":true,"jetpack_sharing_enabled":true,"jetpack_shortlink":"https:\/\/wp.me\/pg7Wxj-7I0","jetpack-related-posts":[],"_links":{"self":[{"href":"https:\/\/www.o-p-i.fr\/parlonsen\/wp-json\/wp\/v2\/posts\/29636","targetHints":{"allow":["GET"]}}],"collection":[{"href":"https:\/\/www.o-p-i.fr\/parlonsen\/wp-json\/wp\/v2\/posts"}],"about":[{"href":"https:\/\/www.o-p-i.fr\/parlonsen\/wp-json\/wp\/v2\/types\/post"}],"author":[{"embeddable":true,"href":"https:\/\/www.o-p-i.fr\/parlonsen\/wp-json\/wp\/v2\/users\/2"}],"replies":[{"embeddable":true,"href":"https:\/\/www.o-p-i.fr\/parlonsen\/wp-json\/wp\/v2\/comments?post=29636"}],"version-history":[{"count":0,"href":"https:\/\/www.o-p-i.fr\/parlonsen\/wp-json\/wp\/v2\/posts\/29636\/revisions"}],"wp:attachment":[{"href":"https:\/\/www.o-p-i.fr\/parlonsen\/wp-json\/wp\/v2\/media?parent=29636"}],"wp:term":[{"taxonomy":"category","embeddable":true,"href":"https:\/\/www.o-p-i.fr\/parlonsen\/wp-json\/wp\/v2\/categories?post=29636"},{"taxonomy":"post_tag","embeddable":true,"href":"https:\/\/www.o-p-i.fr\/parlonsen\/wp-json\/wp\/v2\/tags?post=29636"}],"curies":[{"name":"wp","href":"https:\/\/api.w.org\/{rel}","templated":true}]}}