{"id":2970,"date":"2010-03-20T13:05:01","date_gmt":"2010-03-20T11:05:01","guid":{"rendered":"\/parlonsen\/?p=2970"},"modified":"2025-11-10T15:15:00","modified_gmt":"2025-11-10T14:15:00","slug":"chanson-et-conte-a-labastide-st-georges","status":"publish","type":"post","link":"https:\/\/www.o-p-i.fr\/parlonsen\/parlons-en\/culture\/chanson-et-conte-a-labastide-st-georges\/","title":{"rendered":"Chanson et conte \u00e0 Labastide St Georges"},"content":{"rendered":"<p style=\"text-align: justify;\"><span style=\"color: #993366;\"><strong>Spectacle familial<\/strong><\/span> le <strong><span style=\"color: #993366;\">vendredi 26  mars 2010<\/span><\/strong> \u00e0 la salle des f\u00eates de <strong><span style=\"color: #993366;\">Labastide Saint Georges <\/span><\/strong>(pr\u00e8s de Lavaur), <strong><span style=\"color: #993366;\">\u00e0 20h30<\/span>. <\/strong>A partir de l&rsquo;adaptation du texte du livre bien connu \u00ab\u00a0<span style=\"color: #993366;\"><strong>Princesses oubli\u00e9es ou inconnues<\/strong><\/span>\u00a0\u00bb <!--more-->de Philippe Lechermeier et R\u00e9becca Dautremer et de la composition de musiques qu&rsquo;elle assure elle-m\u00eame, Catherine VANISCOTTE met en sc\u00e8ne une petite forme th\u00e9\u00e2trale et chant\u00e9e en trio.<\/p>\n<figure id=\"attachment_2973\" aria-describedby=\"caption-attachment-2973\" style=\"width: 334px\" class=\"wp-caption alignleft\"><img data-recalc-dims=\"1\" loading=\"lazy\" decoding=\"async\" class=\"size-full wp-image-2973\" title=\"Princesses oubli\u00e9es et inconnues\" src=\"https:\/\/i0.wp.com\/www.o-p-i.fr\/parlonsen\/wp-content\/uploads\/affiche-princesses.jpg?resize=334%2C272&#038;ssl=1\" alt=\"affiche-princesses\" width=\"334\" height=\"272\" \/><figcaption id=\"caption-attachment-2973\" class=\"wp-caption-text\">Princesses oubli\u00e9es et inconnues<\/figcaption><\/figure>\n<p style=\"text-align: justify;\">Ce spectacle familial nous offre des portraits tout en po\u00e9sie et d\u00e9licatesse de dr\u00f4les de princesses telles Eph\u00e9m\u00e8re de Chine, Roma Manouche ou Louisette d\u2019esperluette.. Des miniatures musicales qui nous invitent \u00e0 p\u00e9n\u00e9trer dans les univers tour \u00e0 tour myst\u00e9rieux, cocasses ou d\u00e9brid\u00e9s de ces princesses oubli\u00e9es ou inconnues<\/p>\n<div class=\"mceTemp\" style=\"text-align: justify;\">\n<dl id=\"attachment_2974\" class=\"wp-caption alignright\" style=\"width: 214px;\">\n<dt class=\"wp-caption-dt\"><a href=\"https:\/\/i0.wp.com\/www.o-p-i.fr\/parlonsen\/wp-content\/uploads\/catherine-vaniscotte.jpg?ssl=1\"><img data-recalc-dims=\"1\" loading=\"lazy\" decoding=\"async\" class=\"size-full wp-image-2974\" title=\"catherine-vaniscotte\" src=\"https:\/\/i0.wp.com\/www.o-p-i.fr\/parlonsen\/wp-content\/uploads\/catherine-vaniscotte.jpg?resize=204%2C306&#038;ssl=1\" alt=\"Caterine VANISCOTTE\" width=\"204\" height=\"306\" srcset=\"https:\/\/i0.wp.com\/www.o-p-i.fr\/parlonsen\/wp-content\/uploads\/catherine-vaniscotte.jpg?w=204&amp;ssl=1 204w, https:\/\/i0.wp.com\/www.o-p-i.fr\/parlonsen\/wp-content\/uploads\/catherine-vaniscotte.jpg?resize=200%2C300&amp;ssl=1 200w\" sizes=\"auto, (max-width: 204px) 100vw, 204px\" \/><\/a><\/dt>\n<dd class=\"wp-caption-dd\">Catherine VANISCOTTE<\/dd>\n<\/dl>\n<\/div>\n<p style=\"text-align: justify;\">Fr\u00e9d\u00e9ric SCHADOROFF qui a assur\u00e9 les arrangements musicaux sera au piano et \u00e0 la guitare et parfois au chant.<\/p>\n<p style=\"text-align: justify;\">Catherine VANISCOTTE au chant et au bandon\u00e9on.<\/p>\n<p style=\"text-align: justify;\">Laurent ROCHELLE au saxophone soprano, petite clarinette et clarinette basse.<\/p>\n<p style=\"text-align: justify;\">En partenariat avec l\u2019Association des Parents d\u2019\u00c9l\u00e8ves.<\/p>\n<p style=\"text-align: justify;\"><strong><span style=\"color: #993366;\">Labastide Saint Georges <\/span><\/strong><span style=\"color: #993366;\"><strong>(pr\u00e8s de Lavaur)<\/strong><\/span><\/p>\n<p style=\"text-align: justify;\"><span style=\"color: #993366;\"><strong> <\/strong><strong>Salle des f\u00eates &#8211; 20H 30 &#8211; vendredi 26 mars 2010<\/strong><\/span><\/p>\n<p style=\"text-align: justify;\">\u00ab\u00a0Princesses oubli\u00e9es et inconnues\u00a0\u00bb<\/p>\n<p style=\"text-align: justify;\">Chanson &amp; conte<\/p>\n<p style=\"text-align: justify;\"><em>Communiqu\u00e9 de Catherine Vaniscotte<\/em><\/p>\n","protected":false},"excerpt":{"rendered":"<div class=\"mh-excerpt\">Spectacle familial le vendredi 26 mars 2010 \u00e0 la salle des f\u00eates de Labastide Saint Georges (pr\u00e8s de Lavaur), \u00e0 20h30. A partir de l&rsquo;adaptation du texte du livre bien connu \u00ab\u00a0Princesses oubli\u00e9es ou inconnues\u00a0\u00bb<\/div>\n","protected":false},"author":3,"featured_media":0,"comment_status":"open","ping_status":"open","sticky":false,"template":"","format":"standard","meta":{"om_disable_all_campaigns":false,"advanced_seo_description":"","jetpack_seo_html_title":"","jetpack_seo_noindex":false,"_jetpack_memberships_contains_paid_content":false,"footnotes":"","_links_to":"","_links_to_target":""},"categories":[42,1,54,356],"tags":[132,416,2889],"class_list":{"0":"post-2970","1":"post","2":"type-post","3":"status-publish","4":"format-standard","6":"category-a-cote-de-chez-nous","7":"category-culture","8":"category-loisirs","9":"category-n-47-mars-2010","10":"tag-spectacle","11":"tag-chanson","12":"tag-contes"},"jetpack_featured_media_url":"","views":{"total":0,"cached_at":"","cached_date":1738515551},"jetpack_likes_enabled":true,"jetpack_sharing_enabled":true,"jetpack_shortlink":"https:\/\/wp.me\/pg7Wxj-LU","jetpack-related-posts":[],"_links":{"self":[{"href":"https:\/\/www.o-p-i.fr\/parlonsen\/wp-json\/wp\/v2\/posts\/2970","targetHints":{"allow":["GET"]}}],"collection":[{"href":"https:\/\/www.o-p-i.fr\/parlonsen\/wp-json\/wp\/v2\/posts"}],"about":[{"href":"https:\/\/www.o-p-i.fr\/parlonsen\/wp-json\/wp\/v2\/types\/post"}],"author":[{"embeddable":true,"href":"https:\/\/www.o-p-i.fr\/parlonsen\/wp-json\/wp\/v2\/users\/3"}],"replies":[{"embeddable":true,"href":"https:\/\/www.o-p-i.fr\/parlonsen\/wp-json\/wp\/v2\/comments?post=2970"}],"version-history":[{"count":1,"href":"https:\/\/www.o-p-i.fr\/parlonsen\/wp-json\/wp\/v2\/posts\/2970\/revisions"}],"predecessor-version":[{"id":67344,"href":"https:\/\/www.o-p-i.fr\/parlonsen\/wp-json\/wp\/v2\/posts\/2970\/revisions\/67344"}],"wp:attachment":[{"href":"https:\/\/www.o-p-i.fr\/parlonsen\/wp-json\/wp\/v2\/media?parent=2970"}],"wp:term":[{"taxonomy":"category","embeddable":true,"href":"https:\/\/www.o-p-i.fr\/parlonsen\/wp-json\/wp\/v2\/categories?post=2970"},{"taxonomy":"post_tag","embeddable":true,"href":"https:\/\/www.o-p-i.fr\/parlonsen\/wp-json\/wp\/v2\/tags?post=2970"}],"curies":[{"name":"wp","href":"https:\/\/api.w.org\/{rel}","templated":true}]}}