{"id":29730,"date":"2016-05-23T12:16:58","date_gmt":"2016-05-23T11:16:58","guid":{"rendered":"\/parlonsen\/?p=29730"},"modified":"2016-05-19T12:50:17","modified_gmt":"2016-05-19T11:50:17","slug":"la-chanson-a-cueillir-a-cadalen-81","status":"publish","type":"post","link":"https:\/\/www.o-p-i.fr\/parlonsen\/parlons-en\/culture\/la-chanson-a-cueillir-a-cadalen-81\/","title":{"rendered":"La Chanson \u00e0 Cueillir &#8230; \u00e0 Cadalen (81)"},"content":{"rendered":"<p>Rendez-vous habituel o\u00f9 chacun des artistes du festival\u00a0 vous donne \u00e0 cueillir quelques chansons de son jardin\u00a0 les<strong> 3, 4 et 5 Juin 2016<\/strong> au Domaine Articole. <!--more--><\/p>\n<div>\n<div>\n<div>\n<div>\n<div>\n<div>\n<div>\n<div>\n<figure id=\"attachment_29731\" aria-describedby=\"caption-attachment-29731\" style=\"width: 351px\" class=\"wp-caption alignright\"><a href=\"https:\/\/i0.wp.com\/www.o-p-i.fr\/parlonsen\/wp-content\/uploads\/lachansonacueillir2016.jpg?ssl=1\"><img data-recalc-dims=\"1\" loading=\"lazy\" decoding=\"async\" class=\"wp-image-29731\" src=\"https:\/\/i0.wp.com\/www.o-p-i.fr\/parlonsen\/wp-content\/uploads\/lachansonacueillir2016.jpg?resize=351%2C499&#038;ssl=1\" alt=\"La Chanson \u00e0 Cueillir ... \u00e0 Cadalen (81)\" width=\"351\" height=\"499\" srcset=\"https:\/\/i0.wp.com\/www.o-p-i.fr\/parlonsen\/wp-content\/uploads\/lachansonacueillir2016.jpg?resize=211%2C300&amp;ssl=1 211w, https:\/\/i0.wp.com\/www.o-p-i.fr\/parlonsen\/wp-content\/uploads\/lachansonacueillir2016.jpg?resize=721%2C1024&amp;ssl=1 721w, https:\/\/i0.wp.com\/www.o-p-i.fr\/parlonsen\/wp-content\/uploads\/lachansonacueillir2016.jpg?resize=106%2C150&amp;ssl=1 106w, https:\/\/i0.wp.com\/www.o-p-i.fr\/parlonsen\/wp-content\/uploads\/lachansonacueillir2016.jpg?resize=400%2C568&amp;ssl=1 400w, https:\/\/i0.wp.com\/www.o-p-i.fr\/parlonsen\/wp-content\/uploads\/lachansonacueillir2016.jpg?w=749&amp;ssl=1 749w\" sizes=\"auto, (max-width: 351px) 100vw, 351px\" \/><\/a><figcaption id=\"caption-attachment-29731\" class=\"wp-caption-text\">La Chanson \u00e0 Cueillir &#8230; \u00e0 Cadalen (81)<\/figcaption><\/figure>\n<p>Au programme :<\/p>\n<\/div>\n<ul>\n<li><strong>Vendredi 3 juin : 2 concerts <\/strong><\/li>\n<\/ul>\n<\/div>\n<\/div>\n<div><strong>\u00a020h00 : Louis-No\u00ebl BOBEY<br \/>\n<\/strong>Slam de bitume, chansons de traverse et plumes de poulet de Bresse.<\/div>\n<p><strong>21h30 : GUILAM<\/strong><br \/>\n\u00ab\u00a0Il a pour lui une \u00e9l\u00e9gance au-del\u00e0 du commun.<br \/>\nCelle qui vous subjugue presque, qui fait que d\u00e8s qu&rsquo;il prend son micro,<br \/>\non reste captiv\u00e9 \u00e0 regarder cette allure, ce visage, puis \u00e0 \u00e9couter ses mots.<br \/>\n\u00c9l\u00e9gance dans ses chansons, dans son phras\u00e9, dans les m\u00e9lodies choisies.<br \/>\nC&rsquo;est fin, sensible, touchant.\u00a0\u00bb<\/p>\n<ul>\n<li><strong>Samedi 4 juin : 1 com\u00e9die musicale &amp; 2 concerts<\/strong><\/li>\n<\/ul>\n<\/div>\n<p><strong>17h00 : ATELIERS MUSICOMEDANSE<\/strong>\u00a0 (24 enfants et adolescents)<br \/>\nParis, Champ de Mars.<br \/>\nUn auteur y convoque l&rsquo;Inspiration.<br \/>\nIl l\u00e8ve les yeux vers cette \u00ab\u00a0Girafe\u00a0\u00bb\u00a0 abandonn\u00e9e ici lors d&rsquo;une Exposition Universelle&#8230;<br \/>\nEntrez Mesdames et Messieurs !<\/p>\n<p>\u200b<strong>20h00 : Fran\u00e7ois PUYALTO<\/strong><\/p>\n<\/div>\n<div>\u00ab\u00a0Le CV de bassiste de Fran\u00e7ois Puyalto est bien fourni (Emily Loizeau, N\u00e9ry, Kyrie Kristmanson, Taranta-babu !, la Peau, Horse Raddish\u2026).<br \/>\nMaintenant, il chante ! Et c\u2019est peu dire que ses chansons sont entra\u00eenantes.<br \/>\nElles sont joyeuses et sensibles, \u00e9labor\u00e9es mais offertes \u00e0 l\u2019impro,\u00a0 \u00e9crites par un quadra qui a roul\u00e9 sa bosse sur sc\u00e8ne et se lance\u00a0 avec une inventivit\u00e9 et un enthousiasme juv\u00e9niles dans cette nouvelle aventure.\u00a0\u00bb Le Festival de Marne 2015<\/div>\n<p><strong>21h30<\/strong><strong> : H\u00e9l\u00e8ne PIRIS<\/strong><br \/>\n\u00ab\u00a0H\u00e9l\u00e8ne Piris vous offre un bonheur en forme de r\u00eave. Imaginez des paroles \u00e9crites \u00e0 l\u2019encre de la vie, la n\u00f4tre, la v\u00f4tre.<br \/>\nOn peut parler de petits bijoux parce que c\u2019est magnifiquement taill\u00e9, parce que c\u2019est brillant, parce que c\u2019est beau. Voil\u00e0 la chanson comme on l\u2019aime.<br \/>\nH\u00e9l\u00e8ne nous \u00a0bouscule et nous provoque avec cette voix\u00a0 qui habille ses chansons avec \u00e9l\u00e9gance et sensualit\u00e9&#8230;\u00a0\u00bb\u00a0 Michel Doriez<\/p>\n<\/div>\n<div>\n<p>H\u00e9l\u00e8ne Piris : chant, violoncelle \/\u00a0 Oriol Martinez Codinachs : guitares<\/p>\n<\/div>\n<ul>\n<li><strong>Dimanche 5 juin : Les Jardins Secrets<\/strong><\/li>\n<\/ul>\n<div><strong>15h00 : Tous les artistes<\/strong><br \/>\nLes Jardins secrets d&rsquo;H\u00e9l\u00e8ne PIRIS, Louis-No\u00ebl BOBEY, GUILAM, Fran\u00e7ois PUYALTO, Fr\u00e9d\u00e9ric BLANCHARD<\/div>\n<\/div>\n<\/div>\n<p><strong>Tarifs :<\/strong><br \/>\nNormal : 12 \u20ac\u00a0 (spectacle isol\u00e9)<br \/>\nR\u00e9duit :\u00a0 9 \u20ac (adh\u00e9rents, \u00e9tudiants, demandeurs d&#8217;emploi et\u00a0 \u00e0 partir du second spectacle r\u00e9serv\u00e9 pour la m\u00eame personne) \/ 5 \u20ac (enfants jusqu&rsquo;\u00e0 12 ans) \/ Gratuit \u00e0 partir du second spectacle r\u00e9serv\u00e9 pour eux.<br \/>\nUnique : 5 \u20ac (com\u00e9die musicale)<br \/>\nForfait festival : 40 \u20ac (6 spectacles) &#8211; R\u00e9serv\u00e9 aux adh\u00e9rents de L&rsquo;Oiseau-Lyre Compagnie (adh\u00e9sion : 15 \u20ac)<\/p>\n<div>\n<p><strong>Nombre de places limit\u00e9 &#8211; R\u00e9servation indispensable<\/strong><\/p>\n<\/div>\n<p style=\"text-align: left;\"><strong>Contact :<\/strong> L&rsquo;Oiseau-Lyre Compagnie<br \/>\nT\u00e9l. : 05 63 81 78 33<br \/>\nCourriel : <a href=\"mailto:loiseaulyrecompagnie@gmail.com\" target=\"_blank\">loiseaulyrecompagnie@gmail.com<\/a><\/p>\n<p style=\"text-align: center;\">Toute la programmation de Chantons sous les toits ! 2016 <a href=\"http:\/\/www.loiseaulyrecompagnie.wix.com\/chantonssouslestoits\" target=\"_blank\" data-saferedirecturl=\"https:\/\/www.google.com\/url?hl=fr&amp;q=http:\/\/www.loiseaulyrecompagnie.wix.com\/chantonssouslestoits&amp;source=gmail&amp;ust=1463742404985000&amp;usg=AFQjCNFiloh2ABxE4X8vuSntrlk25WpqyA\">www.loiseaulyrecompagnie.wix.<wbr \/>com\/chantonssouslestoits<\/a><\/p>\n","protected":false},"excerpt":{"rendered":"<div class=\"mh-excerpt\">Rendez-vous habituel o\u00f9 chacun des artistes du festival\u00a0 vous donne \u00e0 cueillir quelques chansons de son jardin\u00a0 les 3, 4 et 5 Juin 2016 au Domaine Articole.<\/div>\n","protected":false},"author":2,"featured_media":0,"comment_status":"open","ping_status":"open","sticky":false,"template":"","format":"standard","meta":{"om_disable_all_campaigns":false,"advanced_seo_description":"","jetpack_seo_html_title":"","jetpack_seo_noindex":false,"_jetpack_memberships_contains_paid_content":false,"footnotes":"","_links_to":"","_links_to_target":""},"categories":[42,1,54,2419],"tags":[180,416,1697,1756,2204,43],"class_list":{"0":"post-29730","1":"post","2":"type-post","3":"status-publish","4":"format-standard","6":"category-a-cote-de-chez-nous","7":"category-culture","8":"category-loisirs","9":"category-n-123-juin-2016","10":"tag-atelier","11":"tag-chanson","12":"tag-chanson-a-cueillir","13":"tag-comedies-musicales","14":"tag-cadalen","15":"tag-concert"},"jetpack_featured_media_url":"","views":{"total":0,"cached_at":"","cached_date":1738518163},"jetpack_likes_enabled":true,"jetpack_sharing_enabled":true,"jetpack_shortlink":"https:\/\/wp.me\/pg7Wxj-7Jw","jetpack-related-posts":[],"_links":{"self":[{"href":"https:\/\/www.o-p-i.fr\/parlonsen\/wp-json\/wp\/v2\/posts\/29730","targetHints":{"allow":["GET"]}}],"collection":[{"href":"https:\/\/www.o-p-i.fr\/parlonsen\/wp-json\/wp\/v2\/posts"}],"about":[{"href":"https:\/\/www.o-p-i.fr\/parlonsen\/wp-json\/wp\/v2\/types\/post"}],"author":[{"embeddable":true,"href":"https:\/\/www.o-p-i.fr\/parlonsen\/wp-json\/wp\/v2\/users\/2"}],"replies":[{"embeddable":true,"href":"https:\/\/www.o-p-i.fr\/parlonsen\/wp-json\/wp\/v2\/comments?post=29730"}],"version-history":[{"count":0,"href":"https:\/\/www.o-p-i.fr\/parlonsen\/wp-json\/wp\/v2\/posts\/29730\/revisions"}],"wp:attachment":[{"href":"https:\/\/www.o-p-i.fr\/parlonsen\/wp-json\/wp\/v2\/media?parent=29730"}],"wp:term":[{"taxonomy":"category","embeddable":true,"href":"https:\/\/www.o-p-i.fr\/parlonsen\/wp-json\/wp\/v2\/categories?post=29730"},{"taxonomy":"post_tag","embeddable":true,"href":"https:\/\/www.o-p-i.fr\/parlonsen\/wp-json\/wp\/v2\/tags?post=29730"}],"curies":[{"name":"wp","href":"https:\/\/api.w.org\/{rel}","templated":true}]}}