{"id":29839,"date":"2016-06-01T18:14:00","date_gmt":"2016-06-01T17:14:00","guid":{"rendered":"\/parlonsen\/?p=29839"},"modified":"2016-06-01T18:14:00","modified_gmt":"2016-06-01T17:14:00","slug":"plume-dhenri-michaux-a-puygaillard-de-quercy-82","status":"publish","type":"post","link":"https:\/\/www.o-p-i.fr\/parlonsen\/parlons-en\/culture\/plume-dhenri-michaux-a-puygaillard-de-quercy-82\/","title":{"rendered":"\u00ab\u00a0Plume\u00a0\u00bb d&rsquo;Henri Michaux &#8230; \u00e0 Puygaillard de Quercy (82)"},"content":{"rendered":"<p style=\"text-align: justify;\"><strong>Samedi 18 Juin 2016<\/strong>, \u00e0 20h30, PLUME d&rsquo;Henri Michaux, adapt\u00e9 et jou\u00e9 par Anthony Le Foll, \u00e0 la grange Tourondel. <!--more--><\/p>\n<figure id=\"attachment_29840\" aria-describedby=\"caption-attachment-29840\" style=\"width: 300px\" class=\"wp-caption alignright\"><a href=\"https:\/\/i0.wp.com\/www.o-p-i.fr\/parlonsen\/wp-content\/uploads\/Plume_alainmichaux.jpg?ssl=1\"><img data-recalc-dims=\"1\" loading=\"lazy\" decoding=\"async\" class=\"size-medium wp-image-29840\" src=\"https:\/\/i0.wp.com\/www.o-p-i.fr\/parlonsen\/wp-content\/uploads\/Plume_alainmichaux.jpg?resize=300%2C300&#038;ssl=1\" alt=\"PLUME d'Henri Michaux adapt\u00e9 et jou\u00e9 par Anthony Le Foll.\" width=\"300\" height=\"300\" srcset=\"https:\/\/i0.wp.com\/www.o-p-i.fr\/parlonsen\/wp-content\/uploads\/Plume_alainmichaux.jpg?resize=300%2C300&amp;ssl=1 300w, https:\/\/i0.wp.com\/www.o-p-i.fr\/parlonsen\/wp-content\/uploads\/Plume_alainmichaux.jpg?resize=150%2C150&amp;ssl=1 150w, https:\/\/i0.wp.com\/www.o-p-i.fr\/parlonsen\/wp-content\/uploads\/Plume_alainmichaux.jpg?resize=400%2C400&amp;ssl=1 400w, https:\/\/i0.wp.com\/www.o-p-i.fr\/parlonsen\/wp-content\/uploads\/Plume_alainmichaux.jpg?w=500&amp;ssl=1 500w\" sizes=\"auto, (max-width: 300px) 100vw, 300px\" \/><\/a><figcaption id=\"caption-attachment-29840\" class=\"wp-caption-text\">PLUME d&rsquo;Henri Michaux adapt\u00e9 et jou\u00e9 par Anthony Le Foll.<\/figcaption><\/figure>\n<p style=\"text-align: justify;\">PLUME, personnage \u00e0 mi\u2011chemin entre Chaplin et Tati. Comme eux, il traverse des situations incongrues, absurdes ; et nous plonge dans un univers insolite, po\u00e9tique.<br \/>\nAnthony Le Foll, un seul com\u00e9dien, un acteur, un conteur, un intrus et pour seul espace le sien, qu\u2019il nous livre par la m\u00e9tamorphose et l\u2019\u00e9tonnement, le langage d\u2019un corps travers\u00e9 par de multiples plaisirs.<br \/>\nEntour\u00e9 de femmes pleines de boutons, d\u2019une police souvent inqui\u00e8te, d\u2019une reine nymphomane, de cul\u2011de\u2011jattes plein les arbres, d\u2019arracheurs de t\u00eate \u00e9gar\u00e9s, de chirurgiens ignorants ; Plume a une m\u00e8re tr\u00e8s sensible. S\u2019il avait su, il aurait command\u00e9 simplement un \u0153uf, mais il ne se plaint pas, il a encore neuf doigts, il ne dit rien, il voyage, il songe aux malheureux qui ne peuvent pas voyager du tout.<\/p>\n<p style=\"text-align: justify;\"><strong>Contact :<\/strong> <a href=\"https:\/\/www.o-p-i.fr\/aupays\/annuaire\/loisirs\/la-grange-tourondel\/\" rel=\"bookmark\">La Grange Tourondel<\/a><\/p>\n<div class=\"entry-thumbnails\"><a href=\"https:\/\/www.o-p-i.fr\/aupays\/annuaire\/loisirs\/la-grange-tourondel\/\"><img decoding=\"async\" title=\"La Grange Tourondel\" src=\"https:\/\/www.o-p-i.fr\/aupays\/wp-content\/themes\/arras-theme\/library\/timthumb.php?src=https:\/\/www.o-p-i.fr\/aupays\/wp-content\/uploads\/lagrangetourondelvautledetour.jpg&amp;w=190&amp;h=100&amp;zc=1\" alt=\"La Grange Tourondel\" \/><\/a><span class=\"entry-meta\"><abbr class=\"published\" title=\"2016-05-03T11:37:16+00:00\">&#8230;<\/abbr><\/span><\/div>\n<div class=\"entry-thumbnails\"><em>Communiqu\u00e9 par Ariane Lelay<\/em><\/div>\n","protected":false},"excerpt":{"rendered":"<div class=\"mh-excerpt\">Samedi 18 Juin 2016, \u00e0 20h30, PLUME d&rsquo;Henri Michaux, adapt\u00e9 et jou\u00e9 par Anthony Le Foll, \u00e0 la grange Tourondel.<\/div>\n","protected":false},"author":2,"featured_media":0,"comment_status":"open","ping_status":"open","sticky":false,"template":"","format":"standard","meta":{"om_disable_all_campaigns":false,"advanced_seo_description":"","jetpack_seo_html_title":"","jetpack_seo_noindex":false,"_jetpack_memberships_contains_paid_content":false,"footnotes":"","_links_to":"","_links_to_target":""},"categories":[1,54,33,2419],"tags":[57,132,2556],"class_list":{"0":"post-29839","1":"post","2":"type-post","3":"status-publish","4":"format-standard","6":"category-culture","7":"category-loisirs","8":"category-puygaillard-de-quercy","9":"category-n-123-juin-2016","10":"tag-theatre","11":"tag-spectacle","12":"tag-puygaillard-de-quercy"},"jetpack_featured_media_url":"","views":{"total":2,"cached_at":"","cached_date":1738508956},"jetpack_likes_enabled":true,"jetpack_sharing_enabled":true,"jetpack_shortlink":"https:\/\/wp.me\/pg7Wxj-7Lh","jetpack-related-posts":[],"_links":{"self":[{"href":"https:\/\/www.o-p-i.fr\/parlonsen\/wp-json\/wp\/v2\/posts\/29839","targetHints":{"allow":["GET"]}}],"collection":[{"href":"https:\/\/www.o-p-i.fr\/parlonsen\/wp-json\/wp\/v2\/posts"}],"about":[{"href":"https:\/\/www.o-p-i.fr\/parlonsen\/wp-json\/wp\/v2\/types\/post"}],"author":[{"embeddable":true,"href":"https:\/\/www.o-p-i.fr\/parlonsen\/wp-json\/wp\/v2\/users\/2"}],"replies":[{"embeddable":true,"href":"https:\/\/www.o-p-i.fr\/parlonsen\/wp-json\/wp\/v2\/comments?post=29839"}],"version-history":[{"count":0,"href":"https:\/\/www.o-p-i.fr\/parlonsen\/wp-json\/wp\/v2\/posts\/29839\/revisions"}],"wp:attachment":[{"href":"https:\/\/www.o-p-i.fr\/parlonsen\/wp-json\/wp\/v2\/media?parent=29839"}],"wp:term":[{"taxonomy":"category","embeddable":true,"href":"https:\/\/www.o-p-i.fr\/parlonsen\/wp-json\/wp\/v2\/categories?post=29839"},{"taxonomy":"post_tag","embeddable":true,"href":"https:\/\/www.o-p-i.fr\/parlonsen\/wp-json\/wp\/v2\/tags?post=29839"}],"curies":[{"name":"wp","href":"https:\/\/api.w.org\/{rel}","templated":true}]}}