{"id":29850,"date":"2016-06-03T08:51:53","date_gmt":"2016-06-03T07:51:53","guid":{"rendered":"\/parlonsen\/?p=29850"},"modified":"2016-06-02T12:31:26","modified_gmt":"2016-06-02T11:31:26","slug":"3eme-rendez-vous-campagnards-a-montgaillard-81","status":"publish","type":"post","link":"https:\/\/www.o-p-i.fr\/parlonsen\/localisation\/au-pays-des-tescous\/montgaillard\/3eme-rendez-vous-campagnards-a-montgaillard-81\/","title":{"rendered":"3\u00e8me Rendez-Vous Campagnards &#8230; \u00e0 Montgaillard (81)"},"content":{"rendered":"<p>Randonn\u00e9e au lever du soleil pour f\u00eater le solstice le <strong>Lundi 20 Juin 2016<\/strong> ! <!--more--><\/p>\n<figure id=\"attachment_29857\" aria-describedby=\"caption-attachment-29857\" style=\"width: 720px\" class=\"wp-caption aligncenter\"><a href=\"https:\/\/i0.wp.com\/www.o-p-i.fr\/parlonsen\/wp-content\/uploads\/rdvcampagnards3montgaillard.jpg?ssl=1\"><img data-recalc-dims=\"1\" loading=\"lazy\" decoding=\"async\" class=\"size-full wp-image-29857\" src=\"https:\/\/i0.wp.com\/www.o-p-i.fr\/parlonsen\/wp-content\/uploads\/rdvcampagnards3montgaillard.jpg?resize=720%2C960&#038;ssl=1\" alt=\"3\u00e8me Rendez-Vous Campagnards ... \u00e0 Montgaillard (81)\" width=\"720\" height=\"960\" srcset=\"https:\/\/i0.wp.com\/www.o-p-i.fr\/parlonsen\/wp-content\/uploads\/rdvcampagnards3montgaillard.jpg?w=720&amp;ssl=1 720w, https:\/\/i0.wp.com\/www.o-p-i.fr\/parlonsen\/wp-content\/uploads\/rdvcampagnards3montgaillard.jpg?resize=225%2C300&amp;ssl=1 225w, https:\/\/i0.wp.com\/www.o-p-i.fr\/parlonsen\/wp-content\/uploads\/rdvcampagnards3montgaillard.jpg?resize=113%2C150&amp;ssl=1 113w, https:\/\/i0.wp.com\/www.o-p-i.fr\/parlonsen\/wp-content\/uploads\/rdvcampagnards3montgaillard.jpg?resize=400%2C533&amp;ssl=1 400w\" sizes=\"auto, (max-width: 720px) 100vw, 720px\" \/><\/a><figcaption id=\"caption-attachment-29857\" class=\"wp-caption-text\">3\u00e8me Rendez-Vous Campagnards &#8230; \u00e0 Montgaillard (81)<\/figcaption><\/figure>\n<p><strong>Tarifs :<\/strong><br \/>\nGratuit<\/p>\n<p><strong>Contact :<\/strong> Estelle<br \/>\nT\u00e9l. : 05 81 40 75 45<br \/>\nCourriel : <a href=\"mailto:estelle.kydjian@sfr.fr\">estelle.kydjian@sfr.fr<\/a><\/p>\n","protected":false},"excerpt":{"rendered":"<div class=\"mh-excerpt\">Randonn\u00e9e au lever du soleil pour f\u00eater le solstice le Lundi 20 Juin 2016 !<\/div>\n","protected":false},"author":2,"featured_media":0,"comment_status":"open","ping_status":"open","sticky":false,"template":"","format":"standard","meta":{"om_disable_all_campaigns":false,"advanced_seo_description":"","jetpack_seo_html_title":"","jetpack_seo_noindex":false,"_jetpack_memberships_contains_paid_content":false,"footnotes":"","_links_to":"","_links_to_target":""},"categories":[603,54,31,53,2419],"tags":[166,2554,330,332,2533],"class_list":{"0":"post-29850","1":"post","2":"type-post","3":"status-publish","4":"format-standard","6":"category-vive-lete","7":"category-loisirs","8":"category-montgaillard","9":"category-sports","10":"category-n-123-juin-2016","11":"tag-randonnee","12":"tag-montgaillard","13":"tag-rencontre","14":"tag-ete","15":"tag-solstice"},"jetpack_featured_media_url":"","views":{"total":0,"cached_at":"","cached_date":1738536565},"jetpack_likes_enabled":true,"jetpack_sharing_enabled":true,"jetpack_shortlink":"https:\/\/wp.me\/pg7Wxj-7Ls","jetpack-related-posts":[],"_links":{"self":[{"href":"https:\/\/www.o-p-i.fr\/parlonsen\/wp-json\/wp\/v2\/posts\/29850","targetHints":{"allow":["GET"]}}],"collection":[{"href":"https:\/\/www.o-p-i.fr\/parlonsen\/wp-json\/wp\/v2\/posts"}],"about":[{"href":"https:\/\/www.o-p-i.fr\/parlonsen\/wp-json\/wp\/v2\/types\/post"}],"author":[{"embeddable":true,"href":"https:\/\/www.o-p-i.fr\/parlonsen\/wp-json\/wp\/v2\/users\/2"}],"replies":[{"embeddable":true,"href":"https:\/\/www.o-p-i.fr\/parlonsen\/wp-json\/wp\/v2\/comments?post=29850"}],"version-history":[{"count":0,"href":"https:\/\/www.o-p-i.fr\/parlonsen\/wp-json\/wp\/v2\/posts\/29850\/revisions"}],"wp:attachment":[{"href":"https:\/\/www.o-p-i.fr\/parlonsen\/wp-json\/wp\/v2\/media?parent=29850"}],"wp:term":[{"taxonomy":"category","embeddable":true,"href":"https:\/\/www.o-p-i.fr\/parlonsen\/wp-json\/wp\/v2\/categories?post=29850"},{"taxonomy":"post_tag","embeddable":true,"href":"https:\/\/www.o-p-i.fr\/parlonsen\/wp-json\/wp\/v2\/tags?post=29850"}],"curies":[{"name":"wp","href":"https:\/\/api.w.org\/{rel}","templated":true}]}}