{"id":2989,"date":"2010-03-22T13:29:28","date_gmt":"2010-03-22T11:29:28","guid":{"rendered":"\/parlonsen\/?p=2989"},"modified":"2010-03-22T13:30:04","modified_gmt":"2010-03-22T11:30:04","slug":"plantation-de-haies-aux-sourigous","status":"publish","type":"post","link":"https:\/\/www.o-p-i.fr\/parlonsen\/localisation\/au-pays-des-tescous\/salvagnac\/plantation-de-haies-aux-sourigous\/","title":{"rendered":"Plantation de haies aux Sourigous"},"content":{"rendered":"<p style=\"text-align: justify;\">Une <span style=\"color: #008000;\"><strong>plantation d&rsquo;arbres et de haies<\/strong><\/span> doit se faire dans les jours et semaines qui viennent sur la <span style=\"color: #008000;\"><strong>base de loisirs des Sourigous<\/strong><\/span>.<!--more--><\/p>\n<p style=\"text-align: justify;\">Le but : <span style=\"color: #008000;\"><strong>cr\u00e9er du paysage et revaloriser l&rsquo;aspect accueil et nature<\/strong><\/span> de ce petit coin de verdure pr\u00e9serv\u00e9e au bord de la RD999 \u00e0 la porte Nord Ouest du Tarn. Ce projet est financ\u00e9 par la Communaut\u00e9 de Communes du pays Salvagnacois, la maitrise d&rsquo;\u009c\u0153uvre est assur\u00e9e par Antony Meunier du Syndicat de rivi\u00e8res Tescou et Tescounet.<\/p>\n<p style=\"text-align: justify;\">Les travaux de pr\u00e9paration du terrain ont d\u00e9j\u00e0 \u00e9t\u00e9 r\u00e9alis\u00e9s \u00e0 titre b\u00e9n\u00e9vole, les arbres et arbustes seront approvisionn\u00e9s avec le concours de l&rsquo;association \u00ab\u00a0<a title=\"Ouvre le site dans une nouvelle fen\u00eatre\" href=\"http:\/\/www.arbrespaysagestarnais.asso.fr\/\" target=\"_blank\">arbres et paysages Tarnais<\/a>\u00ab\u00a0. Il ne restera plus qu&rsquo;\u00e0 les planter.<\/p>\n<p style=\"text-align: justify;\">Et quoi de plus sympathique que d&rsquo;inviter  les associations Salvagnacoises \u00e0 participer au projet ?<\/p>\n<p style=\"text-align: justify;\">Pour que les choses se fassent quand m\u00eame dans un semblant d&rsquo;ordre, Antony Meunier (06.42.15.57.36), Bernard Villaret (06.86.79.87.72) et moi-m\u00eame (06.83.56.08.85) sommes \u00e0 votre disposition pour <span style=\"color: #008000;\"><strong>organiser quelques journ\u00e9es de plantation<\/strong><\/span>.<\/p>\n<p style=\"text-align: justify;\">On n&rsquo;oubliera pas d&rsquo;apporter pelles, b\u00eaches, r\u00e2teaux et huile de coude &#8230; sans oublier copains et famille !<\/p>\n<p style=\"text-align: justify;\">Casse croute sorti du sac sur les bords du lac, comme pour les randonn\u00e9es !<\/p>\n<p style=\"text-align: justify;\">Quand ?  Au plus t\u00f4t et selon les disponibilit\u00e9s de chacun.<\/p>\n<p><em>Communiqu\u00e9\u00a0 de Yves Raymond<\/em><\/p>\n","protected":false},"excerpt":{"rendered":"<div class=\"mh-excerpt\">Une plantation d&rsquo;arbres et de haies doit se faire dans les jours et semaines qui viennent sur la base de loisirs des Sourigous.<\/div>\n","protected":false},"author":8,"featured_media":0,"comment_status":"open","ping_status":"open","sticky":false,"template":"","format":"standard","meta":{"om_disable_all_campaigns":false,"advanced_seo_description":"","jetpack_seo_html_title":"","jetpack_seo_noindex":false,"_jetpack_memberships_contains_paid_content":false,"footnotes":"","_links_to":"","_links_to_target":""},"categories":[396,55,291,25,356],"tags":[121,417,418],"class_list":{"0":"post-2989","1":"post","2":"type-post","3":"status-publish","4":"format-standard","6":"category-cest-le-printemps","7":"category-environnement","8":"category-solidarite","9":"category-salvagnac","10":"category-n-47-mars-2010","11":"tag-association","12":"tag-plantation","13":"tag-haie"},"jetpack_featured_media_url":"","views":{"total":0,"cached_at":"","cached_date":1738515512},"jetpack_likes_enabled":true,"jetpack_sharing_enabled":true,"jetpack_shortlink":"https:\/\/wp.me\/pg7Wxj-Md","jetpack-related-posts":[],"_links":{"self":[{"href":"https:\/\/www.o-p-i.fr\/parlonsen\/wp-json\/wp\/v2\/posts\/2989","targetHints":{"allow":["GET"]}}],"collection":[{"href":"https:\/\/www.o-p-i.fr\/parlonsen\/wp-json\/wp\/v2\/posts"}],"about":[{"href":"https:\/\/www.o-p-i.fr\/parlonsen\/wp-json\/wp\/v2\/types\/post"}],"author":[{"embeddable":true,"href":"https:\/\/www.o-p-i.fr\/parlonsen\/wp-json\/wp\/v2\/users\/8"}],"replies":[{"embeddable":true,"href":"https:\/\/www.o-p-i.fr\/parlonsen\/wp-json\/wp\/v2\/comments?post=2989"}],"version-history":[{"count":0,"href":"https:\/\/www.o-p-i.fr\/parlonsen\/wp-json\/wp\/v2\/posts\/2989\/revisions"}],"wp:attachment":[{"href":"https:\/\/www.o-p-i.fr\/parlonsen\/wp-json\/wp\/v2\/media?parent=2989"}],"wp:term":[{"taxonomy":"category","embeddable":true,"href":"https:\/\/www.o-p-i.fr\/parlonsen\/wp-json\/wp\/v2\/categories?post=2989"},{"taxonomy":"post_tag","embeddable":true,"href":"https:\/\/www.o-p-i.fr\/parlonsen\/wp-json\/wp\/v2\/tags?post=2989"}],"curies":[{"name":"wp","href":"https:\/\/api.w.org\/{rel}","templated":true}]}}