{"id":29976,"date":"2016-06-20T08:00:58","date_gmt":"2016-06-20T07:00:58","guid":{"rendered":"\/parlonsen\/?p=29976"},"modified":"2016-06-15T14:51:32","modified_gmt":"2016-06-15T13:51:32","slug":"pour-une-agriculture-performante-preservant-leau-a-labege-31","status":"publish","type":"post","link":"https:\/\/www.o-p-i.fr\/parlonsen\/parlons-en\/culture\/pour-une-agriculture-performante-preservant-leau-a-labege-31\/","title":{"rendered":"Pour une agriculture performante pr\u00e9servant l&rsquo;eau &#8230; \u00e0 Lab\u00e8ge (31)"},"content":{"rendered":"<p>Journ\u00e9e en phase avec les enjeux de gestion de la ressource en eau dans le bassin du Tescou, le <strong>Jeudi 30 Juin 2016<\/strong> \u00e0 Lab\u00e8ge &#8211; Diagora,\u00a0 Centre de congr\u00e8s et d\u2019exposition. <!--more--><\/p>\n<figure id=\"attachment_29978\" aria-describedby=\"caption-attachment-29978\" style=\"width: 211px\" class=\"wp-caption alignright\"><a href=\"https:\/\/i0.wp.com\/www.o-p-i.fr\/parlonsen\/wp-content\/uploads\/adourgaronne.jpg?ssl=1\"><img data-recalc-dims=\"1\" loading=\"lazy\" decoding=\"async\" class=\"size-medium wp-image-29978\" src=\"https:\/\/i0.wp.com\/www.o-p-i.fr\/parlonsen\/wp-content\/uploads\/adourgaronne.jpg?resize=211%2C300&#038;ssl=1\" alt=\"Pour une agriculture performante pr\u00e9servant l'eau ... \u00e0 Lab\u00e8ge (31)\" width=\"211\" height=\"300\" srcset=\"https:\/\/i0.wp.com\/www.o-p-i.fr\/parlonsen\/wp-content\/uploads\/adourgaronne.jpg?resize=211%2C300&amp;ssl=1 211w, https:\/\/i0.wp.com\/www.o-p-i.fr\/parlonsen\/wp-content\/uploads\/adourgaronne.jpg?resize=105%2C150&amp;ssl=1 105w, https:\/\/i0.wp.com\/www.o-p-i.fr\/parlonsen\/wp-content\/uploads\/adourgaronne.jpg?resize=400%2C569&amp;ssl=1 400w, https:\/\/i0.wp.com\/www.o-p-i.fr\/parlonsen\/wp-content\/uploads\/adourgaronne.jpg?w=527&amp;ssl=1 527w\" sizes=\"auto, (max-width: 211px) 100vw, 211px\" \/><\/a><figcaption id=\"caption-attachment-29978\" class=\"wp-caption-text\">Pour une agriculture performante pr\u00e9servant l&rsquo;eau &#8230; \u00e0 Lab\u00e8ge (31)<\/figcaption><\/figure>\n<p style=\"text-align: justify;\">L\u2019agence de l\u2019eau Adour-Garonne organise\u00a0 un colloque sur le lien entre agriculture performante et qualit\u00e9 de l\u2019eau et des milieux aquatiques. Cette rencontre valorisera les diff\u00e9rents atouts d\u2019une agriculture qui concilie \u00e0 la fois performance et protection de l\u2019environnement.<br \/>\nDans notre bassin Adour-Garonne majoritairement rural, l\u2019activit\u00e9 agricole occupe une place importante tant en termes d\u2019occupation du sol que de poids \u00e9conomique avec la pr\u00e9sence de nombreuses fili\u00e8res diversifi\u00e9es. Autant d\u2019activit\u00e9s li\u00e9es \u00e0 l\u2019eau, en termes de besoins comme d\u2019impacts, qui n\u00e9cessitent de poursuivre l\u2019am\u00e9lioration des pratiques agricoles afin d\u2019atteindre le bon \u00e9tat des eaux et les objectifs du SDAGE Adour-Garonne.<br \/>\nDans ce contexte, de nombreuses exploitations engagent de nouvelles pratiques et d\u00e9veloppent des syst\u00e8mes de productions compatibles avec la qualit\u00e9 de l\u2019eau et des milieux aquatiques tout en garantissant la performance \u00e9conomique et la p\u00e9rennit\u00e9 de leur outil de travail. L\u2019agence de l\u2019eau soutient le d\u00e9veloppement de telles pratiques qui contribuent \u00e0 disposer d\u2019une eau de qualit\u00e9 et en quantit\u00e9.<br \/>\nCe colloque mettra en avant les t\u00e9moignages d\u2019agriculteurs, d\u2019organismes professionnels agricoles, de collectivit\u00e9s territoriales ainsi que d\u2019acteurs de la recherche et de la formation. Seront pr\u00e9sent\u00e9s les r\u00e9alisations, les projets ainsi que tous les soutiens possibles au d\u00e9veloppement de ces pratiques et techniques nouvelles. Une r\u00e9flexion sur les fili\u00e8res sera \u00e9galement partag\u00e9e avec les coop\u00e9ratives, la distribution et les consommateurs.<\/p>\n<p style=\"text-align: justify;\"><a href=\"https:\/\/www.o-p-i.fr\/parlonsen\/wp-content\/uploads\/programme-adourgaronne2016.pdf\">Voir le programme d\u00e9taill\u00e9 ici !<\/a><\/p>\n<p><strong>Contact :<\/strong> Agence de l&rsquo;eau Adour Garonne<br \/>\nCourriel : <a href=\"mailto:colloque@eau-adour-garonne.fr\">colloque@eau-adour-garonne.fr<\/a><br \/>\nSite : <a href=\"http:\/\/www.eau-adour-garonne.fr\" target=\"_blank\">www.eau-adour-garonne.fr<\/a> &#8211; Rubrique \u00c9v\u00e9nement<\/p>\n<p><em>Communiqu\u00e9 par \u00c9tienne COMBES, Syndicat Mixte du Tescou<\/em><\/p>\n","protected":false},"excerpt":{"rendered":"<div class=\"mh-excerpt\">Journ\u00e9e en phase avec les enjeux de gestion de la ressource en eau dans le bassin du Tescou, le Jeudi 30 Juin 2016 \u00e0 Lab\u00e8ge &#8211; Diagora,\u00a0 Centre de congr\u00e8s et d\u2019exposition.<\/div>\n","protected":false},"author":2,"featured_media":0,"comment_status":"open","ping_status":"open","sticky":false,"template":"","format":"standard","meta":{"om_disable_all_campaigns":false,"advanced_seo_description":"","jetpack_seo_html_title":"","jetpack_seo_noindex":false,"_jetpack_memberships_contains_paid_content":false,"footnotes":"","_links_to":"","_links_to_target":""},"categories":[3,42,1,1276,55,725,2419],"tags":[189,234,2562,330,2539,590,777,1332],"class_list":{"0":"post-29976","1":"post","2":"type-post","3":"status-publish","4":"format-standard","6":"category-agriculture","7":"category-a-cote-de-chez-nous","8":"category-culture","9":"category-economie-parlons-en","10":"category-environnement","11":"category-formation-parlons-en","12":"category-n-123-juin-2016","13":"tag-debat","14":"tag-conference","15":"tag-environnement","16":"tag-rencontre","17":"tag-agriculture","18":"tag-eau","19":"tag-respect-de-lenvironnement","20":"tag-adour-garonne"},"jetpack_featured_media_url":"","views":{"total":0,"cached_at":"","cached_date":1738517633},"jetpack_likes_enabled":true,"jetpack_sharing_enabled":true,"jetpack_shortlink":"https:\/\/wp.me\/pg7Wxj-7Nu","jetpack-related-posts":[],"_links":{"self":[{"href":"https:\/\/www.o-p-i.fr\/parlonsen\/wp-json\/wp\/v2\/posts\/29976","targetHints":{"allow":["GET"]}}],"collection":[{"href":"https:\/\/www.o-p-i.fr\/parlonsen\/wp-json\/wp\/v2\/posts"}],"about":[{"href":"https:\/\/www.o-p-i.fr\/parlonsen\/wp-json\/wp\/v2\/types\/post"}],"author":[{"embeddable":true,"href":"https:\/\/www.o-p-i.fr\/parlonsen\/wp-json\/wp\/v2\/users\/2"}],"replies":[{"embeddable":true,"href":"https:\/\/www.o-p-i.fr\/parlonsen\/wp-json\/wp\/v2\/comments?post=29976"}],"version-history":[{"count":0,"href":"https:\/\/www.o-p-i.fr\/parlonsen\/wp-json\/wp\/v2\/posts\/29976\/revisions"}],"wp:attachment":[{"href":"https:\/\/www.o-p-i.fr\/parlonsen\/wp-json\/wp\/v2\/media?parent=29976"}],"wp:term":[{"taxonomy":"category","embeddable":true,"href":"https:\/\/www.o-p-i.fr\/parlonsen\/wp-json\/wp\/v2\/categories?post=29976"},{"taxonomy":"post_tag","embeddable":true,"href":"https:\/\/www.o-p-i.fr\/parlonsen\/wp-json\/wp\/v2\/tags?post=29976"}],"curies":[{"name":"wp","href":"https:\/\/api.w.org\/{rel}","templated":true}]}}