{"id":29983,"date":"2016-06-16T07:45:50","date_gmt":"2016-06-16T06:45:50","guid":{"rendered":"\/parlonsen\/?p=29983"},"modified":"2016-06-16T07:13:59","modified_gmt":"2016-06-16T06:13:59","slug":"scenes-de-la-vie-medievale-a-rabastens-81","status":"publish","type":"post","link":"https:\/\/www.o-p-i.fr\/parlonsen\/parlons-en\/culture\/scenes-de-la-vie-medievale-a-rabastens-81\/","title":{"rendered":"Sc\u00e8nes de la vie m\u00e9di\u00e9vale &#8230; \u00e0 Rabastens (81)"},"content":{"rendered":"<p style=\"text-align: justify;\">Th\u00e9\u00e2tre en plein air <strong>Dimanche 3 Juillet 2016<\/strong> \u00e0 17h, Amphitheatre des Asquith.\u00a0<!--more--><\/p>\n<figure id=\"attachment_29985\" aria-describedby=\"caption-attachment-29985\" style=\"width: 400px\" class=\"wp-caption alignright\"><a href=\"https:\/\/i0.wp.com\/www.o-p-i.fr\/parlonsen\/wp-content\/uploads\/scenesdelaviemedievale.jpg?ssl=1\"><img data-recalc-dims=\"1\" loading=\"lazy\" decoding=\"async\" class=\"wp-image-29985\" src=\"https:\/\/i0.wp.com\/www.o-p-i.fr\/parlonsen\/wp-content\/uploads\/scenesdelaviemedievale.jpg?resize=400%2C575&#038;ssl=1\" alt=\"Sc\u00e8nes de la vie m\u00e9di\u00e9vale ... \u00e0 Rabastens (81)\" width=\"400\" height=\"575\" srcset=\"https:\/\/i0.wp.com\/www.o-p-i.fr\/parlonsen\/wp-content\/uploads\/scenesdelaviemedievale.jpg?w=466&amp;ssl=1 466w, https:\/\/i0.wp.com\/www.o-p-i.fr\/parlonsen\/wp-content\/uploads\/scenesdelaviemedievale.jpg?resize=209%2C300&amp;ssl=1 209w, https:\/\/i0.wp.com\/www.o-p-i.fr\/parlonsen\/wp-content\/uploads\/scenesdelaviemedievale.jpg?resize=104%2C150&amp;ssl=1 104w, https:\/\/i0.wp.com\/www.o-p-i.fr\/parlonsen\/wp-content\/uploads\/scenesdelaviemedievale.jpg?resize=400%2C575&amp;ssl=1 400w\" sizes=\"auto, (max-width: 400px) 100vw, 400px\" \/><\/a><figcaption id=\"caption-attachment-29985\" class=\"wp-caption-text\">Sc\u00e8nes de la vie m\u00e9di\u00e9vale &#8230; \u00e0 Rabastens (81)<\/figcaption><\/figure>\n<p style=\"text-align: justify;\">Apr\u00e8s \u00ab Sur les remparts de Rabastens \u00bb, John Asquith et Maryk Choley-Asquith, avec le support de l&rsquo;association Com\u00e9dies Pyr\u00e9n\u00e9es, entra\u00eenent leur troupe dans une nouvelle aventure, \u00e0 venir voir dans un th\u00e9\u00e2tre de verdure en pleine nature.<br \/>\nPlusieurs histoires s&rsquo;entrem\u00ealent, toutes centr\u00e9es sur la place de la femme dans la soci\u00e9t\u00e9 m\u00e9di\u00e9vale, aux aspects contradictoires\u2026<br \/>\nBeaucoup de l\u00e9g\u00e8ret\u00e9 et de comique dans cette pi\u00e8ce o\u00f9 il est souvent question de \u00ab\u00a0la chose\u00a0\u00bb de fa\u00e7on parfois inattendue\u2026<br \/>\nAvec une vingtaine d&rsquo;acteurs et de nombreux figurants gonfl\u00e9s \u00e0 bloc !<\/p>\n<p style=\"text-align: justify;\"><strong>Pour y aller &#8230;<\/strong><br \/>\n<a href=\"https:\/\/goo.gl\/maps\/5osZrBabETn\" target=\"_blank\">Route de Grazac <\/a><br \/>\n<a href=\"https:\/\/goo.gl\/maps\/5osZrBabETn\" target=\"_blank\">81800 Rabastens<\/a><\/p>\n<p style=\"text-align: justify;\"><strong>Tarifs\u00a0 :<\/strong><br \/>\nUnique : 6 \u20ac<\/p>\n<p style=\"text-align: justify;\"><strong>Contact :<\/strong> <a href=\"https:\/\/www.o-p-i.fr\/aupays\/annuaire\/loisirs\/comedies-musicales\/\" rel=\"bookmark\">SAS Asquith Show Cie<\/a><\/p>\n<div class=\"entry-thumbnails\" style=\"text-align: justify;\"><a href=\"https:\/\/www.o-p-i.fr\/aupays\/annuaire\/loisirs\/comedies-musicales\/\"><img decoding=\"async\" title=\"SAS Asquith Show Cie\" src=\"https:\/\/www.o-p-i.fr\/aupays\/wp-content\/themes\/arras-theme\/library\/timthumb.php?src=https:\/\/www.o-p-i.fr\/aupays\/wp-content\/uploads\/logo_asquithshowcie.jpg&amp;w=190&amp;h=100&amp;zc=1\" alt=\"SAS Asquith Show Cie\" \/><\/a><span class=\"entry-meta\"><abbr class=\"published\" title=\"2016-05-17T21:00:14+00:00\">&#8230;<\/abbr><\/span><\/div>\n<p style=\"text-align: justify;\"><em>Communiqu\u00e9 par Samantha, Service Patrimoine et Culture Communaut\u00e9 de communes du Rabastinois<\/em><\/p>\n","protected":false},"excerpt":{"rendered":"<div class=\"mh-excerpt\">Th\u00e9\u00e2tre en plein air Dimanche 3 Juillet 2016 \u00e0 17h, Amphitheatre des Asquith.\u00a0<\/div>\n","protected":false},"author":2,"featured_media":0,"comment_status":"open","ping_status":"open","sticky":false,"template":"","format":"standard","meta":{"om_disable_all_campaigns":false,"advanced_seo_description":"","jetpack_seo_html_title":"","jetpack_seo_noindex":false,"_jetpack_memberships_contains_paid_content":false,"footnotes":"","_links_to":"","_links_to_target":""},"categories":[42,1,603,54,2477],"tags":[1843,57,72,132,680],"class_list":{"0":"post-29983","1":"post","2":"type-post","3":"status-publish","4":"format-standard","6":"category-a-cote-de-chez-nous","7":"category-culture","8":"category-vive-lete","9":"category-loisirs","10":"category-n-124-juillet-2016","11":"tag-theatre-de-verdure","12":"tag-theatre","13":"tag-rabastens","14":"tag-spectacle","15":"tag-moyen-age"},"jetpack_featured_media_url":"","views":{"total":0,"cached_at":"","cached_date":1738517807},"jetpack_likes_enabled":true,"jetpack_sharing_enabled":true,"jetpack_shortlink":"https:\/\/wp.me\/pg7Wxj-7NB","jetpack-related-posts":[],"_links":{"self":[{"href":"https:\/\/www.o-p-i.fr\/parlonsen\/wp-json\/wp\/v2\/posts\/29983","targetHints":{"allow":["GET"]}}],"collection":[{"href":"https:\/\/www.o-p-i.fr\/parlonsen\/wp-json\/wp\/v2\/posts"}],"about":[{"href":"https:\/\/www.o-p-i.fr\/parlonsen\/wp-json\/wp\/v2\/types\/post"}],"author":[{"embeddable":true,"href":"https:\/\/www.o-p-i.fr\/parlonsen\/wp-json\/wp\/v2\/users\/2"}],"replies":[{"embeddable":true,"href":"https:\/\/www.o-p-i.fr\/parlonsen\/wp-json\/wp\/v2\/comments?post=29983"}],"version-history":[{"count":0,"href":"https:\/\/www.o-p-i.fr\/parlonsen\/wp-json\/wp\/v2\/posts\/29983\/revisions"}],"wp:attachment":[{"href":"https:\/\/www.o-p-i.fr\/parlonsen\/wp-json\/wp\/v2\/media?parent=29983"}],"wp:term":[{"taxonomy":"category","embeddable":true,"href":"https:\/\/www.o-p-i.fr\/parlonsen\/wp-json\/wp\/v2\/categories?post=29983"},{"taxonomy":"post_tag","embeddable":true,"href":"https:\/\/www.o-p-i.fr\/parlonsen\/wp-json\/wp\/v2\/tags?post=29983"}],"curies":[{"name":"wp","href":"https:\/\/api.w.org\/{rel}","templated":true}]}}