{"id":29987,"date":"2016-06-16T08:40:00","date_gmt":"2016-06-16T07:40:00","guid":{"rendered":"\/parlonsen\/?p=29987"},"modified":"2016-06-16T08:40:00","modified_gmt":"2016-06-16T07:40:00","slug":"fete-de-la-musique-a-salvagnac-81-3","status":"publish","type":"post","link":"https:\/\/www.o-p-i.fr\/parlonsen\/parlons-en\/culture\/fete-de-la-musique-a-salvagnac-81-3\/","title":{"rendered":"F\u00eate de la Musique  &#8230; \u00e0 Salvagnac (81)"},"content":{"rendered":"<p>Les 5 Oreilles seront le <strong>Mardi 21 Juin 2016<\/strong>, d\u00e8s 19h30 au Galetas.\u00a0 <!--more--><\/p>\n<figure id=\"attachment_29988\" aria-describedby=\"caption-attachment-29988\" style=\"width: 300px\" class=\"wp-caption alignright\"><a href=\"https:\/\/i0.wp.com\/www.o-p-i.fr\/parlonsen\/wp-content\/uploads\/les5oreilles.jpg?ssl=1\"><img data-recalc-dims=\"1\" loading=\"lazy\" decoding=\"async\" class=\"size-medium wp-image-29988\" src=\"https:\/\/i0.wp.com\/www.o-p-i.fr\/parlonsen\/wp-content\/uploads\/les5oreilles.jpg?resize=300%2C202&#038;ssl=1\" alt=\"Les 5 Oreilles  au Galetas.  \" width=\"300\" height=\"202\" srcset=\"https:\/\/i0.wp.com\/www.o-p-i.fr\/parlonsen\/wp-content\/uploads\/les5oreilles.jpg?resize=300%2C202&amp;ssl=1 300w, https:\/\/i0.wp.com\/www.o-p-i.fr\/parlonsen\/wp-content\/uploads\/les5oreilles.jpg?resize=150%2C101&amp;ssl=1 150w, https:\/\/i0.wp.com\/www.o-p-i.fr\/parlonsen\/wp-content\/uploads\/les5oreilles.jpg?resize=400%2C269&amp;ssl=1 400w, https:\/\/i0.wp.com\/www.o-p-i.fr\/parlonsen\/wp-content\/uploads\/les5oreilles.jpg?w=800&amp;ssl=1 800w\" sizes=\"auto, (max-width: 300px) 100vw, 300px\" \/><\/a><figcaption id=\"caption-attachment-29988\" class=\"wp-caption-text\">Les 5 Oreilles au Galetas.<\/figcaption><\/figure>\n<p><strong>Les 5 Oreilles<\/strong><br \/>\n<em>R\u00e9pertoire totalement foutraque et international.<\/em><\/p>\n<p>Cinq Oreilles est un trio compos\u00e9 de 3 personnes, 3 instruments et 3 chanteurs, ce qui fait que \u00e7a peut faire autant de potin que s&rsquo;ils \u00e9taient 9.<br \/>\nLe r\u00e9pertoire est un m\u00e9lange savamment bord\u00e9lique, foutraque \u00e0 souhait, international toutefois, qui balade d&rsquo;un bout du monde \u00e0 l&rsquo;autre, du moment que \u00e7a fait remuer les genoux et les cheveux.<\/p>\n<p><strong>Tarifs :<\/strong><br \/>\nConcert : gratuit<br \/>\nPaella : 7 \u20ac l&rsquo;assiette<\/p>\n<p><em>R\u00e9servation obligatoire pour la paella.<\/em><\/p>\n<p><strong>Contact :<\/strong> Le Galetas<br \/>\nAncien presbyt\u00e8re<br \/>\nPlace de l\u2019\u00c9glise<br \/>\n81630 Salvagnac<br \/>\nT\u00e9l. :\u00a0 06 78 30 92 81<br \/>\nCourriel : <a href=\"mailto:galetas.salvagnac@gmail.com\">galetas.salvagnac@gmail.com<\/a><\/p>\n<p><em>Communiqu\u00e9 de L\u2019\u00e9quipe du Galetas \/ collectif Places en f\u00eate<\/em><\/p>\n<p><strong><\/p>\n<p><\/strong><\/p>\n<p><em>Communiqu\u00e9 par\u00a0<\/em><\/p>\n","protected":false},"excerpt":{"rendered":"<div class=\"mh-excerpt\">Les 5 Oreilles seront le Mardi 21 Juin 2016, d\u00e8s 19h30 au Galetas.\u00a0<\/div>\n","protected":false},"author":2,"featured_media":0,"comment_status":"open","ping_status":"open","sticky":false,"template":"","format":"standard","meta":{"om_disable_all_campaigns":false,"advanced_seo_description":"","jetpack_seo_html_title":"","jetpack_seo_noindex":false,"_jetpack_memberships_contains_paid_content":false,"footnotes":"","_links_to":"","_links_to_target":""},"categories":[1,603,54,25,2419],"tags":[43,2548,580,1319,1808],"class_list":{"0":"post-29987","1":"post","2":"type-post","3":"status-publish","4":"format-standard","6":"category-culture","7":"category-vive-lete","8":"category-loisirs","9":"category-salvagnac","10":"category-n-123-juin-2016","11":"tag-concert","12":"tag-salvagnac","13":"tag-fete-de-la-musique","14":"tag-le-galetas","15":"tag-paella"},"jetpack_featured_media_url":"","views":{"total":0,"cached_at":"","cached_date":1738525775},"jetpack_likes_enabled":true,"jetpack_sharing_enabled":true,"jetpack_shortlink":"https:\/\/wp.me\/pg7Wxj-7NF","jetpack-related-posts":[],"_links":{"self":[{"href":"https:\/\/www.o-p-i.fr\/parlonsen\/wp-json\/wp\/v2\/posts\/29987","targetHints":{"allow":["GET"]}}],"collection":[{"href":"https:\/\/www.o-p-i.fr\/parlonsen\/wp-json\/wp\/v2\/posts"}],"about":[{"href":"https:\/\/www.o-p-i.fr\/parlonsen\/wp-json\/wp\/v2\/types\/post"}],"author":[{"embeddable":true,"href":"https:\/\/www.o-p-i.fr\/parlonsen\/wp-json\/wp\/v2\/users\/2"}],"replies":[{"embeddable":true,"href":"https:\/\/www.o-p-i.fr\/parlonsen\/wp-json\/wp\/v2\/comments?post=29987"}],"version-history":[{"count":0,"href":"https:\/\/www.o-p-i.fr\/parlonsen\/wp-json\/wp\/v2\/posts\/29987\/revisions"}],"wp:attachment":[{"href":"https:\/\/www.o-p-i.fr\/parlonsen\/wp-json\/wp\/v2\/media?parent=29987"}],"wp:term":[{"taxonomy":"category","embeddable":true,"href":"https:\/\/www.o-p-i.fr\/parlonsen\/wp-json\/wp\/v2\/categories?post=29987"},{"taxonomy":"post_tag","embeddable":true,"href":"https:\/\/www.o-p-i.fr\/parlonsen\/wp-json\/wp\/v2\/tags?post=29987"}],"curies":[{"name":"wp","href":"https:\/\/api.w.org\/{rel}","templated":true}]}}